{"id":961,"date":"2013-10-22T08:00:34","date_gmt":"2013-10-22T06:00:34","guid":{"rendered":"http:\/\/www.ge-sagt.de\/?p=961"},"modified":"2016-10-25T14:06:26","modified_gmt":"2016-10-25T12:06:26","slug":"ge-bastelt-diy-schmetterlings-mobile","status":"publish","type":"post","link":"https:\/\/www.ge-sagt.de\/index.php\/ge-bastelt-diy-schmetterlings-mobile\/","title":{"rendered":"Ge-bastelt: DIY Schmetterlings-Mobile"},"content":{"rendered":"<p style=\"text-align: justify;\"><img decoding=\"async\" data-attachment-id=\"966\" data-permalink=\"https:\/\/www.ge-sagt.de\/index.php\/ge-bastelt-diy-schmetterlings-mobile\/schnetterling3\/\" data-orig-file=\"https:\/\/www.ge-sagt.de\/wp-content\/uploads\/2013\/10\/schnetterling3.jpg\" data-orig-size=\"533,800\" data-comments-opened=\"1\" data-image-meta=\"{&quot;aperture&quot;:&quot;1.8&quot;,&quot;credit&quot;:&quot;&quot;,&quot;camera&quot;:&quot;Canon EOS 1000D&quot;,&quot;caption&quot;:&quot;&quot;,&quot;created_timestamp&quot;:&quot;1381068459&quot;,&quot;copyright&quot;:&quot;&quot;,&quot;focal_length&quot;:&quot;50&quot;,&quot;iso&quot;:&quot;200&quot;,&quot;shutter_speed&quot;:&quot;0.01&quot;,&quot;title&quot;:&quot;&quot;}\" data-image-title=\"schnetterling3\" data-image-description=\"\" data-image-caption=\"\" data-large-file=\"https:\/\/www.ge-sagt.de\/wp-content\/uploads\/2013\/10\/schnetterling3.jpg\" class=\"aligncenter size-full wp-image-966\" src=\"http:\/\/www.ge-sagt.de\/wp-content\/uploads\/2013\/10\/schnetterling3.jpg\" alt=\"schnetterling3\" width=\"533\" height=\"800\" srcset=\"https:\/\/www.ge-sagt.de\/wp-content\/uploads\/2013\/10\/schnetterling3-199x300.jpg 199w, https:\/\/www.ge-sagt.de\/wp-content\/uploads\/2013\/10\/schnetterling3.jpg 533w\" sizes=\"(max-width: 533px) 100vw, 533px\" \/><\/p>\n<p style=\"text-align: justify;\">Wie Ihr vielleicht wisst bin ich ein gro\u00dfer Fan von <a title=\"Vogelmobile\" href=\"http:\/\/www.ge-sagt.de\/index.php\/ge-naht-vogelmobile\/\" target=\"_blank\">Mobiles<\/a>. Insbesondere Alexander Calder hat diese Kunstform genutzt und eines seiner Zitate lautet: \u201c<i>Wenn alles klappt, ist ein Mobile ein St\u00fcck Poesie, das vor Lebensfreude tanzt und \u00fcberrascht.<\/i>\u201c (Jacob Baal-Teshuva: <i>Alexander Calder 1898\u20131976<\/i>. Verlag Taschen, ISBN 3-8228-7915-0).<br \/>\nIch finde f\u00fcr Kinder gibt es so unglaublich viele sch\u00f6ne Ideen f\u00fcr Mobiles. Zudem mag ich die langsame und beruhigende Bewegung dieser Arrangments. Und so bastel ich immer wieder gerne Mobiles f\u00fcr meine kleine Tochter. Dieses sch\u00f6ne Schmetterlingsmobile habe<br \/>\nich haupts\u00e4chlich aus Papier hergestellt und es befindet sich \u00fcber unserem Wickletisch. Es ist kein klassisches Mobile das an F\u00e4den aufgeh\u00e4ngt wird, sondern ich habe in diesem Fall die Perlonseile unserer Galerieleisten benutzt. Diese Seile (ich finde d\u00fcnne Plastikst\u00e4be trifft es beser) sind stabil und flexibel und biegen sich sch\u00f6n rund, wenn das Gewicht mit dem sie belastet werden nicht zu hoch ist. Daher habe ich die Schmetterlinge aus Karton gebastelt. Ich habe mir eine Vorlage f\u00fcr Schmetterlinge rausgesucht, abgepauscht und ausgeschnitten. Mit dieser Vorlage habe ich dann aus verschiedenen Farben des Tonpapiers weitere Schmetterlinge hergestellt.<\/p>\n<p style=\"text-align: justify;\"><img decoding=\"async\" data-attachment-id=\"964\" data-permalink=\"https:\/\/www.ge-sagt.de\/index.php\/ge-bastelt-diy-schmetterlings-mobile\/schnetterling1\/\" data-orig-file=\"https:\/\/www.ge-sagt.de\/wp-content\/uploads\/2013\/10\/schnetterling1.jpg\" data-orig-size=\"800,533\" data-comments-opened=\"1\" data-image-meta=\"{&quot;aperture&quot;:&quot;1.8&quot;,&quot;credit&quot;:&quot;&quot;,&quot;camera&quot;:&quot;Canon EOS 1000D&quot;,&quot;caption&quot;:&quot;&quot;,&quot;created_timestamp&quot;:&quot;1381067821&quot;,&quot;copyright&quot;:&quot;&quot;,&quot;focal_length&quot;:&quot;50&quot;,&quot;iso&quot;:&quot;200&quot;,&quot;shutter_speed&quot;:&quot;0.001&quot;,&quot;title&quot;:&quot;&quot;}\" data-image-title=\"schnetterling1\" data-image-description=\"\" data-image-caption=\"\" data-large-file=\"https:\/\/www.ge-sagt.de\/wp-content\/uploads\/2013\/10\/schnetterling1.jpg\" class=\"aligncenter wp-image-964 size-medium\" src=\"http:\/\/www.ge-sagt.de\/wp-content\/uploads\/2013\/10\/schnetterling1-600x399.jpg\" alt=\"schnetterling1\" width=\"600\" height=\"399\" srcset=\"https:\/\/www.ge-sagt.de\/wp-content\/uploads\/2013\/10\/schnetterling1-450x300.jpg 450w, https:\/\/www.ge-sagt.de\/wp-content\/uploads\/2013\/10\/schnetterling1-600x399.jpg 600w, https:\/\/www.ge-sagt.de\/wp-content\/uploads\/2013\/10\/schnetterling1.jpg 800w\" sizes=\"(max-width: 600px) 100vw, 600px\" \/><\/p>\n<p style=\"text-align: justify;\">F\u00fcr das Mobile habe ich einige Schmetterlinge aus zwei \u00fcbereinanderliegen Lagen Tonpapier zusammen gelegt, und die Fl\u00fcgel in leicht unterschiedlichen Winkeln angeknickt. So wollte ich das Flattern der Fl\u00fcgel darstellen. Da die Schmetterlinge ja haupts\u00e4chlich von unten angeschaut werden, habe ich darauf geachtet, dass gerade die Unterseiten eine sch\u00f6ne Farbvielfalt wieder spiegeln.<\/p>\n<p style=\"text-align: justify;\"><img decoding=\"async\" data-attachment-id=\"967\" data-permalink=\"https:\/\/www.ge-sagt.de\/index.php\/ge-bastelt-diy-schmetterlings-mobile\/schnetterling4\/\" data-orig-file=\"https:\/\/www.ge-sagt.de\/wp-content\/uploads\/2013\/10\/schnetterling4.jpg\" data-orig-size=\"800,533\" data-comments-opened=\"1\" data-image-meta=\"{&quot;aperture&quot;:&quot;1.8&quot;,&quot;credit&quot;:&quot;&quot;,&quot;camera&quot;:&quot;Canon EOS 1000D&quot;,&quot;caption&quot;:&quot;&quot;,&quot;created_timestamp&quot;:&quot;1381068495&quot;,&quot;copyright&quot;:&quot;&quot;,&quot;focal_length&quot;:&quot;50&quot;,&quot;iso&quot;:&quot;200&quot;,&quot;shutter_speed&quot;:&quot;0.01&quot;,&quot;title&quot;:&quot;&quot;}\" data-image-title=\"schnetterling4\" data-image-description=\"\" data-image-caption=\"\" data-large-file=\"https:\/\/www.ge-sagt.de\/wp-content\/uploads\/2013\/10\/schnetterling4.jpg\" class=\"aligncenter wp-image-967 size-medium\" src=\"http:\/\/www.ge-sagt.de\/wp-content\/uploads\/2013\/10\/schnetterling4-600x399.jpg\" alt=\"schnetterling4\" width=\"600\" height=\"399\" srcset=\"https:\/\/www.ge-sagt.de\/wp-content\/uploads\/2013\/10\/schnetterling4-450x300.jpg 450w, https:\/\/www.ge-sagt.de\/wp-content\/uploads\/2013\/10\/schnetterling4-600x399.jpg 600w, https:\/\/www.ge-sagt.de\/wp-content\/uploads\/2013\/10\/schnetterling4.jpg 800w\" sizes=\"(max-width: 600px) 100vw, 600px\" \/><\/p>\n<p style=\"text-align: justify;\">F\u00fcr die Befestigung der Schmetterlinge an den Perlonseilen habe ich mit einem Nagel ein Loch durch das Papier vorgebohrt und anschlie\u00dfend das Perlonseil durchgef\u00e4delt. Das Ende habe ich mit einer kleinen Holzkugel gesichert. Hier lie\u00df sich das Perlonseil am besten durchf\u00e4deln, wenn man es leicht schr\u00e4g anschneidet, so dass eine kleine Spitze entsteht. Bei richtig kleinen Kindern mu\u00df man nat\u00fcrlich daf\u00fcr sorgen, dass diese Holzperlen nicht wieder durch kleine Kinderh\u00e4nde abgezupft werden k\u00f6nnen, den ruckzuck sind die im Mund. Daf\u00fcr kann man die Spitze der durchgef\u00e4delten Perlonseile aber sehr gut mit einen Feuerzeug erw\u00e4rmen und auf einer harten kalten Oberfl\u00e4che zusammendr\u00fccken, so das die Perlen nicht mehr abgenommen werden k\u00f6nnen.<\/p>\n<p style=\"text-align: justify;\"><img decoding=\"async\" data-attachment-id=\"965\" data-permalink=\"https:\/\/www.ge-sagt.de\/index.php\/ge-bastelt-diy-schmetterlings-mobile\/schnetterling2\/\" data-orig-file=\"https:\/\/www.ge-sagt.de\/wp-content\/uploads\/2013\/10\/schnetterling2.jpg\" data-orig-size=\"800,533\" data-comments-opened=\"1\" data-image-meta=\"{&quot;aperture&quot;:&quot;1.8&quot;,&quot;credit&quot;:&quot;&quot;,&quot;camera&quot;:&quot;Canon EOS 1000D&quot;,&quot;caption&quot;:&quot;&quot;,&quot;created_timestamp&quot;:&quot;1381067842&quot;,&quot;copyright&quot;:&quot;&quot;,&quot;focal_length&quot;:&quot;50&quot;,&quot;iso&quot;:&quot;200&quot;,&quot;shutter_speed&quot;:&quot;0.0005&quot;,&quot;title&quot;:&quot;&quot;}\" data-image-title=\"schnetterling2\" data-image-description=\"\" data-image-caption=\"\" data-large-file=\"https:\/\/www.ge-sagt.de\/wp-content\/uploads\/2013\/10\/schnetterling2.jpg\" class=\"aligncenter wp-image-965 size-medium\" src=\"http:\/\/www.ge-sagt.de\/wp-content\/uploads\/2013\/10\/schnetterling2-600x399.jpg\" alt=\"schnetterling2\" width=\"600\" height=\"399\" srcset=\"https:\/\/www.ge-sagt.de\/wp-content\/uploads\/2013\/10\/schnetterling2-450x300.jpg 450w, https:\/\/www.ge-sagt.de\/wp-content\/uploads\/2013\/10\/schnetterling2-600x399.jpg 600w, https:\/\/www.ge-sagt.de\/wp-content\/uploads\/2013\/10\/schnetterling2.jpg 800w\" sizes=\"(max-width: 600px) 100vw, 600px\" \/><\/p>\n<p style=\"text-align: justify;\">Bei der Wandhalterung wurde einfach ein kleiner Holzklotz mit der entsprechenden Anzahl an Bohrungen versehen und wei\u00df lackiert. Die tiefe der Bohrung h\u00e4ngt von der L\u00e4nge Eurer Perlonseile ab, da hei\u00dft es einfach mal probieren. Bei uns sind es in etwa 3 cm. Ich habe die Seile inzwischen gek\u00fcrzt, da unsere Tochter jetzt deutlich gr\u00f6\u00dfer ist. In jede Bohrung kommt ein Ende der Perlonseile. Da die Bohrung etwas gr\u00f6\u00dfer als der Durchmesser der Perlonseile war und die Seile damit sehr locker hin und her schwangen, habe ich sie mit wei\u00dfer Knete fixiert.<\/p>\n<p style=\"text-align: justify;\"><img decoding=\"async\" data-attachment-id=\"969\" data-permalink=\"https:\/\/www.ge-sagt.de\/index.php\/ge-bastelt-diy-schmetterlings-mobile\/schnetterling6\/\" data-orig-file=\"https:\/\/www.ge-sagt.de\/wp-content\/uploads\/2013\/10\/schnetterling6.jpg\" data-orig-size=\"800,533\" data-comments-opened=\"1\" data-image-meta=\"{&quot;aperture&quot;:&quot;1.8&quot;,&quot;credit&quot;:&quot;&quot;,&quot;camera&quot;:&quot;Canon EOS 1000D&quot;,&quot;caption&quot;:&quot;&quot;,&quot;created_timestamp&quot;:&quot;1381068699&quot;,&quot;copyright&quot;:&quot;&quot;,&quot;focal_length&quot;:&quot;50&quot;,&quot;iso&quot;:&quot;200&quot;,&quot;shutter_speed&quot;:&quot;0.0125&quot;,&quot;title&quot;:&quot;&quot;}\" data-image-title=\"schnetterling6\" data-image-description=\"\" data-image-caption=\"\" data-large-file=\"https:\/\/www.ge-sagt.de\/wp-content\/uploads\/2013\/10\/schnetterling6.jpg\" class=\"aligncenter wp-image-969 size-medium\" src=\"http:\/\/www.ge-sagt.de\/wp-content\/uploads\/2013\/10\/schnetterling6-600x399.jpg\" alt=\"schnetterling6\" width=\"600\" height=\"399\" srcset=\"https:\/\/www.ge-sagt.de\/wp-content\/uploads\/2013\/10\/schnetterling6-450x300.jpg 450w, https:\/\/www.ge-sagt.de\/wp-content\/uploads\/2013\/10\/schnetterling6-600x399.jpg 600w, https:\/\/www.ge-sagt.de\/wp-content\/uploads\/2013\/10\/schnetterling6.jpg 800w\" sizes=\"(max-width: 600px) 100vw, 600px\" \/><\/p>\n<p style=\"text-align: justify;\">Und schon ist das Mobile fertigt und zeigt wirklich h\u00fcbsche Bewegungen wenn man es leicht anstupst oder pustet. Ich finde gerade die Variante mit den Perlonschn\u00fcren sehr elegant und man mu\u00df nicht ewig mit St\u00e4ben und Schn\u00fcren das Gleichgewicht der Motive einstellen. Zudem hat sich diese Befestigung auch im Kleinkinderalltag als durchaus kindersicher heraus gestellt. Und wenn doch mal ein Schmetterling kaputt geht, kann man im handumdrehen wieder f\u00fcr Ersatz sorgen.<\/p>\n<p style=\"text-align: justify;\"><img decoding=\"async\" data-attachment-id=\"968\" data-permalink=\"https:\/\/www.ge-sagt.de\/index.php\/ge-bastelt-diy-schmetterlings-mobile\/schnetterling5\/\" data-orig-file=\"https:\/\/www.ge-sagt.de\/wp-content\/uploads\/2013\/10\/schnetterling5.jpg\" data-orig-size=\"800,533\" data-comments-opened=\"1\" data-image-meta=\"{&quot;aperture&quot;:&quot;1.8&quot;,&quot;credit&quot;:&quot;&quot;,&quot;camera&quot;:&quot;Canon EOS 1000D&quot;,&quot;caption&quot;:&quot;&quot;,&quot;created_timestamp&quot;:&quot;1381068518&quot;,&quot;copyright&quot;:&quot;&quot;,&quot;focal_length&quot;:&quot;50&quot;,&quot;iso&quot;:&quot;200&quot;,&quot;shutter_speed&quot;:&quot;0.0125&quot;,&quot;title&quot;:&quot;&quot;}\" data-image-title=\"schnetterling5\" data-image-description=\"\" data-image-caption=\"&lt;p&gt;Schmetterlings-Mobile&lt;\/p&gt;\n\" data-large-file=\"https:\/\/www.ge-sagt.de\/wp-content\/uploads\/2013\/10\/schnetterling5.jpg\" class=\"aligncenter wp-image-968 size-medium\" src=\"http:\/\/www.ge-sagt.de\/wp-content\/uploads\/2013\/10\/schnetterling5-600x399.jpg\" alt=\"schnetterling5\" width=\"600\" height=\"399\" srcset=\"https:\/\/www.ge-sagt.de\/wp-content\/uploads\/2013\/10\/schnetterling5-450x300.jpg 450w, https:\/\/www.ge-sagt.de\/wp-content\/uploads\/2013\/10\/schnetterling5-600x399.jpg 600w, https:\/\/www.ge-sagt.de\/wp-content\/uploads\/2013\/10\/schnetterling5.jpg 800w\" sizes=\"(max-width: 600px) 100vw, 600px\" \/><\/p>\n<p class=\"wp-more-tag mce-wp-more\" title=\"More...\" data-mce-placeholder=\"1\" data-mce-resize=\"false\">Zur Erg\u00e4nzung des Mobiles habe ich \u00fcbrigens auch noch einige der ausgeschnittenen Schmetterlinge mit Klebepads and die Wand geheftet.<br \/>\nUnd, gef\u00e4llt Euch diese Variante des Mobiles? Welches Motiv w\u00fcrdet Ihr denn w\u00e4hlen?<br \/>\nLiebe Gr\u00fc\u00dfe<br \/>\nGesa<\/p>\n","protected":false},"excerpt":{"rendered":"<p>Wie Ihr vielleicht wisst bin ich ein gro\u00dfer Fan von Mobiles. Insbesondere Alexander Calder hat diese Kunstform genutzt und eines seiner Zitate lautet: \u201cWenn alles klappt, ist ein Mobile ein St\u00fcck Poesie, das vor Lebensfreude tanzt und \u00fcberrascht.\u201c (Jacob Baal-Teshuva: Alexander Calder 1898\u20131976. Verlag Taschen, ISBN 3-8228-7915-0). Ich finde f\u00fcr Kinder gibt es so unglaublich [&hellip;]<\/p>\n","protected":false},"author":2,"featured_media":967,"comment_status":"open","ping_status":"open","sticky":false,"template":"","format":"standard","meta":{"jetpack_post_was_ever_published":false,"_jetpack_newsletter_access":"","_jetpack_dont_email_post_to_subs":true,"_jetpack_newsletter_tier_id":0,"_jetpack_memberships_contains_paywalled_content":false,"_jetpack_memberships_contains_paid_content":false,"footnotes":"","jetpack_publicize_message":"","jetpack_publicize_feature_enabled":true,"jetpack_social_post_already_shared":true,"jetpack_social_options":{"image_generator_settings":{"template":"highway","default_image_id":0,"font":"","enabled":false},"version":2}},"categories":[18,4],"tags":[134,182,180,184,183,181],"class_list":["post-961","post","type-post","status-publish","format-standard","has-post-thumbnail","hentry","category-ge-bastelt","category-ge-tan","tag-diy","tag-kinder","tag-mobile","tag-papeterie","tag-papier","tag-schmetterlinge"],"yoast_head":"<!-- This site is optimized with the Yoast SEO plugin v27.5 - https:\/\/yoast.com\/product\/yoast-seo-wordpress\/ -->\n<title>Ge-bastelt: DIY Schmetterlings-Mobile - ge-sagt.de<\/title>\n<meta name=\"description\" content=\"Ge-bastelt: DIY Schmetterlings-Mobile - hier findet Ihr eine Anleitung f\u00fcr ein wundersch\u00f6nes Mobile\" \/>\n<meta name=\"robots\" content=\"index, follow, max-snippet:-1, max-image-preview:large, max-video-preview:-1\" \/>\n<link rel=\"canonical\" href=\"https:\/\/www.ge-sagt.de\/index.php\/ge-bastelt-diy-schmetterlings-mobile\/\" \/>\n<meta property=\"og:locale\" content=\"de_DE\" \/>\n<meta property=\"og:type\" content=\"article\" \/>\n<meta property=\"og:title\" content=\"Ge-bastelt: DIY Schmetterlings-Mobile - ge-sagt.de\" \/>\n<meta property=\"og:description\" content=\"Ge-bastelt: DIY Schmetterlings-Mobile - hier findet Ihr eine Anleitung f\u00fcr ein wundersch\u00f6nes Mobile\" \/>\n<meta property=\"og:url\" content=\"https:\/\/www.ge-sagt.de\/index.php\/ge-bastelt-diy-schmetterlings-mobile\/\" \/>\n<meta property=\"og:site_name\" content=\"ge-sagt.de\" \/>\n<meta property=\"article:published_time\" content=\"2013-10-22T06:00:34+00:00\" \/>\n<meta property=\"article:modified_time\" content=\"2016-10-25T12:06:26+00:00\" \/>\n<meta property=\"og:image\" content=\"https:\/\/www.ge-sagt.de\/wp-content\/uploads\/2013\/10\/schnetterling4.jpg\" \/>\n\t<meta property=\"og:image:width\" content=\"800\" \/>\n\t<meta property=\"og:image:height\" content=\"533\" \/>\n\t<meta property=\"og:image:type\" content=\"image\/jpeg\" \/>\n<meta name=\"author\" content=\"Gesa\" \/>\n<meta name=\"twitter:label1\" content=\"Verfasst von\" \/>\n\t<meta name=\"twitter:data1\" content=\"Gesa\" \/>\n\t<meta name=\"twitter:label2\" content=\"Gesch\u00e4tzte Lesezeit\" \/>\n\t<meta name=\"twitter:data2\" content=\"3\u00a0Minuten\" \/>\n<script type=\"application\/ld+json\" class=\"yoast-schema-graph\">{\"@context\":\"https:\\\/\\\/schema.org\",\"@graph\":[{\"@type\":\"Article\",\"@id\":\"https:\\\/\\\/www.ge-sagt.de\\\/index.php\\\/ge-bastelt-diy-schmetterlings-mobile\\\/#article\",\"isPartOf\":{\"@id\":\"https:\\\/\\\/www.ge-sagt.de\\\/index.php\\\/ge-bastelt-diy-schmetterlings-mobile\\\/\"},\"author\":{\"name\":\"Gesa\",\"@id\":\"https:\\\/\\\/www.ge-sagt.de\\\/#\\\/schema\\\/person\\\/f6ec6da1209901fb058ae74d414f295d\"},\"headline\":\"Ge-bastelt: DIY Schmetterlings-Mobile\",\"datePublished\":\"2013-10-22T06:00:34+00:00\",\"dateModified\":\"2016-10-25T12:06:26+00:00\",\"mainEntityOfPage\":{\"@id\":\"https:\\\/\\\/www.ge-sagt.de\\\/index.php\\\/ge-bastelt-diy-schmetterlings-mobile\\\/\"},\"wordCount\":596,\"commentCount\":10,\"image\":{\"@id\":\"https:\\\/\\\/www.ge-sagt.de\\\/index.php\\\/ge-bastelt-diy-schmetterlings-mobile\\\/#primaryimage\"},\"thumbnailUrl\":\"https:\\\/\\\/www.ge-sagt.de\\\/wp-content\\\/uploads\\\/2013\\\/10\\\/schnetterling4.jpg\",\"keywords\":[\"DIY\",\"Kinder\",\"Mobile\",\"Papeterie\",\"Papier\",\"Schmetterlinge\"],\"articleSection\":[\"Ge-bastelt\",\"Ge-tan\"],\"inLanguage\":\"de\",\"potentialAction\":[{\"@type\":\"CommentAction\",\"name\":\"Comment\",\"target\":[\"https:\\\/\\\/www.ge-sagt.de\\\/index.php\\\/ge-bastelt-diy-schmetterlings-mobile\\\/#respond\"]}]},{\"@type\":\"WebPage\",\"@id\":\"https:\\\/\\\/www.ge-sagt.de\\\/index.php\\\/ge-bastelt-diy-schmetterlings-mobile\\\/\",\"url\":\"https:\\\/\\\/www.ge-sagt.de\\\/index.php\\\/ge-bastelt-diy-schmetterlings-mobile\\\/\",\"name\":\"Ge-bastelt: DIY Schmetterlings-Mobile - ge-sagt.de\",\"isPartOf\":{\"@id\":\"https:\\\/\\\/www.ge-sagt.de\\\/#website\"},\"primaryImageOfPage\":{\"@id\":\"https:\\\/\\\/www.ge-sagt.de\\\/index.php\\\/ge-bastelt-diy-schmetterlings-mobile\\\/#primaryimage\"},\"image\":{\"@id\":\"https:\\\/\\\/www.ge-sagt.de\\\/index.php\\\/ge-bastelt-diy-schmetterlings-mobile\\\/#primaryimage\"},\"thumbnailUrl\":\"https:\\\/\\\/www.ge-sagt.de\\\/wp-content\\\/uploads\\\/2013\\\/10\\\/schnetterling4.jpg\",\"datePublished\":\"2013-10-22T06:00:34+00:00\",\"dateModified\":\"2016-10-25T12:06:26+00:00\",\"author\":{\"@id\":\"https:\\\/\\\/www.ge-sagt.de\\\/#\\\/schema\\\/person\\\/f6ec6da1209901fb058ae74d414f295d\"},\"description\":\"Ge-bastelt: DIY Schmetterlings-Mobile - hier findet Ihr eine Anleitung f\u00fcr ein wundersch\u00f6nes Mobile\",\"breadcrumb\":{\"@id\":\"https:\\\/\\\/www.ge-sagt.de\\\/index.php\\\/ge-bastelt-diy-schmetterlings-mobile\\\/#breadcrumb\"},\"inLanguage\":\"de\",\"potentialAction\":[{\"@type\":\"ReadAction\",\"target\":[\"https:\\\/\\\/www.ge-sagt.de\\\/index.php\\\/ge-bastelt-diy-schmetterlings-mobile\\\/\"]}]},{\"@type\":\"ImageObject\",\"inLanguage\":\"de\",\"@id\":\"https:\\\/\\\/www.ge-sagt.de\\\/index.php\\\/ge-bastelt-diy-schmetterlings-mobile\\\/#primaryimage\",\"url\":\"https:\\\/\\\/www.ge-sagt.de\\\/wp-content\\\/uploads\\\/2013\\\/10\\\/schnetterling4.jpg\",\"contentUrl\":\"https:\\\/\\\/www.ge-sagt.de\\\/wp-content\\\/uploads\\\/2013\\\/10\\\/schnetterling4.jpg\",\"width\":800,\"height\":533},{\"@type\":\"BreadcrumbList\",\"@id\":\"https:\\\/\\\/www.ge-sagt.de\\\/index.php\\\/ge-bastelt-diy-schmetterlings-mobile\\\/#breadcrumb\",\"itemListElement\":[{\"@type\":\"ListItem\",\"position\":1,\"name\":\"Home\",\"item\":\"https:\\\/\\\/www.ge-sagt.de\\\/\"},{\"@type\":\"ListItem\",\"position\":2,\"name\":\"Ge-bastelt: DIY Schmetterlings-Mobile\"}]},{\"@type\":\"WebSite\",\"@id\":\"https:\\\/\\\/www.ge-sagt.de\\\/#website\",\"url\":\"https:\\\/\\\/www.ge-sagt.de\\\/\",\"name\":\"ge-sagt.de\",\"description\":\"Gesa denkt, sagt und tut auf diesem Blog\",\"potentialAction\":[{\"@type\":\"SearchAction\",\"target\":{\"@type\":\"EntryPoint\",\"urlTemplate\":\"https:\\\/\\\/www.ge-sagt.de\\\/?s={search_term_string}\"},\"query-input\":{\"@type\":\"PropertyValueSpecification\",\"valueRequired\":true,\"valueName\":\"search_term_string\"}}],\"inLanguage\":\"de\"},{\"@type\":\"Person\",\"@id\":\"https:\\\/\\\/www.ge-sagt.de\\\/#\\\/schema\\\/person\\\/f6ec6da1209901fb058ae74d414f295d\",\"name\":\"Gesa\",\"image\":{\"@type\":\"ImageObject\",\"inLanguage\":\"de\",\"@id\":\"https:\\\/\\\/secure.gravatar.com\\\/avatar\\\/b2210b745bd73a1286fa46a53ee66332ba91d4de884ca4cdeaa854740a7b03a0?s=96&d=mm&r=g\",\"url\":\"https:\\\/\\\/secure.gravatar.com\\\/avatar\\\/b2210b745bd73a1286fa46a53ee66332ba91d4de884ca4cdeaa854740a7b03a0?s=96&d=mm&r=g\",\"contentUrl\":\"https:\\\/\\\/secure.gravatar.com\\\/avatar\\\/b2210b745bd73a1286fa46a53ee66332ba91d4de884ca4cdeaa854740a7b03a0?s=96&d=mm&r=g\",\"caption\":\"Gesa\"},\"url\":\"https:\\\/\\\/www.ge-sagt.de\\\/index.php\\\/author\\\/gesa\\\/\"}]}<\/script>\n<!-- \/ Yoast SEO plugin. -->","yoast_head_json":{"title":"Ge-bastelt: DIY Schmetterlings-Mobile - ge-sagt.de","description":"Ge-bastelt: DIY Schmetterlings-Mobile - hier findet Ihr eine Anleitung f\u00fcr ein wundersch\u00f6nes Mobile","robots":{"index":"index","follow":"follow","max-snippet":"max-snippet:-1","max-image-preview":"max-image-preview:large","max-video-preview":"max-video-preview:-1"},"canonical":"https:\/\/www.ge-sagt.de\/index.php\/ge-bastelt-diy-schmetterlings-mobile\/","og_locale":"de_DE","og_type":"article","og_title":"Ge-bastelt: DIY Schmetterlings-Mobile - ge-sagt.de","og_description":"Ge-bastelt: DIY Schmetterlings-Mobile - hier findet Ihr eine Anleitung f\u00fcr ein wundersch\u00f6nes Mobile","og_url":"https:\/\/www.ge-sagt.de\/index.php\/ge-bastelt-diy-schmetterlings-mobile\/","og_site_name":"ge-sagt.de","article_published_time":"2013-10-22T06:00:34+00:00","article_modified_time":"2016-10-25T12:06:26+00:00","og_image":[{"width":800,"height":533,"url":"https:\/\/www.ge-sagt.de\/wp-content\/uploads\/2013\/10\/schnetterling4.jpg","type":"image\/jpeg"}],"author":"Gesa","twitter_misc":{"Verfasst von":"Gesa","Gesch\u00e4tzte Lesezeit":"3\u00a0Minuten"},"schema":{"@context":"https:\/\/schema.org","@graph":[{"@type":"Article","@id":"https:\/\/www.ge-sagt.de\/index.php\/ge-bastelt-diy-schmetterlings-mobile\/#article","isPartOf":{"@id":"https:\/\/www.ge-sagt.de\/index.php\/ge-bastelt-diy-schmetterlings-mobile\/"},"author":{"name":"Gesa","@id":"https:\/\/www.ge-sagt.de\/#\/schema\/person\/f6ec6da1209901fb058ae74d414f295d"},"headline":"Ge-bastelt: DIY Schmetterlings-Mobile","datePublished":"2013-10-22T06:00:34+00:00","dateModified":"2016-10-25T12:06:26+00:00","mainEntityOfPage":{"@id":"https:\/\/www.ge-sagt.de\/index.php\/ge-bastelt-diy-schmetterlings-mobile\/"},"wordCount":596,"commentCount":10,"image":{"@id":"https:\/\/www.ge-sagt.de\/index.php\/ge-bastelt-diy-schmetterlings-mobile\/#primaryimage"},"thumbnailUrl":"https:\/\/www.ge-sagt.de\/wp-content\/uploads\/2013\/10\/schnetterling4.jpg","keywords":["DIY","Kinder","Mobile","Papeterie","Papier","Schmetterlinge"],"articleSection":["Ge-bastelt","Ge-tan"],"inLanguage":"de","potentialAction":[{"@type":"CommentAction","name":"Comment","target":["https:\/\/www.ge-sagt.de\/index.php\/ge-bastelt-diy-schmetterlings-mobile\/#respond"]}]},{"@type":"WebPage","@id":"https:\/\/www.ge-sagt.de\/index.php\/ge-bastelt-diy-schmetterlings-mobile\/","url":"https:\/\/www.ge-sagt.de\/index.php\/ge-bastelt-diy-schmetterlings-mobile\/","name":"Ge-bastelt: DIY Schmetterlings-Mobile - ge-sagt.de","isPartOf":{"@id":"https:\/\/www.ge-sagt.de\/#website"},"primaryImageOfPage":{"@id":"https:\/\/www.ge-sagt.de\/index.php\/ge-bastelt-diy-schmetterlings-mobile\/#primaryimage"},"image":{"@id":"https:\/\/www.ge-sagt.de\/index.php\/ge-bastelt-diy-schmetterlings-mobile\/#primaryimage"},"thumbnailUrl":"https:\/\/www.ge-sagt.de\/wp-content\/uploads\/2013\/10\/schnetterling4.jpg","datePublished":"2013-10-22T06:00:34+00:00","dateModified":"2016-10-25T12:06:26+00:00","author":{"@id":"https:\/\/www.ge-sagt.de\/#\/schema\/person\/f6ec6da1209901fb058ae74d414f295d"},"description":"Ge-bastelt: DIY Schmetterlings-Mobile - hier findet Ihr eine Anleitung f\u00fcr ein wundersch\u00f6nes Mobile","breadcrumb":{"@id":"https:\/\/www.ge-sagt.de\/index.php\/ge-bastelt-diy-schmetterlings-mobile\/#breadcrumb"},"inLanguage":"de","potentialAction":[{"@type":"ReadAction","target":["https:\/\/www.ge-sagt.de\/index.php\/ge-bastelt-diy-schmetterlings-mobile\/"]}]},{"@type":"ImageObject","inLanguage":"de","@id":"https:\/\/www.ge-sagt.de\/index.php\/ge-bastelt-diy-schmetterlings-mobile\/#primaryimage","url":"https:\/\/www.ge-sagt.de\/wp-content\/uploads\/2013\/10\/schnetterling4.jpg","contentUrl":"https:\/\/www.ge-sagt.de\/wp-content\/uploads\/2013\/10\/schnetterling4.jpg","width":800,"height":533},{"@type":"BreadcrumbList","@id":"https:\/\/www.ge-sagt.de\/index.php\/ge-bastelt-diy-schmetterlings-mobile\/#breadcrumb","itemListElement":[{"@type":"ListItem","position":1,"name":"Home","item":"https:\/\/www.ge-sagt.de\/"},{"@type":"ListItem","position":2,"name":"Ge-bastelt: DIY Schmetterlings-Mobile"}]},{"@type":"WebSite","@id":"https:\/\/www.ge-sagt.de\/#website","url":"https:\/\/www.ge-sagt.de\/","name":"ge-sagt.de","description":"Gesa denkt, sagt und tut auf diesem Blog","potentialAction":[{"@type":"SearchAction","target":{"@type":"EntryPoint","urlTemplate":"https:\/\/www.ge-sagt.de\/?s={search_term_string}"},"query-input":{"@type":"PropertyValueSpecification","valueRequired":true,"valueName":"search_term_string"}}],"inLanguage":"de"},{"@type":"Person","@id":"https:\/\/www.ge-sagt.de\/#\/schema\/person\/f6ec6da1209901fb058ae74d414f295d","name":"Gesa","image":{"@type":"ImageObject","inLanguage":"de","@id":"https:\/\/secure.gravatar.com\/avatar\/b2210b745bd73a1286fa46a53ee66332ba91d4de884ca4cdeaa854740a7b03a0?s=96&d=mm&r=g","url":"https:\/\/secure.gravatar.com\/avatar\/b2210b745bd73a1286fa46a53ee66332ba91d4de884ca4cdeaa854740a7b03a0?s=96&d=mm&r=g","contentUrl":"https:\/\/secure.gravatar.com\/avatar\/b2210b745bd73a1286fa46a53ee66332ba91d4de884ca4cdeaa854740a7b03a0?s=96&d=mm&r=g","caption":"Gesa"},"url":"https:\/\/www.ge-sagt.de\/index.php\/author\/gesa\/"}]}},"jetpack_publicize_connections":[],"jetpack_featured_media_url":"https:\/\/www.ge-sagt.de\/wp-content\/uploads\/2013\/10\/schnetterling4.jpg","jetpack_shortlink":"https:\/\/wp.me\/p3aAW4-fv","jetpack_sharing_enabled":true,"_links":{"self":[{"href":"https:\/\/www.ge-sagt.de\/index.php\/wp-json\/wp\/v2\/posts\/961","targetHints":{"allow":["GET"]}}],"collection":[{"href":"https:\/\/www.ge-sagt.de\/index.php\/wp-json\/wp\/v2\/posts"}],"about":[{"href":"https:\/\/www.ge-sagt.de\/index.php\/wp-json\/wp\/v2\/types\/post"}],"author":[{"embeddable":true,"href":"https:\/\/www.ge-sagt.de\/index.php\/wp-json\/wp\/v2\/users\/2"}],"replies":[{"embeddable":true,"href":"https:\/\/www.ge-sagt.de\/index.php\/wp-json\/wp\/v2\/comments?post=961"}],"version-history":[{"count":9,"href":"https:\/\/www.ge-sagt.de\/index.php\/wp-json\/wp\/v2\/posts\/961\/revisions"}],"predecessor-version":[{"id":1951,"href":"https:\/\/www.ge-sagt.de\/index.php\/wp-json\/wp\/v2\/posts\/961\/revisions\/1951"}],"wp:featuredmedia":[{"embeddable":true,"href":"https:\/\/www.ge-sagt.de\/index.php\/wp-json\/wp\/v2\/media\/967"}],"wp:attachment":[{"href":"https:\/\/www.ge-sagt.de\/index.php\/wp-json\/wp\/v2\/media?parent=961"}],"wp:term":[{"taxonomy":"category","embeddable":true,"href":"https:\/\/www.ge-sagt.de\/index.php\/wp-json\/wp\/v2\/categories?post=961"},{"taxonomy":"post_tag","embeddable":true,"href":"https:\/\/www.ge-sagt.de\/index.php\/wp-json\/wp\/v2\/tags?post=961"}],"curies":[{"name":"wp","href":"https:\/\/api.w.org\/{rel}","templated":true}]}}