{"id":834,"date":"2013-10-07T09:48:43","date_gmt":"2013-10-07T07:48:43","guid":{"rendered":"http:\/\/www.ge-sagt.de\/?p=834"},"modified":"2016-10-25T14:06:26","modified_gmt":"2016-10-25T12:06:26","slug":"geschluerft-virtual-coffee-am-montag-morgen-ii","status":"publish","type":"post","link":"https:\/\/www.ge-sagt.de\/index.php\/geschluerft-virtual-coffee-am-montag-morgen-ii\/","title":{"rendered":"Geschl\u00fcrft: Virtual Coffee am Montag Morgen II"},"content":{"rendered":"<p style=\"text-align: justify;\"><img decoding=\"async\" data-attachment-id=\"841\" data-permalink=\"https:\/\/www.ge-sagt.de\/index.php\/geschluerft-virtual-coffee-am-montag-morgen-ii\/vf2-2b\/\" data-orig-file=\"https:\/\/www.ge-sagt.de\/wp-content\/uploads\/2013\/10\/VF2-2b.jpg\" data-orig-size=\"976,776\" data-comments-opened=\"1\" data-image-meta=\"{&quot;aperture&quot;:&quot;2.4&quot;,&quot;credit&quot;:&quot;&quot;,&quot;camera&quot;:&quot;iPhone 4S&quot;,&quot;caption&quot;:&quot;&quot;,&quot;created_timestamp&quot;:&quot;1381083219&quot;,&quot;copyright&quot;:&quot;&quot;,&quot;focal_length&quot;:&quot;4.28&quot;,&quot;iso&quot;:&quot;64&quot;,&quot;shutter_speed&quot;:&quot;0.05&quot;,&quot;title&quot;:&quot;&quot;}\" data-image-title=\"VF2-2b\" data-image-description=\"\" data-image-caption=\"\" data-large-file=\"https:\/\/www.ge-sagt.de\/wp-content\/uploads\/2013\/10\/VF2-2b.jpg\" class=\"alignleft size-full wp-image-841\" alt=\"VF2-2b\" src=\"http:\/\/www.ge-sagt.de\/wp-content\/uploads\/2013\/10\/VF2-2b.jpg\" width=\"976\" height=\"776\" srcset=\"https:\/\/www.ge-sagt.de\/wp-content\/uploads\/2013\/10\/VF2-2b-377x300.jpg 377w, https:\/\/www.ge-sagt.de\/wp-content\/uploads\/2013\/10\/VF2-2b-600x477.jpg 600w, https:\/\/www.ge-sagt.de\/wp-content\/uploads\/2013\/10\/VF2-2b.jpg 976w\" sizes=\"(max-width: 976px) 100vw, 976px\" \/>Ach, heute passt das virtuelle Kaffeeschl\u00fcrfen wirklich ganz besonders gut in mein Programm! Daher schlie\u00dfe ich mich der Initiative von Bine mit ihrem Blog &#8222;<a title=\"Bines Blog\" href=\"http:\/\/www.waseigenes.com\/category\/virtual-coffee\/\" target=\"_blank\">was eigenes<\/a>&#8220; nochmal an und berichte wie unser Wochenende so verlaufen ist.<!--more--><br \/>\nUnser Wochenende stand dieses Mal ganz im Zeichen des Herbstes. Wir sind recht entspannt gestartet, da man durch den Feiertag letzte Woche ja noch sehr erholt war. Als erstes Stand ein bi\u00dfchen Shopping auf dem Programm, denn wir brauchten dringend ein paar neue w\u00e4rmere Kleider f\u00fcr unsere kleine Tochter. Wir sind daf\u00fcr in ein Einkaufszentrum gefahren, und ausnahmsweise war diese Shoppingtour richtig ruhig. Normalerweise st\u00fcrzt sich unsere kleine neugierige 2-J\u00e4hrige gleich ohne R\u00fccksicht auf Verluste ins Get\u00fcmmel. Das l\u00e4uft dann meistens auf ein hektisches Hinterherlaufen, Zurechtweisen, wieder Hinterherlaufen, versuchen Einzufangen etc hinaus. Am Samstag jedoch hatten wir ein sehr vern\u00fcnftiges Kind, dass sich zun\u00e4chst ganz ruhig anh\u00f6rte, warum sie am Besten bei uns in der N\u00e4he bleiben soll, und sich dann tats\u00e4chlich die ganze Zeit daran hielt. Super! Allerdings war damit der halbe Tag schon rum. Nach der Mittagspause haben wir mit vereinten Kr\u00e4ften unseren Garten winterfest gemacht. Bew\u00e4sserungsanlage abbauen, Sitzm\u00f6bel reinigen und f\u00fcr den Winter verstauen, Laub sammeln etc&#8230;.Wir waren wirklich flei\u00dfig! Nat\u00fcrlich wurde das ganze von Ausfl\u00fcgen in die Sandkiste regelm\u00e4\u00dfig unterbrochen. Zudem haben wir noch eine kleine Futterstation f\u00fcr Eichh\u00f6rnchen zusammengebastelt, die auch sofort angenommen wurde.<img decoding=\"async\" data-attachment-id=\"842\" data-permalink=\"https:\/\/www.ge-sagt.de\/index.php\/geschluerft-virtual-coffee-am-montag-morgen-ii\/vf2-3b\/\" data-orig-file=\"https:\/\/www.ge-sagt.de\/wp-content\/uploads\/2013\/10\/VF2-3b.jpg\" data-orig-size=\"1008,1104\" data-comments-opened=\"1\" data-image-meta=\"{&quot;aperture&quot;:&quot;1.8&quot;,&quot;credit&quot;:&quot;&quot;,&quot;camera&quot;:&quot;Canon EOS 1000D&quot;,&quot;caption&quot;:&quot;&quot;,&quot;created_timestamp&quot;:&quot;1381053299&quot;,&quot;copyright&quot;:&quot;&quot;,&quot;focal_length&quot;:&quot;50&quot;,&quot;iso&quot;:&quot;200&quot;,&quot;shutter_speed&quot;:&quot;0.01&quot;,&quot;title&quot;:&quot;&quot;}\" data-image-title=\"VF2-3b\" data-image-description=\"\" data-image-caption=\"\" data-large-file=\"https:\/\/www.ge-sagt.de\/wp-content\/uploads\/2013\/10\/VF2-3b-934x1024.jpg\" class=\"alignleft size-full wp-image-842\" alt=\"VF2-3b\" src=\"http:\/\/www.ge-sagt.de\/wp-content\/uploads\/2013\/10\/VF2-3b.jpg\" width=\"1008\" height=\"1104\" srcset=\"https:\/\/www.ge-sagt.de\/wp-content\/uploads\/2013\/10\/VF2-3b-273x300.jpg 273w, https:\/\/www.ge-sagt.de\/wp-content\/uploads\/2013\/10\/VF2-3b-600x657.jpg 600w, https:\/\/www.ge-sagt.de\/wp-content\/uploads\/2013\/10\/VF2-3b-934x1024.jpg 934w, https:\/\/www.ge-sagt.de\/wp-content\/uploads\/2013\/10\/VF2-3b.jpg 1008w\" sizes=\"(max-width: 1008px) 100vw, 1008px\" \/><\/p>\n<p style=\"text-align: justify;\">Sonntag morgen haben wir diesen Aktivit\u00e4tsschub noch fortgesetzt und erstmal im ganzen Haus Fenster geputzt und den m\u00e4nnlichen Kleiderschrank aufger\u00e4umt. Ein bi\u00dfchen Zeit f\u00fcr kreatives Malen und Bastelarbeiten war auch noch.<\/p>\n<p style=\"text-align: justify;\"><img decoding=\"async\" data-attachment-id=\"846\" data-permalink=\"https:\/\/www.ge-sagt.de\/index.php\/geschluerft-virtual-coffee-am-montag-morgen-ii\/vf2-4-2b\/\" data-orig-file=\"https:\/\/www.ge-sagt.de\/wp-content\/uploads\/2013\/10\/VF2-4-2b.jpg\" data-orig-size=\"704,840\" data-comments-opened=\"1\" data-image-meta=\"{&quot;aperture&quot;:&quot;1.8&quot;,&quot;credit&quot;:&quot;&quot;,&quot;camera&quot;:&quot;Canon EOS 1000D&quot;,&quot;caption&quot;:&quot;&quot;,&quot;created_timestamp&quot;:&quot;1381053401&quot;,&quot;copyright&quot;:&quot;&quot;,&quot;focal_length&quot;:&quot;50&quot;,&quot;iso&quot;:&quot;200&quot;,&quot;shutter_speed&quot;:&quot;0.016666666666667&quot;,&quot;title&quot;:&quot;&quot;}\" data-image-title=\"VF2-4-2b\" data-image-description=\"\" data-image-caption=\"\" data-large-file=\"https:\/\/www.ge-sagt.de\/wp-content\/uploads\/2013\/10\/VF2-4-2b.jpg\" class=\"alignleft size-full wp-image-846\" alt=\"VF2-4-2b\" src=\"http:\/\/www.ge-sagt.de\/wp-content\/uploads\/2013\/10\/VF2-4-2b.jpg\" width=\"704\" height=\"840\" srcset=\"https:\/\/www.ge-sagt.de\/wp-content\/uploads\/2013\/10\/VF2-4-2b-251x300.jpg 251w, https:\/\/www.ge-sagt.de\/wp-content\/uploads\/2013\/10\/VF2-4-2b-600x715.jpg 600w, https:\/\/www.ge-sagt.de\/wp-content\/uploads\/2013\/10\/VF2-4-2b.jpg 704w\" sizes=\"(max-width: 704px) 100vw, 704px\" \/>Ich werde morgen ausf\u00fchrlich \u00fcber ein Ergebnis berichten. Und schlie\u00dflich haben wir das Wochenende mit einem ausgedehnten Spaziergang und Spielplatzbesuch beendet. Wow, gingen die 2 Tage mal wieder schnell rum! <img decoding=\"async\" data-attachment-id=\"844\" data-permalink=\"https:\/\/www.ge-sagt.de\/index.php\/geschluerft-virtual-coffee-am-montag-morgen-ii\/vf2-5b\/\" data-orig-file=\"https:\/\/www.ge-sagt.de\/wp-content\/uploads\/2013\/10\/VF2-5b.jpg\" data-orig-size=\"776,976\" data-comments-opened=\"1\" data-image-meta=\"{&quot;aperture&quot;:&quot;2.4&quot;,&quot;credit&quot;:&quot;&quot;,&quot;camera&quot;:&quot;iPhone 4S&quot;,&quot;caption&quot;:&quot;&quot;,&quot;created_timestamp&quot;:&quot;1381081586&quot;,&quot;copyright&quot;:&quot;&quot;,&quot;focal_length&quot;:&quot;4.28&quot;,&quot;iso&quot;:&quot;50&quot;,&quot;shutter_speed&quot;:&quot;0.05&quot;,&quot;title&quot;:&quot;&quot;}\" data-image-title=\"VF2-5b\" data-image-description=\"\" data-image-caption=\"\" data-large-file=\"https:\/\/www.ge-sagt.de\/wp-content\/uploads\/2013\/10\/VF2-5b.jpg\" class=\"alignleft size-full wp-image-844\" alt=\"VF2-5b\" src=\"http:\/\/www.ge-sagt.de\/wp-content\/uploads\/2013\/10\/VF2-5b.jpg\" width=\"776\" height=\"976\" srcset=\"https:\/\/www.ge-sagt.de\/wp-content\/uploads\/2013\/10\/VF2-5b-238x300.jpg 238w, https:\/\/www.ge-sagt.de\/wp-content\/uploads\/2013\/10\/VF2-5b-600x754.jpg 600w, https:\/\/www.ge-sagt.de\/wp-content\/uploads\/2013\/10\/VF2-5b.jpg 776w\" sizes=\"(max-width: 776px) 100vw, 776px\" \/><\/p>\n<p style=\"text-align: justify;\">Aber richtig sch\u00f6n war es, ich liebe es ja wenn man ganz viele Dinge erledigt. Gemischt mit ein paar erholsamen Auszeiten ist das f\u00fcr mich die perfekte Mischung. Und wie sieht Euer perfektes Wochenende im Herbst aus?<\/p>\n<p style=\"text-align: justify;\">Liebe Gr\u00fc\u00dfe<br \/>\nGesa<\/p>\n","protected":false},"excerpt":{"rendered":"<p>Ach, heute passt das virtuelle Kaffeeschl\u00fcrfen wirklich ganz besonders gut in mein Programm! Daher schlie\u00dfe ich mich der Initiative von Bine mit ihrem Blog &#8222;was eigenes&#8220; nochmal an und berichte wie unser Wochenende so verlaufen ist.<\/p>\n","protected":false},"author":2,"featured_media":0,"comment_status":"open","ping_status":"open","sticky":false,"template":"","format":"standard","meta":{"jetpack_post_was_ever_published":false,"_jetpack_newsletter_access":"","_jetpack_dont_email_post_to_subs":true,"_jetpack_newsletter_tier_id":0,"_jetpack_memberships_contains_paywalled_content":false,"_jetpack_memberships_contains_paid_content":false,"footnotes":"","jetpack_publicize_message":"","jetpack_publicize_feature_enabled":true,"jetpack_social_post_already_shared":true,"jetpack_social_options":{"image_generator_settings":{"template":"highway","default_image_id":0,"font":"","enabled":false},"version":2}},"categories":[1],"tags":[],"class_list":["post-834","post","type-post","status-publish","format-standard","hentry","category-allgemein"],"yoast_head":"<!-- This site is optimized with the Yoast SEO plugin v27.5 - https:\/\/yoast.com\/product\/yoast-seo-wordpress\/ -->\n<title>Geschl\u00fcrft: Virtual Coffee am Montag Morgen II - ge-sagt.de<\/title>\n<meta name=\"robots\" content=\"index, follow, max-snippet:-1, max-image-preview:large, max-video-preview:-1\" \/>\n<link rel=\"canonical\" href=\"https:\/\/www.ge-sagt.de\/index.php\/geschluerft-virtual-coffee-am-montag-morgen-ii\/\" \/>\n<meta property=\"og:locale\" content=\"de_DE\" \/>\n<meta property=\"og:type\" content=\"article\" \/>\n<meta property=\"og:title\" content=\"Geschl\u00fcrft: Virtual Coffee am Montag Morgen II - ge-sagt.de\" \/>\n<meta property=\"og:description\" content=\"Ach, heute passt das virtuelle Kaffeeschl\u00fcrfen wirklich ganz besonders gut in mein Programm! Daher schlie\u00dfe ich mich der Initiative von Bine mit ihrem Blog &#8222;was eigenes&#8220; nochmal an und berichte wie unser Wochenende so verlaufen ist.\" \/>\n<meta property=\"og:url\" content=\"https:\/\/www.ge-sagt.de\/index.php\/geschluerft-virtual-coffee-am-montag-morgen-ii\/\" \/>\n<meta property=\"og:site_name\" content=\"ge-sagt.de\" \/>\n<meta property=\"article:published_time\" content=\"2013-10-07T07:48:43+00:00\" \/>\n<meta property=\"article:modified_time\" content=\"2016-10-25T12:06:26+00:00\" \/>\n<meta property=\"og:image\" content=\"http:\/\/www.ge-sagt.de\/wp-content\/uploads\/2013\/10\/VF2-2b.jpg\" \/>\n<meta name=\"author\" content=\"Gesa\" \/>\n<meta name=\"twitter:label1\" content=\"Verfasst von\" \/>\n\t<meta name=\"twitter:data1\" content=\"Gesa\" \/>\n\t<meta name=\"twitter:label2\" content=\"Gesch\u00e4tzte Lesezeit\" \/>\n\t<meta name=\"twitter:data2\" content=\"2\u00a0Minuten\" \/>\n<script type=\"application\/ld+json\" class=\"yoast-schema-graph\">{\"@context\":\"https:\\\/\\\/schema.org\",\"@graph\":[{\"@type\":\"Article\",\"@id\":\"https:\\\/\\\/www.ge-sagt.de\\\/index.php\\\/geschluerft-virtual-coffee-am-montag-morgen-ii\\\/#article\",\"isPartOf\":{\"@id\":\"https:\\\/\\\/www.ge-sagt.de\\\/index.php\\\/geschluerft-virtual-coffee-am-montag-morgen-ii\\\/\"},\"author\":{\"name\":\"Gesa\",\"@id\":\"https:\\\/\\\/www.ge-sagt.de\\\/#\\\/schema\\\/person\\\/f6ec6da1209901fb058ae74d414f295d\"},\"headline\":\"Geschl\u00fcrft: Virtual Coffee am Montag Morgen II\",\"datePublished\":\"2013-10-07T07:48:43+00:00\",\"dateModified\":\"2016-10-25T12:06:26+00:00\",\"mainEntityOfPage\":{\"@id\":\"https:\\\/\\\/www.ge-sagt.de\\\/index.php\\\/geschluerft-virtual-coffee-am-montag-morgen-ii\\\/\"},\"wordCount\":370,\"commentCount\":4,\"image\":{\"@id\":\"https:\\\/\\\/www.ge-sagt.de\\\/index.php\\\/geschluerft-virtual-coffee-am-montag-morgen-ii\\\/#primaryimage\"},\"thumbnailUrl\":\"http:\\\/\\\/www.ge-sagt.de\\\/wp-content\\\/uploads\\\/2013\\\/10\\\/VF2-2b.jpg\",\"inLanguage\":\"de\",\"potentialAction\":[{\"@type\":\"CommentAction\",\"name\":\"Comment\",\"target\":[\"https:\\\/\\\/www.ge-sagt.de\\\/index.php\\\/geschluerft-virtual-coffee-am-montag-morgen-ii\\\/#respond\"]}]},{\"@type\":\"WebPage\",\"@id\":\"https:\\\/\\\/www.ge-sagt.de\\\/index.php\\\/geschluerft-virtual-coffee-am-montag-morgen-ii\\\/\",\"url\":\"https:\\\/\\\/www.ge-sagt.de\\\/index.php\\\/geschluerft-virtual-coffee-am-montag-morgen-ii\\\/\",\"name\":\"Geschl\u00fcrft: Virtual Coffee am Montag Morgen II - ge-sagt.de\",\"isPartOf\":{\"@id\":\"https:\\\/\\\/www.ge-sagt.de\\\/#website\"},\"primaryImageOfPage\":{\"@id\":\"https:\\\/\\\/www.ge-sagt.de\\\/index.php\\\/geschluerft-virtual-coffee-am-montag-morgen-ii\\\/#primaryimage\"},\"image\":{\"@id\":\"https:\\\/\\\/www.ge-sagt.de\\\/index.php\\\/geschluerft-virtual-coffee-am-montag-morgen-ii\\\/#primaryimage\"},\"thumbnailUrl\":\"http:\\\/\\\/www.ge-sagt.de\\\/wp-content\\\/uploads\\\/2013\\\/10\\\/VF2-2b.jpg\",\"datePublished\":\"2013-10-07T07:48:43+00:00\",\"dateModified\":\"2016-10-25T12:06:26+00:00\",\"author\":{\"@id\":\"https:\\\/\\\/www.ge-sagt.de\\\/#\\\/schema\\\/person\\\/f6ec6da1209901fb058ae74d414f295d\"},\"breadcrumb\":{\"@id\":\"https:\\\/\\\/www.ge-sagt.de\\\/index.php\\\/geschluerft-virtual-coffee-am-montag-morgen-ii\\\/#breadcrumb\"},\"inLanguage\":\"de\",\"potentialAction\":[{\"@type\":\"ReadAction\",\"target\":[\"https:\\\/\\\/www.ge-sagt.de\\\/index.php\\\/geschluerft-virtual-coffee-am-montag-morgen-ii\\\/\"]}]},{\"@type\":\"ImageObject\",\"inLanguage\":\"de\",\"@id\":\"https:\\\/\\\/www.ge-sagt.de\\\/index.php\\\/geschluerft-virtual-coffee-am-montag-morgen-ii\\\/#primaryimage\",\"url\":\"https:\\\/\\\/www.ge-sagt.de\\\/wp-content\\\/uploads\\\/2013\\\/10\\\/VF2-2b.jpg\",\"contentUrl\":\"https:\\\/\\\/www.ge-sagt.de\\\/wp-content\\\/uploads\\\/2013\\\/10\\\/VF2-2b.jpg\",\"width\":976,\"height\":776},{\"@type\":\"BreadcrumbList\",\"@id\":\"https:\\\/\\\/www.ge-sagt.de\\\/index.php\\\/geschluerft-virtual-coffee-am-montag-morgen-ii\\\/#breadcrumb\",\"itemListElement\":[{\"@type\":\"ListItem\",\"position\":1,\"name\":\"Home\",\"item\":\"https:\\\/\\\/www.ge-sagt.de\\\/\"},{\"@type\":\"ListItem\",\"position\":2,\"name\":\"Geschl\u00fcrft: Virtual Coffee am Montag Morgen II\"}]},{\"@type\":\"WebSite\",\"@id\":\"https:\\\/\\\/www.ge-sagt.de\\\/#website\",\"url\":\"https:\\\/\\\/www.ge-sagt.de\\\/\",\"name\":\"ge-sagt.de\",\"description\":\"Gesa denkt, sagt und tut auf diesem Blog\",\"potentialAction\":[{\"@type\":\"SearchAction\",\"target\":{\"@type\":\"EntryPoint\",\"urlTemplate\":\"https:\\\/\\\/www.ge-sagt.de\\\/?s={search_term_string}\"},\"query-input\":{\"@type\":\"PropertyValueSpecification\",\"valueRequired\":true,\"valueName\":\"search_term_string\"}}],\"inLanguage\":\"de\"},{\"@type\":\"Person\",\"@id\":\"https:\\\/\\\/www.ge-sagt.de\\\/#\\\/schema\\\/person\\\/f6ec6da1209901fb058ae74d414f295d\",\"name\":\"Gesa\",\"image\":{\"@type\":\"ImageObject\",\"inLanguage\":\"de\",\"@id\":\"https:\\\/\\\/secure.gravatar.com\\\/avatar\\\/b2210b745bd73a1286fa46a53ee66332ba91d4de884ca4cdeaa854740a7b03a0?s=96&d=mm&r=g\",\"url\":\"https:\\\/\\\/secure.gravatar.com\\\/avatar\\\/b2210b745bd73a1286fa46a53ee66332ba91d4de884ca4cdeaa854740a7b03a0?s=96&d=mm&r=g\",\"contentUrl\":\"https:\\\/\\\/secure.gravatar.com\\\/avatar\\\/b2210b745bd73a1286fa46a53ee66332ba91d4de884ca4cdeaa854740a7b03a0?s=96&d=mm&r=g\",\"caption\":\"Gesa\"},\"url\":\"https:\\\/\\\/www.ge-sagt.de\\\/index.php\\\/author\\\/gesa\\\/\"}]}<\/script>\n<!-- \/ Yoast SEO plugin. -->","yoast_head_json":{"title":"Geschl\u00fcrft: Virtual Coffee am Montag Morgen II - ge-sagt.de","robots":{"index":"index","follow":"follow","max-snippet":"max-snippet:-1","max-image-preview":"max-image-preview:large","max-video-preview":"max-video-preview:-1"},"canonical":"https:\/\/www.ge-sagt.de\/index.php\/geschluerft-virtual-coffee-am-montag-morgen-ii\/","og_locale":"de_DE","og_type":"article","og_title":"Geschl\u00fcrft: Virtual Coffee am Montag Morgen II - ge-sagt.de","og_description":"Ach, heute passt das virtuelle Kaffeeschl\u00fcrfen wirklich ganz besonders gut in mein Programm! Daher schlie\u00dfe ich mich der Initiative von Bine mit ihrem Blog &#8222;was eigenes&#8220; nochmal an und berichte wie unser Wochenende so verlaufen ist.","og_url":"https:\/\/www.ge-sagt.de\/index.php\/geschluerft-virtual-coffee-am-montag-morgen-ii\/","og_site_name":"ge-sagt.de","article_published_time":"2013-10-07T07:48:43+00:00","article_modified_time":"2016-10-25T12:06:26+00:00","og_image":[{"url":"http:\/\/www.ge-sagt.de\/wp-content\/uploads\/2013\/10\/VF2-2b.jpg","type":"","width":"","height":""}],"author":"Gesa","twitter_misc":{"Verfasst von":"Gesa","Gesch\u00e4tzte Lesezeit":"2\u00a0Minuten"},"schema":{"@context":"https:\/\/schema.org","@graph":[{"@type":"Article","@id":"https:\/\/www.ge-sagt.de\/index.php\/geschluerft-virtual-coffee-am-montag-morgen-ii\/#article","isPartOf":{"@id":"https:\/\/www.ge-sagt.de\/index.php\/geschluerft-virtual-coffee-am-montag-morgen-ii\/"},"author":{"name":"Gesa","@id":"https:\/\/www.ge-sagt.de\/#\/schema\/person\/f6ec6da1209901fb058ae74d414f295d"},"headline":"Geschl\u00fcrft: Virtual Coffee am Montag Morgen II","datePublished":"2013-10-07T07:48:43+00:00","dateModified":"2016-10-25T12:06:26+00:00","mainEntityOfPage":{"@id":"https:\/\/www.ge-sagt.de\/index.php\/geschluerft-virtual-coffee-am-montag-morgen-ii\/"},"wordCount":370,"commentCount":4,"image":{"@id":"https:\/\/www.ge-sagt.de\/index.php\/geschluerft-virtual-coffee-am-montag-morgen-ii\/#primaryimage"},"thumbnailUrl":"http:\/\/www.ge-sagt.de\/wp-content\/uploads\/2013\/10\/VF2-2b.jpg","inLanguage":"de","potentialAction":[{"@type":"CommentAction","name":"Comment","target":["https:\/\/www.ge-sagt.de\/index.php\/geschluerft-virtual-coffee-am-montag-morgen-ii\/#respond"]}]},{"@type":"WebPage","@id":"https:\/\/www.ge-sagt.de\/index.php\/geschluerft-virtual-coffee-am-montag-morgen-ii\/","url":"https:\/\/www.ge-sagt.de\/index.php\/geschluerft-virtual-coffee-am-montag-morgen-ii\/","name":"Geschl\u00fcrft: Virtual Coffee am Montag Morgen II - ge-sagt.de","isPartOf":{"@id":"https:\/\/www.ge-sagt.de\/#website"},"primaryImageOfPage":{"@id":"https:\/\/www.ge-sagt.de\/index.php\/geschluerft-virtual-coffee-am-montag-morgen-ii\/#primaryimage"},"image":{"@id":"https:\/\/www.ge-sagt.de\/index.php\/geschluerft-virtual-coffee-am-montag-morgen-ii\/#primaryimage"},"thumbnailUrl":"http:\/\/www.ge-sagt.de\/wp-content\/uploads\/2013\/10\/VF2-2b.jpg","datePublished":"2013-10-07T07:48:43+00:00","dateModified":"2016-10-25T12:06:26+00:00","author":{"@id":"https:\/\/www.ge-sagt.de\/#\/schema\/person\/f6ec6da1209901fb058ae74d414f295d"},"breadcrumb":{"@id":"https:\/\/www.ge-sagt.de\/index.php\/geschluerft-virtual-coffee-am-montag-morgen-ii\/#breadcrumb"},"inLanguage":"de","potentialAction":[{"@type":"ReadAction","target":["https:\/\/www.ge-sagt.de\/index.php\/geschluerft-virtual-coffee-am-montag-morgen-ii\/"]}]},{"@type":"ImageObject","inLanguage":"de","@id":"https:\/\/www.ge-sagt.de\/index.php\/geschluerft-virtual-coffee-am-montag-morgen-ii\/#primaryimage","url":"https:\/\/www.ge-sagt.de\/wp-content\/uploads\/2013\/10\/VF2-2b.jpg","contentUrl":"https:\/\/www.ge-sagt.de\/wp-content\/uploads\/2013\/10\/VF2-2b.jpg","width":976,"height":776},{"@type":"BreadcrumbList","@id":"https:\/\/www.ge-sagt.de\/index.php\/geschluerft-virtual-coffee-am-montag-morgen-ii\/#breadcrumb","itemListElement":[{"@type":"ListItem","position":1,"name":"Home","item":"https:\/\/www.ge-sagt.de\/"},{"@type":"ListItem","position":2,"name":"Geschl\u00fcrft: Virtual Coffee am Montag Morgen II"}]},{"@type":"WebSite","@id":"https:\/\/www.ge-sagt.de\/#website","url":"https:\/\/www.ge-sagt.de\/","name":"ge-sagt.de","description":"Gesa denkt, sagt und tut auf diesem Blog","potentialAction":[{"@type":"SearchAction","target":{"@type":"EntryPoint","urlTemplate":"https:\/\/www.ge-sagt.de\/?s={search_term_string}"},"query-input":{"@type":"PropertyValueSpecification","valueRequired":true,"valueName":"search_term_string"}}],"inLanguage":"de"},{"@type":"Person","@id":"https:\/\/www.ge-sagt.de\/#\/schema\/person\/f6ec6da1209901fb058ae74d414f295d","name":"Gesa","image":{"@type":"ImageObject","inLanguage":"de","@id":"https:\/\/secure.gravatar.com\/avatar\/b2210b745bd73a1286fa46a53ee66332ba91d4de884ca4cdeaa854740a7b03a0?s=96&d=mm&r=g","url":"https:\/\/secure.gravatar.com\/avatar\/b2210b745bd73a1286fa46a53ee66332ba91d4de884ca4cdeaa854740a7b03a0?s=96&d=mm&r=g","contentUrl":"https:\/\/secure.gravatar.com\/avatar\/b2210b745bd73a1286fa46a53ee66332ba91d4de884ca4cdeaa854740a7b03a0?s=96&d=mm&r=g","caption":"Gesa"},"url":"https:\/\/www.ge-sagt.de\/index.php\/author\/gesa\/"}]}},"jetpack_publicize_connections":[],"jetpack_featured_media_url":"","jetpack_shortlink":"https:\/\/wp.me\/p3aAW4-ds","jetpack_sharing_enabled":true,"_links":{"self":[{"href":"https:\/\/www.ge-sagt.de\/index.php\/wp-json\/wp\/v2\/posts\/834","targetHints":{"allow":["GET"]}}],"collection":[{"href":"https:\/\/www.ge-sagt.de\/index.php\/wp-json\/wp\/v2\/posts"}],"about":[{"href":"https:\/\/www.ge-sagt.de\/index.php\/wp-json\/wp\/v2\/types\/post"}],"author":[{"embeddable":true,"href":"https:\/\/www.ge-sagt.de\/index.php\/wp-json\/wp\/v2\/users\/2"}],"replies":[{"embeddable":true,"href":"https:\/\/www.ge-sagt.de\/index.php\/wp-json\/wp\/v2\/comments?post=834"}],"version-history":[{"count":9,"href":"https:\/\/www.ge-sagt.de\/index.php\/wp-json\/wp\/v2\/posts\/834\/revisions"}],"predecessor-version":[{"id":850,"href":"https:\/\/www.ge-sagt.de\/index.php\/wp-json\/wp\/v2\/posts\/834\/revisions\/850"}],"wp:attachment":[{"href":"https:\/\/www.ge-sagt.de\/index.php\/wp-json\/wp\/v2\/media?parent=834"}],"wp:term":[{"taxonomy":"category","embeddable":true,"href":"https:\/\/www.ge-sagt.de\/index.php\/wp-json\/wp\/v2\/categories?post=834"},{"taxonomy":"post_tag","embeddable":true,"href":"https:\/\/www.ge-sagt.de\/index.php\/wp-json\/wp\/v2\/tags?post=834"}],"curies":[{"name":"wp","href":"https:\/\/api.w.org\/{rel}","templated":true}]}}