{"id":808,"date":"2013-09-30T07:30:52","date_gmt":"2013-09-30T05:30:52","guid":{"rendered":"http:\/\/www.ge-sagt.de\/?p=808"},"modified":"2016-10-25T14:06:26","modified_gmt":"2016-10-25T12:06:26","slug":"ge-schluerft-virtual-coffee-am-montag-morgen","status":"publish","type":"post","link":"https:\/\/www.ge-sagt.de\/index.php\/ge-schluerft-virtual-coffee-am-montag-morgen\/","title":{"rendered":"Ge-schl\u00fcrft: Virtual Coffee am Montag Morgen"},"content":{"rendered":"<p style=\"text-align: justify;\"><img decoding=\"async\" data-attachment-id=\"813\" data-permalink=\"https:\/\/www.ge-sagt.de\/index.php\/ge-schluerft-virtual-coffee-am-montag-morgen\/vf-1-rettungsring\/\" data-orig-file=\"https:\/\/www.ge-sagt.de\/wp-content\/uploads\/2013\/09\/VF-1-Rettungsring.jpg\" data-orig-size=\"1000,1333\" data-comments-opened=\"1\" data-image-meta=\"{&quot;aperture&quot;:&quot;2.4&quot;,&quot;credit&quot;:&quot;&quot;,&quot;camera&quot;:&quot;iPhone 4S&quot;,&quot;caption&quot;:&quot;&quot;,&quot;created_timestamp&quot;:&quot;1380472697&quot;,&quot;copyright&quot;:&quot;&quot;,&quot;focal_length&quot;:&quot;4.28&quot;,&quot;iso&quot;:&quot;50&quot;,&quot;shutter_speed&quot;:&quot;0.00057903879559931&quot;,&quot;title&quot;:&quot;&quot;}\" data-image-title=\"VF 1 Rettungsring\" data-image-description=\"\" data-image-caption=\"\" data-large-file=\"https:\/\/www.ge-sagt.de\/wp-content\/uploads\/2013\/09\/VF-1-Rettungsring-768x1024.jpg\" class=\"wp-image-813 aligncenter\" alt=\"VF 1 Rettungsring\" src=\"http:\/\/www.ge-sagt.de\/wp-content\/uploads\/2013\/09\/VF-1-Rettungsring.jpg\" width=\"406\" height=\"542\" srcset=\"https:\/\/www.ge-sagt.de\/wp-content\/uploads\/2013\/09\/VF-1-Rettungsring-225x300.jpg 225w, https:\/\/www.ge-sagt.de\/wp-content\/uploads\/2013\/09\/VF-1-Rettungsring-600x800.jpg 600w, https:\/\/www.ge-sagt.de\/wp-content\/uploads\/2013\/09\/VF-1-Rettungsring-768x1024.jpg 768w, https:\/\/www.ge-sagt.de\/wp-content\/uploads\/2013\/09\/VF-1-Rettungsring.jpg 1000w\" sizes=\"(max-width: 406px) 100vw, 406px\" \/>Ich m\u00f6chte Euch alle heute morgen herzlich zu einem Kaffee einladen und ein bi\u00dfchen \u00fcber das Wochenende zu plauschen. Also eigentlich m\u00f6chte ich Euch gar nicht zu mir einladen, sondern zu Bine\u00a0 mit Ihrem Blog &#8222;<a title=\"Blog von Bine\" href=\"http:\/\/www.waseigenes.com\/category\/virtual-coffee\/\" target=\"_blank\">was eigenes<\/a>&#8222;. Bine hatte n\u00e4mlich die wunderbare Idee in die Woche mit einem kleinen virtuellen Kaffeekr\u00e4nzchen zu starten. So kann man sich ganz gem\u00fctlich \u00fcber die Erlebnisse des Wochenendes austauschen. Da mache ich doch heute gleich mal mit.<!--more--><\/p>\n<p style=\"text-align: justify;\">Unser Wochenende war wirklich unheimlich entspannt und wundersch\u00f6n. Hier in Hamburg war die ganzen zwei Tage einfach grandioses Herbstwetter mit viel Sonne und blauem Himmel, daher haben wir viel Zeit drau\u00dfen verbracht. Leider haben wir dadurch gar nicht alles geschafft was wir uns so vorgenommen hatten an Pflichterf\u00fcllung (z.B. Kleiderschrank auf Winter umstellen, Kinderzimmer fertig umr\u00e4umen, Herbstdeko fertigen&#8230;), aber dieses Wochenende war die Erholung einfach wichtiger. Vor allem da wir letztes Wochenende die ganze Zeit unterwegs waren.<br \/>\nGestartet haben wir das Wochenende mit einem sehr gem\u00fctlichen Fr\u00fchst\u00fcck in unserer kleinen Dreier-Runde, mein Mann, meine 2-J\u00e4hrige Tochter und ich. Und dann ging es auf Richtung Deichtorhallen um uns dort die Designmesse <a title=\"Blickfang 2013\" href=\"http:\/\/www.blickfang.com\/blickfang\/messe\/hamburg\" target=\"_blank\">Blickfang<\/a> anzusehen.<br \/>\n<img decoding=\"async\" data-attachment-id=\"811\" data-permalink=\"https:\/\/www.ge-sagt.de\/index.php\/ge-schluerft-virtual-coffee-am-montag-morgen\/vf-1-deichtorhalle\/\" data-orig-file=\"https:\/\/www.ge-sagt.de\/wp-content\/uploads\/2013\/09\/VF-1-Deichtorhalle.jpg\" data-orig-size=\"1000,1333\" data-comments-opened=\"1\" data-image-meta=\"{&quot;aperture&quot;:&quot;2.4&quot;,&quot;credit&quot;:&quot;&quot;,&quot;camera&quot;:&quot;iPhone 4S&quot;,&quot;caption&quot;:&quot;&quot;,&quot;created_timestamp&quot;:&quot;1380363147&quot;,&quot;copyright&quot;:&quot;&quot;,&quot;focal_length&quot;:&quot;4.28&quot;,&quot;iso&quot;:&quot;50&quot;,&quot;shutter_speed&quot;:&quot;0.00034399724802202&quot;,&quot;title&quot;:&quot;&quot;}\" data-image-title=\"VF 1 Deichtorhalle\" data-image-description=\"\" data-image-caption=\"\" data-large-file=\"https:\/\/www.ge-sagt.de\/wp-content\/uploads\/2013\/09\/VF-1-Deichtorhalle-768x1024.jpg\" class=\"wp-image-811 aligncenter\" alt=\"VF 1 Deichtorhalle\" src=\"http:\/\/www.ge-sagt.de\/wp-content\/uploads\/2013\/09\/VF-1-Deichtorhalle.jpg\" width=\"403\" height=\"537\" srcset=\"https:\/\/www.ge-sagt.de\/wp-content\/uploads\/2013\/09\/VF-1-Deichtorhalle-225x300.jpg 225w, https:\/\/www.ge-sagt.de\/wp-content\/uploads\/2013\/09\/VF-1-Deichtorhalle-600x800.jpg 600w, https:\/\/www.ge-sagt.de\/wp-content\/uploads\/2013\/09\/VF-1-Deichtorhalle-768x1024.jpg 768w, https:\/\/www.ge-sagt.de\/wp-content\/uploads\/2013\/09\/VF-1-Deichtorhalle.jpg 1000w\" sizes=\"(max-width: 403px) 100vw, 403px\" \/>Es gab viele sch\u00f6ne und interessante Aussteller und sogar eine Kinderbetreuung. Nach ein bi\u00dfchen Eingew\u00f6hnungszeit f\u00fchlte sich unsere Kleine dort sogar so wohl, dass mein Mann und ich alleine \u00fcber die Messe schlendern konnten. Da wir das schon wirklich lange nicht mehr gemacht haben, haben wir es unheimlich genossen (P.S. Wir sind ein bi\u00dfchen auf den Geschmack gekommen, also falls jemand einen zuverl\u00e4ssigen Babysitter in Hamburg kennt, bitte melden!). Ich h\u00e4tte \u00fcbrigens eigentlich die halbe Messe leer kaufen k\u00f6nnen, habe mir aber selbst ein September-Shopping-Verbot auferlegt. Daher sind wir mit leeren H\u00e4nden zum Mittagessen gepilgert und haben dabei das sch\u00f6ne Wetter und Hamburgs Kulisse bewundert.<br \/>\n<img decoding=\"async\" data-attachment-id=\"818\" data-permalink=\"https:\/\/www.ge-sagt.de\/index.php\/ge-schluerft-virtual-coffee-am-montag-morgen\/vf-1-unterwegs\/\" data-orig-file=\"https:\/\/www.ge-sagt.de\/wp-content\/uploads\/2013\/09\/VF-1-unterwegs.jpg\" data-orig-size=\"1000,1333\" data-comments-opened=\"1\" data-image-meta=\"{&quot;aperture&quot;:&quot;2.4&quot;,&quot;credit&quot;:&quot;&quot;,&quot;camera&quot;:&quot;iPhone 4S&quot;,&quot;caption&quot;:&quot;&quot;,&quot;created_timestamp&quot;:&quot;1380371831&quot;,&quot;copyright&quot;:&quot;&quot;,&quot;focal_length&quot;:&quot;4.28&quot;,&quot;iso&quot;:&quot;50&quot;,&quot;shutter_speed&quot;:&quot;0.00070621468926554&quot;,&quot;title&quot;:&quot;&quot;}\" data-image-title=\"VF 1 unterwegs\" data-image-description=\"\" data-image-caption=\"\" data-large-file=\"https:\/\/www.ge-sagt.de\/wp-content\/uploads\/2013\/09\/VF-1-unterwegs-768x1024.jpg\" class=\"wp-image-818 aligncenter\" alt=\"VF 1 unterwegs\" src=\"http:\/\/www.ge-sagt.de\/wp-content\/uploads\/2013\/09\/VF-1-unterwegs.jpg\" width=\"392\" height=\"522\" srcset=\"https:\/\/www.ge-sagt.de\/wp-content\/uploads\/2013\/09\/VF-1-unterwegs-225x300.jpg 225w, https:\/\/www.ge-sagt.de\/wp-content\/uploads\/2013\/09\/VF-1-unterwegs-600x800.jpg 600w, https:\/\/www.ge-sagt.de\/wp-content\/uploads\/2013\/09\/VF-1-unterwegs-768x1024.jpg 768w, https:\/\/www.ge-sagt.de\/wp-content\/uploads\/2013\/09\/VF-1-unterwegs.jpg 1000w\" sizes=\"(max-width: 392px) 100vw, 392px\" \/>Nach einer ausgedehnten Mittagsstunde f\u00fcr die ganze Familie haben wir den Rest des Nachmittags auf dem Spielplatz verbracht und uns danach bei einem deftigen Gulasch mit K\u00fcrbis wieder aufgew\u00e4rmt. Nach dem gem\u00fctlichen Sonntagsfr\u00fchst\u00fcck standen dann erstmal kleine hektische Flecken auf meinem Gesicht, denn irgend jemand hatte meinen e-mail Account gehackt und verschickte flei\u00dfig Spam Mails \u00fcber meinen Account, so dass ein Gro\u00df-Rundumumschlag an Passwort-Wechseln n\u00f6tig war. Wir haben es dann aber nachmittags doch noch zu einem ausgedehnten Alster-Spaziergang geschafft und uns dabei ordentlich den Wind um die Nase wehen lassen.<br \/>\n<img decoding=\"async\" data-attachment-id=\"812\" data-permalink=\"https:\/\/www.ge-sagt.de\/index.php\/ge-schluerft-virtual-coffee-am-montag-morgen\/vf-1-alster\/\" data-orig-file=\"https:\/\/www.ge-sagt.de\/wp-content\/uploads\/2013\/09\/VF-1-Alster.jpg\" data-orig-size=\"1000,1333\" data-comments-opened=\"1\" data-image-meta=\"{&quot;aperture&quot;:&quot;2.4&quot;,&quot;credit&quot;:&quot;&quot;,&quot;camera&quot;:&quot;iPhone 4S&quot;,&quot;caption&quot;:&quot;&quot;,&quot;created_timestamp&quot;:&quot;1380472637&quot;,&quot;copyright&quot;:&quot;&quot;,&quot;focal_length&quot;:&quot;4.28&quot;,&quot;iso&quot;:&quot;50&quot;,&quot;shutter_speed&quot;:&quot;0.00057903879559931&quot;,&quot;title&quot;:&quot;&quot;}\" data-image-title=\"VF 1 Alster\" data-image-description=\"\" data-image-caption=\"\" data-large-file=\"https:\/\/www.ge-sagt.de\/wp-content\/uploads\/2013\/09\/VF-1-Alster-768x1024.jpg\" class=\"wp-image-812 aligncenter\" alt=\"VF 1 Alster\" src=\"http:\/\/www.ge-sagt.de\/wp-content\/uploads\/2013\/09\/VF-1-Alster.jpg\" width=\"392\" height=\"522\" srcset=\"https:\/\/www.ge-sagt.de\/wp-content\/uploads\/2013\/09\/VF-1-Alster-225x300.jpg 225w, https:\/\/www.ge-sagt.de\/wp-content\/uploads\/2013\/09\/VF-1-Alster-600x800.jpg 600w, https:\/\/www.ge-sagt.de\/wp-content\/uploads\/2013\/09\/VF-1-Alster-768x1024.jpg 768w, https:\/\/www.ge-sagt.de\/wp-content\/uploads\/2013\/09\/VF-1-Alster.jpg 1000w\" sizes=\"(max-width: 392px) 100vw, 392px\" \/> Zur\u00fcck zu Hause habe ich ein bi\u00dfchen mit einer 3D Photo-App von <a title=\"Tadaa 3D\" href=\"http:\/\/www.tadaa.net\/\" target=\"_blank\">Tadaa<\/a> rumgespielt, und ein sch\u00f6nes Foto des Nachmittags in ein 3D Bild umgewandelt. Ich habe dazu das Leitbild dieses Artikels mit dem Rettungsring gew\u00e4hlt. In der App bewegt sich der Ring dann 3D m\u00e4\u00dfig, wenn man das Handy bewegt &#8211; sehr cool! War kinderleicht und wirklich ein super Effekt. Man braucht aber ein gutes Motiv, damit es gut r\u00fcber kommt. Werde ich aber bestimmt weiter benutzen und mich mal speziell auf Motivsuche f\u00fcr dieses Tool machen.<br \/>\n<img decoding=\"async\" data-attachment-id=\"814\" data-permalink=\"https:\/\/www.ge-sagt.de\/index.php\/ge-schluerft-virtual-coffee-am-montag-morgen\/vf-1-schmackofatz\/\" data-orig-file=\"https:\/\/www.ge-sagt.de\/wp-content\/uploads\/2013\/09\/VF-1-Schmackofatz.jpg\" data-orig-size=\"1000,1333\" data-comments-opened=\"1\" data-image-meta=\"{&quot;aperture&quot;:&quot;2.4&quot;,&quot;credit&quot;:&quot;&quot;,&quot;camera&quot;:&quot;iPhone 4S&quot;,&quot;caption&quot;:&quot;&quot;,&quot;created_timestamp&quot;:&quot;1380489724&quot;,&quot;copyright&quot;:&quot;&quot;,&quot;focal_length&quot;:&quot;4.28&quot;,&quot;iso&quot;:&quot;160&quot;,&quot;shutter_speed&quot;:&quot;0.05&quot;,&quot;title&quot;:&quot;&quot;}\" data-image-title=\"VF 1 Schmackofatz\" data-image-description=\"\" data-image-caption=\"\" data-large-file=\"https:\/\/www.ge-sagt.de\/wp-content\/uploads\/2013\/09\/VF-1-Schmackofatz-768x1024.jpg\" class=\"wp-image-814 aligncenter\" alt=\"VF 1 Schmackofatz\" src=\"http:\/\/www.ge-sagt.de\/wp-content\/uploads\/2013\/09\/VF-1-Schmackofatz.jpg\" width=\"392\" height=\"522\" srcset=\"https:\/\/www.ge-sagt.de\/wp-content\/uploads\/2013\/09\/VF-1-Schmackofatz-225x300.jpg 225w, https:\/\/www.ge-sagt.de\/wp-content\/uploads\/2013\/09\/VF-1-Schmackofatz-600x800.jpg 600w, https:\/\/www.ge-sagt.de\/wp-content\/uploads\/2013\/09\/VF-1-Schmackofatz-768x1024.jpg 768w, https:\/\/www.ge-sagt.de\/wp-content\/uploads\/2013\/09\/VF-1-Schmackofatz.jpg 1000w\" sizes=\"(max-width: 392px) 100vw, 392px\" \/> Zum Abschlu\u00df des Wochenendes habe ich noch ein leckeres Schmackofatz-Rezept f\u00fcr einen Nachtisch getestet und dokumentiert (es wird ein Post folgen) und dann ging es ab auf die Couch f\u00fcr eine aufgenomme Folge der Serie &#8222;<a title=\"Crossing Lines\" href=\"http:\/\/www.serienjunkies.de\/crossing-lines\/\" target=\"_blank\">Crossing Lines<\/a>&#8220; &#8211; Tatort kam ja nicht.<br \/>\nUnd nun sitze ich mit Laptop im Bett und hoffe auf eine gute Nacht und einen sch\u00f6nen Start in den Montag Morgen!<\/p>\n<p>Wie war denn Euer Wochenende?<\/p>\n<p>Liebe Gr\u00fc\u00dfe<\/p>\n<p>Gesa<\/p>\n<p>P.P.S. Heute abend l\u00e4uft \u00fcbrigens mein <a title=\"Gewinnspiel\" href=\"http:\/\/www.ge-sagt.de\/index.php\/ge-winne-gewinne-gewinnspiel\/\" target=\"_blank\">Gewinnspiel<\/a> aus, also wer Lust hat sollte heute noch unbedingt vorbei schauen und einen Kommentar hinterlassen!<\/p>\n","protected":false},"excerpt":{"rendered":"<p>Ich m\u00f6chte Euch alle heute morgen herzlich zu einem Kaffee einladen und ein bi\u00dfchen \u00fcber das Wochenende zu plauschen. Also eigentlich m\u00f6chte ich Euch gar nicht zu mir einladen, sondern zu Bine\u00a0 mit Ihrem Blog &#8222;was eigenes&#8222;. Bine hatte n\u00e4mlich die wunderbare Idee in die Woche mit einem kleinen virtuellen Kaffeekr\u00e4nzchen zu starten. So kann [&hellip;]<\/p>\n","protected":false},"author":2,"featured_media":0,"comment_status":"open","ping_status":"open","sticky":false,"template":"","format":"standard","meta":{"jetpack_post_was_ever_published":false,"_jetpack_newsletter_access":"","_jetpack_dont_email_post_to_subs":true,"_jetpack_newsletter_tier_id":0,"_jetpack_memberships_contains_paywalled_content":false,"_jetpack_memberships_contains_paid_content":false,"footnotes":"","jetpack_publicize_message":"","jetpack_publicize_feature_enabled":true,"jetpack_social_post_already_shared":true,"jetpack_social_options":{"image_generator_settings":{"template":"highway","default_image_id":0,"font":"","enabled":false},"version":2}},"categories":[1,5,162,4],"tags":[165,164,163],"class_list":["post-808","post","type-post","status-publish","format-standard","hentry","category-allgemein","category-ge-dacht","category-ge-schluerft","category-ge-tan","tag-alster","tag-hamburg","tag-kaffee"],"yoast_head":"<!-- This site is optimized with the Yoast SEO plugin v27.4 - https:\/\/yoast.com\/product\/yoast-seo-wordpress\/ -->\n<title>Ge-schl\u00fcrft: Virtual Coffee am Montag Morgen - ge-sagt.de<\/title>\n<meta name=\"robots\" content=\"index, follow, max-snippet:-1, max-image-preview:large, max-video-preview:-1\" \/>\n<link rel=\"canonical\" href=\"https:\/\/www.ge-sagt.de\/index.php\/ge-schluerft-virtual-coffee-am-montag-morgen\/\" \/>\n<meta property=\"og:locale\" content=\"de_DE\" \/>\n<meta property=\"og:type\" content=\"article\" \/>\n<meta property=\"og:title\" content=\"Ge-schl\u00fcrft: Virtual Coffee am Montag Morgen - ge-sagt.de\" \/>\n<meta property=\"og:description\" content=\"Ich m\u00f6chte Euch alle heute morgen herzlich zu einem Kaffee einladen und ein bi\u00dfchen \u00fcber das Wochenende zu plauschen. Also eigentlich m\u00f6chte ich Euch gar nicht zu mir einladen, sondern zu Bine\u00a0 mit Ihrem Blog &#8222;was eigenes&#8222;. Bine hatte n\u00e4mlich die wunderbare Idee in die Woche mit einem kleinen virtuellen Kaffeekr\u00e4nzchen zu starten. So kann [&hellip;]\" \/>\n<meta property=\"og:url\" content=\"https:\/\/www.ge-sagt.de\/index.php\/ge-schluerft-virtual-coffee-am-montag-morgen\/\" \/>\n<meta property=\"og:site_name\" content=\"ge-sagt.de\" \/>\n<meta property=\"article:published_time\" content=\"2013-09-30T05:30:52+00:00\" \/>\n<meta property=\"article:modified_time\" content=\"2016-10-25T12:06:26+00:00\" \/>\n<meta property=\"og:image\" content=\"http:\/\/www.ge-sagt.de\/wp-content\/uploads\/2013\/09\/VF-1-Rettungsring.jpg\" \/>\n<meta name=\"author\" content=\"Gesa\" \/>\n<meta name=\"twitter:label1\" content=\"Verfasst von\" \/>\n\t<meta name=\"twitter:data1\" content=\"Gesa\" \/>\n\t<meta name=\"twitter:label2\" content=\"Gesch\u00e4tzte Lesezeit\" \/>\n\t<meta name=\"twitter:data2\" content=\"3\u00a0Minuten\" \/>\n<script type=\"application\/ld+json\" class=\"yoast-schema-graph\">{\"@context\":\"https:\\\/\\\/schema.org\",\"@graph\":[{\"@type\":\"Article\",\"@id\":\"https:\\\/\\\/www.ge-sagt.de\\\/index.php\\\/ge-schluerft-virtual-coffee-am-montag-morgen\\\/#article\",\"isPartOf\":{\"@id\":\"https:\\\/\\\/www.ge-sagt.de\\\/index.php\\\/ge-schluerft-virtual-coffee-am-montag-morgen\\\/\"},\"author\":{\"name\":\"Gesa\",\"@id\":\"https:\\\/\\\/www.ge-sagt.de\\\/#\\\/schema\\\/person\\\/f6ec6da1209901fb058ae74d414f295d\"},\"headline\":\"Ge-schl\u00fcrft: Virtual Coffee am Montag Morgen\",\"datePublished\":\"2013-09-30T05:30:52+00:00\",\"dateModified\":\"2016-10-25T12:06:26+00:00\",\"mainEntityOfPage\":{\"@id\":\"https:\\\/\\\/www.ge-sagt.de\\\/index.php\\\/ge-schluerft-virtual-coffee-am-montag-morgen\\\/\"},\"wordCount\":618,\"commentCount\":3,\"image\":{\"@id\":\"https:\\\/\\\/www.ge-sagt.de\\\/index.php\\\/ge-schluerft-virtual-coffee-am-montag-morgen\\\/#primaryimage\"},\"thumbnailUrl\":\"http:\\\/\\\/www.ge-sagt.de\\\/wp-content\\\/uploads\\\/2013\\\/09\\\/VF-1-Rettungsring.jpg\",\"keywords\":[\"Alster\",\"Hamburg\",\"Kaffee\"],\"articleSection\":{\"1\":\"Ge-dacht\",\"2\":\"Ge-schl\u00fcrft\",\"3\":\"Ge-tan\"},\"inLanguage\":\"de\",\"potentialAction\":[{\"@type\":\"CommentAction\",\"name\":\"Comment\",\"target\":[\"https:\\\/\\\/www.ge-sagt.de\\\/index.php\\\/ge-schluerft-virtual-coffee-am-montag-morgen\\\/#respond\"]}]},{\"@type\":\"WebPage\",\"@id\":\"https:\\\/\\\/www.ge-sagt.de\\\/index.php\\\/ge-schluerft-virtual-coffee-am-montag-morgen\\\/\",\"url\":\"https:\\\/\\\/www.ge-sagt.de\\\/index.php\\\/ge-schluerft-virtual-coffee-am-montag-morgen\\\/\",\"name\":\"Ge-schl\u00fcrft: Virtual Coffee am Montag Morgen - ge-sagt.de\",\"isPartOf\":{\"@id\":\"https:\\\/\\\/www.ge-sagt.de\\\/#website\"},\"primaryImageOfPage\":{\"@id\":\"https:\\\/\\\/www.ge-sagt.de\\\/index.php\\\/ge-schluerft-virtual-coffee-am-montag-morgen\\\/#primaryimage\"},\"image\":{\"@id\":\"https:\\\/\\\/www.ge-sagt.de\\\/index.php\\\/ge-schluerft-virtual-coffee-am-montag-morgen\\\/#primaryimage\"},\"thumbnailUrl\":\"http:\\\/\\\/www.ge-sagt.de\\\/wp-content\\\/uploads\\\/2013\\\/09\\\/VF-1-Rettungsring.jpg\",\"datePublished\":\"2013-09-30T05:30:52+00:00\",\"dateModified\":\"2016-10-25T12:06:26+00:00\",\"author\":{\"@id\":\"https:\\\/\\\/www.ge-sagt.de\\\/#\\\/schema\\\/person\\\/f6ec6da1209901fb058ae74d414f295d\"},\"breadcrumb\":{\"@id\":\"https:\\\/\\\/www.ge-sagt.de\\\/index.php\\\/ge-schluerft-virtual-coffee-am-montag-morgen\\\/#breadcrumb\"},\"inLanguage\":\"de\",\"potentialAction\":[{\"@type\":\"ReadAction\",\"target\":[\"https:\\\/\\\/www.ge-sagt.de\\\/index.php\\\/ge-schluerft-virtual-coffee-am-montag-morgen\\\/\"]}]},{\"@type\":\"ImageObject\",\"inLanguage\":\"de\",\"@id\":\"https:\\\/\\\/www.ge-sagt.de\\\/index.php\\\/ge-schluerft-virtual-coffee-am-montag-morgen\\\/#primaryimage\",\"url\":\"https:\\\/\\\/www.ge-sagt.de\\\/wp-content\\\/uploads\\\/2013\\\/09\\\/VF-1-Rettungsring.jpg\",\"contentUrl\":\"https:\\\/\\\/www.ge-sagt.de\\\/wp-content\\\/uploads\\\/2013\\\/09\\\/VF-1-Rettungsring.jpg\",\"width\":1000,\"height\":1333},{\"@type\":\"BreadcrumbList\",\"@id\":\"https:\\\/\\\/www.ge-sagt.de\\\/index.php\\\/ge-schluerft-virtual-coffee-am-montag-morgen\\\/#breadcrumb\",\"itemListElement\":[{\"@type\":\"ListItem\",\"position\":1,\"name\":\"Home\",\"item\":\"https:\\\/\\\/www.ge-sagt.de\\\/\"},{\"@type\":\"ListItem\",\"position\":2,\"name\":\"Ge-schl\u00fcrft: Virtual Coffee am Montag Morgen\"}]},{\"@type\":\"WebSite\",\"@id\":\"https:\\\/\\\/www.ge-sagt.de\\\/#website\",\"url\":\"https:\\\/\\\/www.ge-sagt.de\\\/\",\"name\":\"ge-sagt.de\",\"description\":\"Gesa denkt, sagt und tut auf diesem Blog\",\"potentialAction\":[{\"@type\":\"SearchAction\",\"target\":{\"@type\":\"EntryPoint\",\"urlTemplate\":\"https:\\\/\\\/www.ge-sagt.de\\\/?s={search_term_string}\"},\"query-input\":{\"@type\":\"PropertyValueSpecification\",\"valueRequired\":true,\"valueName\":\"search_term_string\"}}],\"inLanguage\":\"de\"},{\"@type\":\"Person\",\"@id\":\"https:\\\/\\\/www.ge-sagt.de\\\/#\\\/schema\\\/person\\\/f6ec6da1209901fb058ae74d414f295d\",\"name\":\"Gesa\",\"image\":{\"@type\":\"ImageObject\",\"inLanguage\":\"de\",\"@id\":\"https:\\\/\\\/secure.gravatar.com\\\/avatar\\\/b2210b745bd73a1286fa46a53ee66332ba91d4de884ca4cdeaa854740a7b03a0?s=96&d=mm&r=g\",\"url\":\"https:\\\/\\\/secure.gravatar.com\\\/avatar\\\/b2210b745bd73a1286fa46a53ee66332ba91d4de884ca4cdeaa854740a7b03a0?s=96&d=mm&r=g\",\"contentUrl\":\"https:\\\/\\\/secure.gravatar.com\\\/avatar\\\/b2210b745bd73a1286fa46a53ee66332ba91d4de884ca4cdeaa854740a7b03a0?s=96&d=mm&r=g\",\"caption\":\"Gesa\"},\"url\":\"https:\\\/\\\/www.ge-sagt.de\\\/index.php\\\/author\\\/gesa\\\/\"}]}<\/script>\n<!-- \/ Yoast SEO plugin. -->","yoast_head_json":{"title":"Ge-schl\u00fcrft: Virtual Coffee am Montag Morgen - ge-sagt.de","robots":{"index":"index","follow":"follow","max-snippet":"max-snippet:-1","max-image-preview":"max-image-preview:large","max-video-preview":"max-video-preview:-1"},"canonical":"https:\/\/www.ge-sagt.de\/index.php\/ge-schluerft-virtual-coffee-am-montag-morgen\/","og_locale":"de_DE","og_type":"article","og_title":"Ge-schl\u00fcrft: Virtual Coffee am Montag Morgen - ge-sagt.de","og_description":"Ich m\u00f6chte Euch alle heute morgen herzlich zu einem Kaffee einladen und ein bi\u00dfchen \u00fcber das Wochenende zu plauschen. Also eigentlich m\u00f6chte ich Euch gar nicht zu mir einladen, sondern zu Bine\u00a0 mit Ihrem Blog &#8222;was eigenes&#8222;. Bine hatte n\u00e4mlich die wunderbare Idee in die Woche mit einem kleinen virtuellen Kaffeekr\u00e4nzchen zu starten. So kann [&hellip;]","og_url":"https:\/\/www.ge-sagt.de\/index.php\/ge-schluerft-virtual-coffee-am-montag-morgen\/","og_site_name":"ge-sagt.de","article_published_time":"2013-09-30T05:30:52+00:00","article_modified_time":"2016-10-25T12:06:26+00:00","og_image":[{"url":"http:\/\/www.ge-sagt.de\/wp-content\/uploads\/2013\/09\/VF-1-Rettungsring.jpg","type":"","width":"","height":""}],"author":"Gesa","twitter_misc":{"Verfasst von":"Gesa","Gesch\u00e4tzte Lesezeit":"3\u00a0Minuten"},"schema":{"@context":"https:\/\/schema.org","@graph":[{"@type":"Article","@id":"https:\/\/www.ge-sagt.de\/index.php\/ge-schluerft-virtual-coffee-am-montag-morgen\/#article","isPartOf":{"@id":"https:\/\/www.ge-sagt.de\/index.php\/ge-schluerft-virtual-coffee-am-montag-morgen\/"},"author":{"name":"Gesa","@id":"https:\/\/www.ge-sagt.de\/#\/schema\/person\/f6ec6da1209901fb058ae74d414f295d"},"headline":"Ge-schl\u00fcrft: Virtual Coffee am Montag Morgen","datePublished":"2013-09-30T05:30:52+00:00","dateModified":"2016-10-25T12:06:26+00:00","mainEntityOfPage":{"@id":"https:\/\/www.ge-sagt.de\/index.php\/ge-schluerft-virtual-coffee-am-montag-morgen\/"},"wordCount":618,"commentCount":3,"image":{"@id":"https:\/\/www.ge-sagt.de\/index.php\/ge-schluerft-virtual-coffee-am-montag-morgen\/#primaryimage"},"thumbnailUrl":"http:\/\/www.ge-sagt.de\/wp-content\/uploads\/2013\/09\/VF-1-Rettungsring.jpg","keywords":["Alster","Hamburg","Kaffee"],"articleSection":{"1":"Ge-dacht","2":"Ge-schl\u00fcrft","3":"Ge-tan"},"inLanguage":"de","potentialAction":[{"@type":"CommentAction","name":"Comment","target":["https:\/\/www.ge-sagt.de\/index.php\/ge-schluerft-virtual-coffee-am-montag-morgen\/#respond"]}]},{"@type":"WebPage","@id":"https:\/\/www.ge-sagt.de\/index.php\/ge-schluerft-virtual-coffee-am-montag-morgen\/","url":"https:\/\/www.ge-sagt.de\/index.php\/ge-schluerft-virtual-coffee-am-montag-morgen\/","name":"Ge-schl\u00fcrft: Virtual Coffee am Montag Morgen - ge-sagt.de","isPartOf":{"@id":"https:\/\/www.ge-sagt.de\/#website"},"primaryImageOfPage":{"@id":"https:\/\/www.ge-sagt.de\/index.php\/ge-schluerft-virtual-coffee-am-montag-morgen\/#primaryimage"},"image":{"@id":"https:\/\/www.ge-sagt.de\/index.php\/ge-schluerft-virtual-coffee-am-montag-morgen\/#primaryimage"},"thumbnailUrl":"http:\/\/www.ge-sagt.de\/wp-content\/uploads\/2013\/09\/VF-1-Rettungsring.jpg","datePublished":"2013-09-30T05:30:52+00:00","dateModified":"2016-10-25T12:06:26+00:00","author":{"@id":"https:\/\/www.ge-sagt.de\/#\/schema\/person\/f6ec6da1209901fb058ae74d414f295d"},"breadcrumb":{"@id":"https:\/\/www.ge-sagt.de\/index.php\/ge-schluerft-virtual-coffee-am-montag-morgen\/#breadcrumb"},"inLanguage":"de","potentialAction":[{"@type":"ReadAction","target":["https:\/\/www.ge-sagt.de\/index.php\/ge-schluerft-virtual-coffee-am-montag-morgen\/"]}]},{"@type":"ImageObject","inLanguage":"de","@id":"https:\/\/www.ge-sagt.de\/index.php\/ge-schluerft-virtual-coffee-am-montag-morgen\/#primaryimage","url":"https:\/\/www.ge-sagt.de\/wp-content\/uploads\/2013\/09\/VF-1-Rettungsring.jpg","contentUrl":"https:\/\/www.ge-sagt.de\/wp-content\/uploads\/2013\/09\/VF-1-Rettungsring.jpg","width":1000,"height":1333},{"@type":"BreadcrumbList","@id":"https:\/\/www.ge-sagt.de\/index.php\/ge-schluerft-virtual-coffee-am-montag-morgen\/#breadcrumb","itemListElement":[{"@type":"ListItem","position":1,"name":"Home","item":"https:\/\/www.ge-sagt.de\/"},{"@type":"ListItem","position":2,"name":"Ge-schl\u00fcrft: Virtual Coffee am Montag Morgen"}]},{"@type":"WebSite","@id":"https:\/\/www.ge-sagt.de\/#website","url":"https:\/\/www.ge-sagt.de\/","name":"ge-sagt.de","description":"Gesa denkt, sagt und tut auf diesem Blog","potentialAction":[{"@type":"SearchAction","target":{"@type":"EntryPoint","urlTemplate":"https:\/\/www.ge-sagt.de\/?s={search_term_string}"},"query-input":{"@type":"PropertyValueSpecification","valueRequired":true,"valueName":"search_term_string"}}],"inLanguage":"de"},{"@type":"Person","@id":"https:\/\/www.ge-sagt.de\/#\/schema\/person\/f6ec6da1209901fb058ae74d414f295d","name":"Gesa","image":{"@type":"ImageObject","inLanguage":"de","@id":"https:\/\/secure.gravatar.com\/avatar\/b2210b745bd73a1286fa46a53ee66332ba91d4de884ca4cdeaa854740a7b03a0?s=96&d=mm&r=g","url":"https:\/\/secure.gravatar.com\/avatar\/b2210b745bd73a1286fa46a53ee66332ba91d4de884ca4cdeaa854740a7b03a0?s=96&d=mm&r=g","contentUrl":"https:\/\/secure.gravatar.com\/avatar\/b2210b745bd73a1286fa46a53ee66332ba91d4de884ca4cdeaa854740a7b03a0?s=96&d=mm&r=g","caption":"Gesa"},"url":"https:\/\/www.ge-sagt.de\/index.php\/author\/gesa\/"}]}},"jetpack_publicize_connections":[],"jetpack_featured_media_url":"","jetpack_shortlink":"https:\/\/wp.me\/p3aAW4-d2","jetpack_sharing_enabled":true,"_links":{"self":[{"href":"https:\/\/www.ge-sagt.de\/index.php\/wp-json\/wp\/v2\/posts\/808","targetHints":{"allow":["GET"]}}],"collection":[{"href":"https:\/\/www.ge-sagt.de\/index.php\/wp-json\/wp\/v2\/posts"}],"about":[{"href":"https:\/\/www.ge-sagt.de\/index.php\/wp-json\/wp\/v2\/types\/post"}],"author":[{"embeddable":true,"href":"https:\/\/www.ge-sagt.de\/index.php\/wp-json\/wp\/v2\/users\/2"}],"replies":[{"embeddable":true,"href":"https:\/\/www.ge-sagt.de\/index.php\/wp-json\/wp\/v2\/comments?post=808"}],"version-history":[{"count":10,"href":"https:\/\/www.ge-sagt.de\/index.php\/wp-json\/wp\/v2\/posts\/808\/revisions"}],"predecessor-version":[{"id":824,"href":"https:\/\/www.ge-sagt.de\/index.php\/wp-json\/wp\/v2\/posts\/808\/revisions\/824"}],"wp:attachment":[{"href":"https:\/\/www.ge-sagt.de\/index.php\/wp-json\/wp\/v2\/media?parent=808"}],"wp:term":[{"taxonomy":"category","embeddable":true,"href":"https:\/\/www.ge-sagt.de\/index.php\/wp-json\/wp\/v2\/categories?post=808"},{"taxonomy":"post_tag","embeddable":true,"href":"https:\/\/www.ge-sagt.de\/index.php\/wp-json\/wp\/v2\/tags?post=808"}],"curies":[{"name":"wp","href":"https:\/\/api.w.org\/{rel}","templated":true}]}}