{"id":709,"date":"2013-09-12T20:43:48","date_gmt":"2013-09-12T18:43:48","guid":{"rendered":"http:\/\/www.ge-sagt.de\/?p=709"},"modified":"2016-10-25T14:06:27","modified_gmt":"2016-10-25T12:06:27","slug":"ge-kipst-12-von-12-im-september","status":"publish","type":"post","link":"https:\/\/www.ge-sagt.de\/index.php\/ge-kipst-12-von-12-im-september\/","title":{"rendered":"Ge-knipst: 12 von 12 im September"},"content":{"rendered":"<p style=\"text-align: center;\">Ich hatte mir schon ewig vorgenommen, bei <a title=\"12 von 12\" href=\"http:\/\/draussennurkaennchen.blogspot.de\/p\/12-von-12.html\" target=\"_blank\">12 von 12<\/a> von Caro und Ihrem Blog <a title=\"Blog von Caro\" href=\"http:\/\/draussennurkaennchen.blogspot.de\/\" target=\"_blank\">&#8222;Drau\u00dfen nur K\u00e4nnchen&#8220;<\/a> mit zu machen, Und heute bin ich dabei! Also hier nun mein heutiger wirklich recht unspektakul\u00e4rer Tagesablauf in 12 Bildern. Viel Spa\u00df dabei!<br \/>\n<img decoding=\"async\" data-attachment-id=\"710\" data-permalink=\"https:\/\/www.ge-sagt.de\/index.php\/ge-kipst-12-von-12-im-september\/img_1684\/\" data-orig-file=\"https:\/\/www.ge-sagt.de\/wp-content\/uploads\/2013\/09\/IMG_1684.jpg\" data-orig-size=\"540,720\" data-comments-opened=\"1\" data-image-meta=\"{&quot;aperture&quot;:&quot;0&quot;,&quot;credit&quot;:&quot;&quot;,&quot;camera&quot;:&quot;&quot;,&quot;caption&quot;:&quot;&quot;,&quot;created_timestamp&quot;:&quot;0&quot;,&quot;copyright&quot;:&quot;&quot;,&quot;focal_length&quot;:&quot;0&quot;,&quot;iso&quot;:&quot;0&quot;,&quot;shutter_speed&quot;:&quot;0&quot;,&quot;title&quot;:&quot;&quot;}\" data-image-title=\"IMG_1684\" data-image-description=\"\" data-image-caption=\"\" data-large-file=\"https:\/\/www.ge-sagt.de\/wp-content\/uploads\/2013\/09\/IMG_1684.jpg\" class=\"aligncenter  wp-image-710\" alt=\"IMG_1684\" src=\"http:\/\/www.ge-sagt.de\/wp-content\/uploads\/2013\/09\/IMG_1684.jpg\" width=\"378\" height=\"504\" srcset=\"https:\/\/www.ge-sagt.de\/wp-content\/uploads\/2013\/09\/IMG_1684-225x300.jpg 225w, https:\/\/www.ge-sagt.de\/wp-content\/uploads\/2013\/09\/IMG_1684.jpg 540w\" sizes=\"(max-width: 378px) 100vw, 378px\" \/> Beim Fr\u00fchst\u00fcck noch nicht an 12 von 12 gedacht, aber im B\u00fcro erschreckt das Datum entdeckt. 1. Foto also heutiges Business-Outfit &#8211; schwarze Hose. Ist ja schon Herbst.<!--more--><img decoding=\"async\" data-attachment-id=\"711\" data-permalink=\"https:\/\/www.ge-sagt.de\/index.php\/ge-kipst-12-von-12-im-september\/img_1685\/\" data-orig-file=\"https:\/\/www.ge-sagt.de\/wp-content\/uploads\/2013\/09\/IMG_1685.jpg\" data-orig-size=\"540,720\" data-comments-opened=\"1\" data-image-meta=\"{&quot;aperture&quot;:&quot;0&quot;,&quot;credit&quot;:&quot;&quot;,&quot;camera&quot;:&quot;&quot;,&quot;caption&quot;:&quot;&quot;,&quot;created_timestamp&quot;:&quot;0&quot;,&quot;copyright&quot;:&quot;&quot;,&quot;focal_length&quot;:&quot;0&quot;,&quot;iso&quot;:&quot;0&quot;,&quot;shutter_speed&quot;:&quot;0&quot;,&quot;title&quot;:&quot;&quot;}\" data-image-title=\"IMG_1685\" data-image-description=\"\" data-image-caption=\"\" data-large-file=\"https:\/\/www.ge-sagt.de\/wp-content\/uploads\/2013\/09\/IMG_1685.jpg\" class=\"aligncenter  wp-image-711\" alt=\"IMG_1685\" src=\"http:\/\/www.ge-sagt.de\/wp-content\/uploads\/2013\/09\/IMG_1685.jpg\" width=\"378\" height=\"504\" srcset=\"https:\/\/www.ge-sagt.de\/wp-content\/uploads\/2013\/09\/IMG_1685-225x300.jpg 225w, https:\/\/www.ge-sagt.de\/wp-content\/uploads\/2013\/09\/IMG_1685.jpg 540w\" sizes=\"(max-width: 378px) 100vw, 378px\" \/> Doping f\u00fcr den Tag &#8211; bl\u00f6de hartn\u00e4ckige Erk\u00e4ltung!<img decoding=\"async\" data-attachment-id=\"712\" data-permalink=\"https:\/\/www.ge-sagt.de\/index.php\/ge-kipst-12-von-12-im-september\/img_1686\/\" data-orig-file=\"https:\/\/www.ge-sagt.de\/wp-content\/uploads\/2013\/09\/IMG_1686.jpg\" data-orig-size=\"540,720\" data-comments-opened=\"1\" data-image-meta=\"{&quot;aperture&quot;:&quot;0&quot;,&quot;credit&quot;:&quot;&quot;,&quot;camera&quot;:&quot;&quot;,&quot;caption&quot;:&quot;&quot;,&quot;created_timestamp&quot;:&quot;0&quot;,&quot;copyright&quot;:&quot;&quot;,&quot;focal_length&quot;:&quot;0&quot;,&quot;iso&quot;:&quot;0&quot;,&quot;shutter_speed&quot;:&quot;0&quot;,&quot;title&quot;:&quot;&quot;}\" data-image-title=\"IMG_1686\" data-image-description=\"\" data-image-caption=\"\" data-large-file=\"https:\/\/www.ge-sagt.de\/wp-content\/uploads\/2013\/09\/IMG_1686.jpg\" class=\"aligncenter  wp-image-712\" alt=\"IMG_1686\" src=\"http:\/\/www.ge-sagt.de\/wp-content\/uploads\/2013\/09\/IMG_1686.jpg\" width=\"378\" height=\"504\" srcset=\"https:\/\/www.ge-sagt.de\/wp-content\/uploads\/2013\/09\/IMG_1686-225x300.jpg 225w, https:\/\/www.ge-sagt.de\/wp-content\/uploads\/2013\/09\/IMG_1686.jpg 540w\" sizes=\"(max-width: 378px) 100vw, 378px\" \/> Mittagessen in der Kantine- Petersilienkartoffeln- u\u00e4h&#8230;.<img decoding=\"async\" data-attachment-id=\"713\" data-permalink=\"https:\/\/www.ge-sagt.de\/index.php\/ge-kipst-12-von-12-im-september\/img_1687\/\" data-orig-file=\"https:\/\/www.ge-sagt.de\/wp-content\/uploads\/2013\/09\/IMG_1687.jpg\" data-orig-size=\"540,720\" data-comments-opened=\"1\" data-image-meta=\"{&quot;aperture&quot;:&quot;0&quot;,&quot;credit&quot;:&quot;&quot;,&quot;camera&quot;:&quot;&quot;,&quot;caption&quot;:&quot;&quot;,&quot;created_timestamp&quot;:&quot;0&quot;,&quot;copyright&quot;:&quot;&quot;,&quot;focal_length&quot;:&quot;0&quot;,&quot;iso&quot;:&quot;0&quot;,&quot;shutter_speed&quot;:&quot;0&quot;,&quot;title&quot;:&quot;&quot;}\" data-image-title=\"IMG_1687\" data-image-description=\"\" data-image-caption=\"\" data-large-file=\"https:\/\/www.ge-sagt.de\/wp-content\/uploads\/2013\/09\/IMG_1687.jpg\" class=\"aligncenter  wp-image-713\" alt=\"IMG_1687\" src=\"http:\/\/www.ge-sagt.de\/wp-content\/uploads\/2013\/09\/IMG_1687.jpg\" width=\"378\" height=\"504\" srcset=\"https:\/\/www.ge-sagt.de\/wp-content\/uploads\/2013\/09\/IMG_1687-225x300.jpg 225w, https:\/\/www.ge-sagt.de\/wp-content\/uploads\/2013\/09\/IMG_1687.jpg 540w\" sizes=\"(max-width: 378px) 100vw, 378px\" \/> Nach Meetings am Morgen jetzt mal richtig arbeiten!<img decoding=\"async\" data-attachment-id=\"714\" data-permalink=\"https:\/\/www.ge-sagt.de\/index.php\/ge-kipst-12-von-12-im-september\/img_1688\/\" data-orig-file=\"https:\/\/www.ge-sagt.de\/wp-content\/uploads\/2013\/09\/IMG_1688.jpg\" data-orig-size=\"540,720\" data-comments-opened=\"1\" data-image-meta=\"{&quot;aperture&quot;:&quot;0&quot;,&quot;credit&quot;:&quot;&quot;,&quot;camera&quot;:&quot;&quot;,&quot;caption&quot;:&quot;&quot;,&quot;created_timestamp&quot;:&quot;0&quot;,&quot;copyright&quot;:&quot;&quot;,&quot;focal_length&quot;:&quot;0&quot;,&quot;iso&quot;:&quot;0&quot;,&quot;shutter_speed&quot;:&quot;0&quot;,&quot;title&quot;:&quot;&quot;}\" data-image-title=\"IMG_1688\" data-image-description=\"\" data-image-caption=\"\" data-large-file=\"https:\/\/www.ge-sagt.de\/wp-content\/uploads\/2013\/09\/IMG_1688.jpg\" class=\"aligncenter  wp-image-714\" alt=\"IMG_1688\" src=\"http:\/\/www.ge-sagt.de\/wp-content\/uploads\/2013\/09\/IMG_1688.jpg\" width=\"378\" height=\"504\" srcset=\"https:\/\/www.ge-sagt.de\/wp-content\/uploads\/2013\/09\/IMG_1688-225x300.jpg 225w, https:\/\/www.ge-sagt.de\/wp-content\/uploads\/2013\/09\/IMG_1688.jpg 540w\" sizes=\"(max-width: 378px) 100vw, 378px\" \/>Kurzes Blogupdate bei einem schnellen K\u00e4ffchen. <img decoding=\"async\" data-attachment-id=\"715\" data-permalink=\"https:\/\/www.ge-sagt.de\/index.php\/ge-kipst-12-von-12-im-september\/img_1689\/\" data-orig-file=\"https:\/\/www.ge-sagt.de\/wp-content\/uploads\/2013\/09\/IMG_1689.jpg\" data-orig-size=\"540,720\" data-comments-opened=\"1\" data-image-meta=\"{&quot;aperture&quot;:&quot;0&quot;,&quot;credit&quot;:&quot;&quot;,&quot;camera&quot;:&quot;&quot;,&quot;caption&quot;:&quot;&quot;,&quot;created_timestamp&quot;:&quot;0&quot;,&quot;copyright&quot;:&quot;&quot;,&quot;focal_length&quot;:&quot;0&quot;,&quot;iso&quot;:&quot;0&quot;,&quot;shutter_speed&quot;:&quot;0&quot;,&quot;title&quot;:&quot;&quot;}\" data-image-title=\"IMG_1689\" data-image-description=\"\" data-image-caption=\"\" data-large-file=\"https:\/\/www.ge-sagt.de\/wp-content\/uploads\/2013\/09\/IMG_1689.jpg\" class=\"aligncenter  wp-image-715\" alt=\"IMG_1689\" src=\"http:\/\/www.ge-sagt.de\/wp-content\/uploads\/2013\/09\/IMG_1689.jpg\" width=\"378\" height=\"504\" srcset=\"https:\/\/www.ge-sagt.de\/wp-content\/uploads\/2013\/09\/IMG_1689-225x300.jpg 225w, https:\/\/www.ge-sagt.de\/wp-content\/uploads\/2013\/09\/IMG_1689.jpg 540w\" sizes=\"(max-width: 378px) 100vw, 378px\" \/> Kind von der KiTa abholen.<img decoding=\"async\" data-attachment-id=\"716\" data-permalink=\"https:\/\/www.ge-sagt.de\/index.php\/ge-kipst-12-von-12-im-september\/img_1690\/\" data-orig-file=\"https:\/\/www.ge-sagt.de\/wp-content\/uploads\/2013\/09\/IMG_1690.jpg\" data-orig-size=\"540,720\" data-comments-opened=\"1\" data-image-meta=\"{&quot;aperture&quot;:&quot;0&quot;,&quot;credit&quot;:&quot;&quot;,&quot;camera&quot;:&quot;&quot;,&quot;caption&quot;:&quot;&quot;,&quot;created_timestamp&quot;:&quot;0&quot;,&quot;copyright&quot;:&quot;&quot;,&quot;focal_length&quot;:&quot;0&quot;,&quot;iso&quot;:&quot;0&quot;,&quot;shutter_speed&quot;:&quot;0&quot;,&quot;title&quot;:&quot;&quot;}\" data-image-title=\"IMG_1690\" data-image-description=\"\" data-image-caption=\"\" data-large-file=\"https:\/\/www.ge-sagt.de\/wp-content\/uploads\/2013\/09\/IMG_1690.jpg\" class=\"aligncenter  wp-image-716\" alt=\"IMG_1690\" src=\"http:\/\/www.ge-sagt.de\/wp-content\/uploads\/2013\/09\/IMG_1690.jpg\" width=\"378\" height=\"504\" srcset=\"https:\/\/www.ge-sagt.de\/wp-content\/uploads\/2013\/09\/IMG_1690-225x300.jpg 225w, https:\/\/www.ge-sagt.de\/wp-content\/uploads\/2013\/09\/IMG_1690.jpg 540w\" sizes=\"(max-width: 378px) 100vw, 378px\" \/> Mal wieder Stau in Hamburg!<img decoding=\"async\" data-attachment-id=\"717\" data-permalink=\"https:\/\/www.ge-sagt.de\/index.php\/ge-kipst-12-von-12-im-september\/img_1691\/\" data-orig-file=\"https:\/\/www.ge-sagt.de\/wp-content\/uploads\/2013\/09\/IMG_1691.jpg\" data-orig-size=\"540,720\" data-comments-opened=\"1\" data-image-meta=\"{&quot;aperture&quot;:&quot;0&quot;,&quot;credit&quot;:&quot;&quot;,&quot;camera&quot;:&quot;&quot;,&quot;caption&quot;:&quot;&quot;,&quot;created_timestamp&quot;:&quot;0&quot;,&quot;copyright&quot;:&quot;&quot;,&quot;focal_length&quot;:&quot;0&quot;,&quot;iso&quot;:&quot;0&quot;,&quot;shutter_speed&quot;:&quot;0&quot;,&quot;title&quot;:&quot;&quot;}\" data-image-title=\"IMG_1691\" data-image-description=\"\" data-image-caption=\"\" data-large-file=\"https:\/\/www.ge-sagt.de\/wp-content\/uploads\/2013\/09\/IMG_1691.jpg\" class=\"aligncenter  wp-image-717\" alt=\"IMG_1691\" src=\"http:\/\/www.ge-sagt.de\/wp-content\/uploads\/2013\/09\/IMG_1691.jpg\" width=\"378\" height=\"504\" srcset=\"https:\/\/www.ge-sagt.de\/wp-content\/uploads\/2013\/09\/IMG_1691-225x300.jpg 225w, https:\/\/www.ge-sagt.de\/wp-content\/uploads\/2013\/09\/IMG_1691.jpg 540w\" sizes=\"(max-width: 378px) 100vw, 378px\" \/>Ach ja, die Baustellen!! <img decoding=\"async\" data-attachment-id=\"718\" data-permalink=\"https:\/\/www.ge-sagt.de\/index.php\/ge-kipst-12-von-12-im-september\/img_1692\/\" data-orig-file=\"https:\/\/www.ge-sagt.de\/wp-content\/uploads\/2013\/09\/IMG_1692.jpg\" data-orig-size=\"540,720\" data-comments-opened=\"1\" data-image-meta=\"{&quot;aperture&quot;:&quot;0&quot;,&quot;credit&quot;:&quot;&quot;,&quot;camera&quot;:&quot;&quot;,&quot;caption&quot;:&quot;&quot;,&quot;created_timestamp&quot;:&quot;0&quot;,&quot;copyright&quot;:&quot;&quot;,&quot;focal_length&quot;:&quot;0&quot;,&quot;iso&quot;:&quot;0&quot;,&quot;shutter_speed&quot;:&quot;0&quot;,&quot;title&quot;:&quot;&quot;}\" data-image-title=\"IMG_1692\" data-image-description=\"\" data-image-caption=\"\" data-large-file=\"https:\/\/www.ge-sagt.de\/wp-content\/uploads\/2013\/09\/IMG_1692.jpg\" class=\"aligncenter  wp-image-718\" alt=\"IMG_1692\" src=\"http:\/\/www.ge-sagt.de\/wp-content\/uploads\/2013\/09\/IMG_1692.jpg\" width=\"378\" height=\"504\" srcset=\"https:\/\/www.ge-sagt.de\/wp-content\/uploads\/2013\/09\/IMG_1692-225x300.jpg 225w, https:\/\/www.ge-sagt.de\/wp-content\/uploads\/2013\/09\/IMG_1692.jpg 540w\" sizes=\"(max-width: 378px) 100vw, 378px\" \/> Eine kleine Runde mit unserer 2-J\u00e4hrigen.<img decoding=\"async\" data-attachment-id=\"719\" data-permalink=\"https:\/\/www.ge-sagt.de\/index.php\/ge-kipst-12-von-12-im-september\/img_1693\/\" data-orig-file=\"https:\/\/www.ge-sagt.de\/wp-content\/uploads\/2013\/09\/IMG_1693.jpg\" data-orig-size=\"540,720\" data-comments-opened=\"1\" data-image-meta=\"{&quot;aperture&quot;:&quot;0&quot;,&quot;credit&quot;:&quot;&quot;,&quot;camera&quot;:&quot;&quot;,&quot;caption&quot;:&quot;&quot;,&quot;created_timestamp&quot;:&quot;0&quot;,&quot;copyright&quot;:&quot;&quot;,&quot;focal_length&quot;:&quot;0&quot;,&quot;iso&quot;:&quot;0&quot;,&quot;shutter_speed&quot;:&quot;0&quot;,&quot;title&quot;:&quot;&quot;}\" data-image-title=\"IMG_1693\" data-image-description=\"\" data-image-caption=\"\" data-large-file=\"https:\/\/www.ge-sagt.de\/wp-content\/uploads\/2013\/09\/IMG_1693.jpg\" class=\"aligncenter  wp-image-719\" alt=\"IMG_1693\" src=\"http:\/\/www.ge-sagt.de\/wp-content\/uploads\/2013\/09\/IMG_1693.jpg\" width=\"378\" height=\"504\" srcset=\"https:\/\/www.ge-sagt.de\/wp-content\/uploads\/2013\/09\/IMG_1693-225x300.jpg 225w, https:\/\/www.ge-sagt.de\/wp-content\/uploads\/2013\/09\/IMG_1693.jpg 540w\" sizes=\"(max-width: 378px) 100vw, 378px\" \/> noch ein Kunstwerk erstellen!<img decoding=\"async\" data-attachment-id=\"720\" data-permalink=\"https:\/\/www.ge-sagt.de\/index.php\/ge-kipst-12-von-12-im-september\/img_1694\/\" data-orig-file=\"https:\/\/www.ge-sagt.de\/wp-content\/uploads\/2013\/09\/IMG_1694.jpg\" data-orig-size=\"540,720\" data-comments-opened=\"1\" data-image-meta=\"{&quot;aperture&quot;:&quot;0&quot;,&quot;credit&quot;:&quot;&quot;,&quot;camera&quot;:&quot;&quot;,&quot;caption&quot;:&quot;&quot;,&quot;created_timestamp&quot;:&quot;0&quot;,&quot;copyright&quot;:&quot;&quot;,&quot;focal_length&quot;:&quot;0&quot;,&quot;iso&quot;:&quot;0&quot;,&quot;shutter_speed&quot;:&quot;0&quot;,&quot;title&quot;:&quot;&quot;}\" data-image-title=\"IMG_1694\" data-image-description=\"\" data-image-caption=\"\" data-large-file=\"https:\/\/www.ge-sagt.de\/wp-content\/uploads\/2013\/09\/IMG_1694.jpg\" class=\"aligncenter  wp-image-720\" alt=\"IMG_1694\" src=\"http:\/\/www.ge-sagt.de\/wp-content\/uploads\/2013\/09\/IMG_1694.jpg\" width=\"378\" height=\"504\" srcset=\"https:\/\/www.ge-sagt.de\/wp-content\/uploads\/2013\/09\/IMG_1694-225x300.jpg 225w, https:\/\/www.ge-sagt.de\/wp-content\/uploads\/2013\/09\/IMG_1694.jpg 540w\" sizes=\"(max-width: 378px) 100vw, 378px\" \/>Und zum Abendessen m\u00f6chte das M\u00e4dchen einen rosa Teller und gelbe Tomate! <img decoding=\"async\" data-attachment-id=\"721\" data-permalink=\"https:\/\/www.ge-sagt.de\/index.php\/ge-kipst-12-von-12-im-september\/img_1695\/\" data-orig-file=\"https:\/\/www.ge-sagt.de\/wp-content\/uploads\/2013\/09\/IMG_1695.jpg\" data-orig-size=\"540,720\" data-comments-opened=\"1\" data-image-meta=\"{&quot;aperture&quot;:&quot;0&quot;,&quot;credit&quot;:&quot;&quot;,&quot;camera&quot;:&quot;&quot;,&quot;caption&quot;:&quot;&quot;,&quot;created_timestamp&quot;:&quot;0&quot;,&quot;copyright&quot;:&quot;&quot;,&quot;focal_length&quot;:&quot;0&quot;,&quot;iso&quot;:&quot;0&quot;,&quot;shutter_speed&quot;:&quot;0&quot;,&quot;title&quot;:&quot;&quot;}\" data-image-title=\"IMG_1695\" data-image-description=\"\" data-image-caption=\"\" data-large-file=\"https:\/\/www.ge-sagt.de\/wp-content\/uploads\/2013\/09\/IMG_1695.jpg\" class=\"aligncenter  wp-image-721\" alt=\"IMG_1695\" src=\"http:\/\/www.ge-sagt.de\/wp-content\/uploads\/2013\/09\/IMG_1695.jpg\" width=\"378\" height=\"504\" srcset=\"https:\/\/www.ge-sagt.de\/wp-content\/uploads\/2013\/09\/IMG_1695-225x300.jpg 225w, https:\/\/www.ge-sagt.de\/wp-content\/uploads\/2013\/09\/IMG_1695.jpg 540w\" sizes=\"(max-width: 378px) 100vw, 378px\" \/><\/p>\n<p style=\"text-align: center;\">Feierabend!<\/p>\n<p style=\"text-align: center;\">Liebe Gr\u00fc\u00dfe<\/p>\n<p style=\"text-align: center;\">Ge-sa<\/p>\n","protected":false},"excerpt":{"rendered":"<p>Ich hatte mir schon ewig vorgenommen, bei 12 von 12 von Caro und Ihrem Blog &#8222;Drau\u00dfen nur K\u00e4nnchen&#8220; mit zu machen, Und heute bin ich dabei! Also hier nun mein heutiger wirklich recht unspektakul\u00e4rer Tagesablauf in 12 Bildern. Viel Spa\u00df dabei! Beim Fr\u00fchst\u00fcck noch nicht an 12 von 12 gedacht, aber im B\u00fcro erschreckt das [&hellip;]<\/p>\n","protected":false},"author":2,"featured_media":0,"comment_status":"open","ping_status":"open","sticky":false,"template":"","format":"standard","meta":{"jetpack_post_was_ever_published":false,"_jetpack_newsletter_access":"","_jetpack_dont_email_post_to_subs":true,"_jetpack_newsletter_tier_id":0,"_jetpack_memberships_contains_paywalled_content":false,"_jetpack_memberships_contains_paid_content":false,"footnotes":"","jetpack_publicize_message":"","jetpack_publicize_feature_enabled":true,"jetpack_social_post_already_shared":true,"jetpack_social_options":{"image_generator_settings":{"template":"highway","default_image_id":0,"font":"","enabled":false},"version":2}},"categories":[1,60,4],"tags":[138,137,141,140,139],"class_list":["post-709","post","type-post","status-publish","format-standard","hentry","category-allgemein","category-ge-knipst","category-ge-tan","tag-12v12","tag-12von12","tag-ablauf","tag-normal","tag-tag"],"yoast_head":"<!-- This site is optimized with the Yoast SEO plugin v27.4 - https:\/\/yoast.com\/product\/yoast-seo-wordpress\/ -->\n<title>Ge-knipst: 12 von 12 im September - ge-sagt.de<\/title>\n<meta name=\"robots\" content=\"index, follow, max-snippet:-1, max-image-preview:large, max-video-preview:-1\" \/>\n<link rel=\"canonical\" href=\"https:\/\/www.ge-sagt.de\/index.php\/ge-kipst-12-von-12-im-september\/\" \/>\n<meta property=\"og:locale\" content=\"de_DE\" \/>\n<meta property=\"og:type\" content=\"article\" \/>\n<meta property=\"og:title\" content=\"Ge-knipst: 12 von 12 im September - ge-sagt.de\" \/>\n<meta property=\"og:description\" content=\"Ich hatte mir schon ewig vorgenommen, bei 12 von 12 von Caro und Ihrem Blog &#8222;Drau\u00dfen nur K\u00e4nnchen&#8220; mit zu machen, Und heute bin ich dabei! Also hier nun mein heutiger wirklich recht unspektakul\u00e4rer Tagesablauf in 12 Bildern. Viel Spa\u00df dabei! Beim Fr\u00fchst\u00fcck noch nicht an 12 von 12 gedacht, aber im B\u00fcro erschreckt das [&hellip;]\" \/>\n<meta property=\"og:url\" content=\"https:\/\/www.ge-sagt.de\/index.php\/ge-kipst-12-von-12-im-september\/\" \/>\n<meta property=\"og:site_name\" content=\"ge-sagt.de\" \/>\n<meta property=\"article:published_time\" content=\"2013-09-12T18:43:48+00:00\" \/>\n<meta property=\"article:modified_time\" content=\"2016-10-25T12:06:27+00:00\" \/>\n<meta property=\"og:image\" content=\"http:\/\/www.ge-sagt.de\/wp-content\/uploads\/2013\/09\/IMG_1684.jpg\" \/>\n<meta name=\"author\" content=\"Gesa\" \/>\n<meta name=\"twitter:label1\" content=\"Verfasst von\" \/>\n\t<meta name=\"twitter:data1\" content=\"Gesa\" \/>\n\t<meta name=\"twitter:label2\" content=\"Gesch\u00e4tzte Lesezeit\" \/>\n\t<meta name=\"twitter:data2\" content=\"1\u00a0Minute\" \/>\n<script type=\"application\/ld+json\" class=\"yoast-schema-graph\">{\"@context\":\"https:\\\/\\\/schema.org\",\"@graph\":[{\"@type\":\"Article\",\"@id\":\"https:\\\/\\\/www.ge-sagt.de\\\/index.php\\\/ge-kipst-12-von-12-im-september\\\/#article\",\"isPartOf\":{\"@id\":\"https:\\\/\\\/www.ge-sagt.de\\\/index.php\\\/ge-kipst-12-von-12-im-september\\\/\"},\"author\":{\"name\":\"Gesa\",\"@id\":\"https:\\\/\\\/www.ge-sagt.de\\\/#\\\/schema\\\/person\\\/f6ec6da1209901fb058ae74d414f295d\"},\"headline\":\"Ge-knipst: 12 von 12 im September\",\"datePublished\":\"2013-09-12T18:43:48+00:00\",\"dateModified\":\"2016-10-25T12:06:27+00:00\",\"mainEntityOfPage\":{\"@id\":\"https:\\\/\\\/www.ge-sagt.de\\\/index.php\\\/ge-kipst-12-von-12-im-september\\\/\"},\"wordCount\":151,\"commentCount\":0,\"image\":{\"@id\":\"https:\\\/\\\/www.ge-sagt.de\\\/index.php\\\/ge-kipst-12-von-12-im-september\\\/#primaryimage\"},\"thumbnailUrl\":\"http:\\\/\\\/www.ge-sagt.de\\\/wp-content\\\/uploads\\\/2013\\\/09\\\/IMG_1684.jpg\",\"keywords\":[\"12v12\",\"12von12\",\"Ablauf\",\"normal\",\"Tag\"],\"articleSection\":{\"1\":\"Ge-knipst\",\"2\":\"Ge-tan\"},\"inLanguage\":\"de\",\"potentialAction\":[{\"@type\":\"CommentAction\",\"name\":\"Comment\",\"target\":[\"https:\\\/\\\/www.ge-sagt.de\\\/index.php\\\/ge-kipst-12-von-12-im-september\\\/#respond\"]}]},{\"@type\":\"WebPage\",\"@id\":\"https:\\\/\\\/www.ge-sagt.de\\\/index.php\\\/ge-kipst-12-von-12-im-september\\\/\",\"url\":\"https:\\\/\\\/www.ge-sagt.de\\\/index.php\\\/ge-kipst-12-von-12-im-september\\\/\",\"name\":\"Ge-knipst: 12 von 12 im September - ge-sagt.de\",\"isPartOf\":{\"@id\":\"https:\\\/\\\/www.ge-sagt.de\\\/#website\"},\"primaryImageOfPage\":{\"@id\":\"https:\\\/\\\/www.ge-sagt.de\\\/index.php\\\/ge-kipst-12-von-12-im-september\\\/#primaryimage\"},\"image\":{\"@id\":\"https:\\\/\\\/www.ge-sagt.de\\\/index.php\\\/ge-kipst-12-von-12-im-september\\\/#primaryimage\"},\"thumbnailUrl\":\"http:\\\/\\\/www.ge-sagt.de\\\/wp-content\\\/uploads\\\/2013\\\/09\\\/IMG_1684.jpg\",\"datePublished\":\"2013-09-12T18:43:48+00:00\",\"dateModified\":\"2016-10-25T12:06:27+00:00\",\"author\":{\"@id\":\"https:\\\/\\\/www.ge-sagt.de\\\/#\\\/schema\\\/person\\\/f6ec6da1209901fb058ae74d414f295d\"},\"breadcrumb\":{\"@id\":\"https:\\\/\\\/www.ge-sagt.de\\\/index.php\\\/ge-kipst-12-von-12-im-september\\\/#breadcrumb\"},\"inLanguage\":\"de\",\"potentialAction\":[{\"@type\":\"ReadAction\",\"target\":[\"https:\\\/\\\/www.ge-sagt.de\\\/index.php\\\/ge-kipst-12-von-12-im-september\\\/\"]}]},{\"@type\":\"ImageObject\",\"inLanguage\":\"de\",\"@id\":\"https:\\\/\\\/www.ge-sagt.de\\\/index.php\\\/ge-kipst-12-von-12-im-september\\\/#primaryimage\",\"url\":\"https:\\\/\\\/www.ge-sagt.de\\\/wp-content\\\/uploads\\\/2013\\\/09\\\/IMG_1684.jpg\",\"contentUrl\":\"https:\\\/\\\/www.ge-sagt.de\\\/wp-content\\\/uploads\\\/2013\\\/09\\\/IMG_1684.jpg\",\"width\":540,\"height\":720},{\"@type\":\"BreadcrumbList\",\"@id\":\"https:\\\/\\\/www.ge-sagt.de\\\/index.php\\\/ge-kipst-12-von-12-im-september\\\/#breadcrumb\",\"itemListElement\":[{\"@type\":\"ListItem\",\"position\":1,\"name\":\"Home\",\"item\":\"https:\\\/\\\/www.ge-sagt.de\\\/\"},{\"@type\":\"ListItem\",\"position\":2,\"name\":\"Ge-knipst: 12 von 12 im September\"}]},{\"@type\":\"WebSite\",\"@id\":\"https:\\\/\\\/www.ge-sagt.de\\\/#website\",\"url\":\"https:\\\/\\\/www.ge-sagt.de\\\/\",\"name\":\"ge-sagt.de\",\"description\":\"Gesa denkt, sagt und tut auf diesem Blog\",\"potentialAction\":[{\"@type\":\"SearchAction\",\"target\":{\"@type\":\"EntryPoint\",\"urlTemplate\":\"https:\\\/\\\/www.ge-sagt.de\\\/?s={search_term_string}\"},\"query-input\":{\"@type\":\"PropertyValueSpecification\",\"valueRequired\":true,\"valueName\":\"search_term_string\"}}],\"inLanguage\":\"de\"},{\"@type\":\"Person\",\"@id\":\"https:\\\/\\\/www.ge-sagt.de\\\/#\\\/schema\\\/person\\\/f6ec6da1209901fb058ae74d414f295d\",\"name\":\"Gesa\",\"image\":{\"@type\":\"ImageObject\",\"inLanguage\":\"de\",\"@id\":\"https:\\\/\\\/secure.gravatar.com\\\/avatar\\\/b2210b745bd73a1286fa46a53ee66332ba91d4de884ca4cdeaa854740a7b03a0?s=96&d=mm&r=g\",\"url\":\"https:\\\/\\\/secure.gravatar.com\\\/avatar\\\/b2210b745bd73a1286fa46a53ee66332ba91d4de884ca4cdeaa854740a7b03a0?s=96&d=mm&r=g\",\"contentUrl\":\"https:\\\/\\\/secure.gravatar.com\\\/avatar\\\/b2210b745bd73a1286fa46a53ee66332ba91d4de884ca4cdeaa854740a7b03a0?s=96&d=mm&r=g\",\"caption\":\"Gesa\"},\"url\":\"https:\\\/\\\/www.ge-sagt.de\\\/index.php\\\/author\\\/gesa\\\/\"}]}<\/script>\n<!-- \/ Yoast SEO plugin. -->","yoast_head_json":{"title":"Ge-knipst: 12 von 12 im September - ge-sagt.de","robots":{"index":"index","follow":"follow","max-snippet":"max-snippet:-1","max-image-preview":"max-image-preview:large","max-video-preview":"max-video-preview:-1"},"canonical":"https:\/\/www.ge-sagt.de\/index.php\/ge-kipst-12-von-12-im-september\/","og_locale":"de_DE","og_type":"article","og_title":"Ge-knipst: 12 von 12 im September - ge-sagt.de","og_description":"Ich hatte mir schon ewig vorgenommen, bei 12 von 12 von Caro und Ihrem Blog &#8222;Drau\u00dfen nur K\u00e4nnchen&#8220; mit zu machen, Und heute bin ich dabei! Also hier nun mein heutiger wirklich recht unspektakul\u00e4rer Tagesablauf in 12 Bildern. Viel Spa\u00df dabei! Beim Fr\u00fchst\u00fcck noch nicht an 12 von 12 gedacht, aber im B\u00fcro erschreckt das [&hellip;]","og_url":"https:\/\/www.ge-sagt.de\/index.php\/ge-kipst-12-von-12-im-september\/","og_site_name":"ge-sagt.de","article_published_time":"2013-09-12T18:43:48+00:00","article_modified_time":"2016-10-25T12:06:27+00:00","og_image":[{"url":"http:\/\/www.ge-sagt.de\/wp-content\/uploads\/2013\/09\/IMG_1684.jpg","type":"","width":"","height":""}],"author":"Gesa","twitter_misc":{"Verfasst von":"Gesa","Gesch\u00e4tzte Lesezeit":"1\u00a0Minute"},"schema":{"@context":"https:\/\/schema.org","@graph":[{"@type":"Article","@id":"https:\/\/www.ge-sagt.de\/index.php\/ge-kipst-12-von-12-im-september\/#article","isPartOf":{"@id":"https:\/\/www.ge-sagt.de\/index.php\/ge-kipst-12-von-12-im-september\/"},"author":{"name":"Gesa","@id":"https:\/\/www.ge-sagt.de\/#\/schema\/person\/f6ec6da1209901fb058ae74d414f295d"},"headline":"Ge-knipst: 12 von 12 im September","datePublished":"2013-09-12T18:43:48+00:00","dateModified":"2016-10-25T12:06:27+00:00","mainEntityOfPage":{"@id":"https:\/\/www.ge-sagt.de\/index.php\/ge-kipst-12-von-12-im-september\/"},"wordCount":151,"commentCount":0,"image":{"@id":"https:\/\/www.ge-sagt.de\/index.php\/ge-kipst-12-von-12-im-september\/#primaryimage"},"thumbnailUrl":"http:\/\/www.ge-sagt.de\/wp-content\/uploads\/2013\/09\/IMG_1684.jpg","keywords":["12v12","12von12","Ablauf","normal","Tag"],"articleSection":{"1":"Ge-knipst","2":"Ge-tan"},"inLanguage":"de","potentialAction":[{"@type":"CommentAction","name":"Comment","target":["https:\/\/www.ge-sagt.de\/index.php\/ge-kipst-12-von-12-im-september\/#respond"]}]},{"@type":"WebPage","@id":"https:\/\/www.ge-sagt.de\/index.php\/ge-kipst-12-von-12-im-september\/","url":"https:\/\/www.ge-sagt.de\/index.php\/ge-kipst-12-von-12-im-september\/","name":"Ge-knipst: 12 von 12 im September - ge-sagt.de","isPartOf":{"@id":"https:\/\/www.ge-sagt.de\/#website"},"primaryImageOfPage":{"@id":"https:\/\/www.ge-sagt.de\/index.php\/ge-kipst-12-von-12-im-september\/#primaryimage"},"image":{"@id":"https:\/\/www.ge-sagt.de\/index.php\/ge-kipst-12-von-12-im-september\/#primaryimage"},"thumbnailUrl":"http:\/\/www.ge-sagt.de\/wp-content\/uploads\/2013\/09\/IMG_1684.jpg","datePublished":"2013-09-12T18:43:48+00:00","dateModified":"2016-10-25T12:06:27+00:00","author":{"@id":"https:\/\/www.ge-sagt.de\/#\/schema\/person\/f6ec6da1209901fb058ae74d414f295d"},"breadcrumb":{"@id":"https:\/\/www.ge-sagt.de\/index.php\/ge-kipst-12-von-12-im-september\/#breadcrumb"},"inLanguage":"de","potentialAction":[{"@type":"ReadAction","target":["https:\/\/www.ge-sagt.de\/index.php\/ge-kipst-12-von-12-im-september\/"]}]},{"@type":"ImageObject","inLanguage":"de","@id":"https:\/\/www.ge-sagt.de\/index.php\/ge-kipst-12-von-12-im-september\/#primaryimage","url":"https:\/\/www.ge-sagt.de\/wp-content\/uploads\/2013\/09\/IMG_1684.jpg","contentUrl":"https:\/\/www.ge-sagt.de\/wp-content\/uploads\/2013\/09\/IMG_1684.jpg","width":540,"height":720},{"@type":"BreadcrumbList","@id":"https:\/\/www.ge-sagt.de\/index.php\/ge-kipst-12-von-12-im-september\/#breadcrumb","itemListElement":[{"@type":"ListItem","position":1,"name":"Home","item":"https:\/\/www.ge-sagt.de\/"},{"@type":"ListItem","position":2,"name":"Ge-knipst: 12 von 12 im September"}]},{"@type":"WebSite","@id":"https:\/\/www.ge-sagt.de\/#website","url":"https:\/\/www.ge-sagt.de\/","name":"ge-sagt.de","description":"Gesa denkt, sagt und tut auf diesem Blog","potentialAction":[{"@type":"SearchAction","target":{"@type":"EntryPoint","urlTemplate":"https:\/\/www.ge-sagt.de\/?s={search_term_string}"},"query-input":{"@type":"PropertyValueSpecification","valueRequired":true,"valueName":"search_term_string"}}],"inLanguage":"de"},{"@type":"Person","@id":"https:\/\/www.ge-sagt.de\/#\/schema\/person\/f6ec6da1209901fb058ae74d414f295d","name":"Gesa","image":{"@type":"ImageObject","inLanguage":"de","@id":"https:\/\/secure.gravatar.com\/avatar\/b2210b745bd73a1286fa46a53ee66332ba91d4de884ca4cdeaa854740a7b03a0?s=96&d=mm&r=g","url":"https:\/\/secure.gravatar.com\/avatar\/b2210b745bd73a1286fa46a53ee66332ba91d4de884ca4cdeaa854740a7b03a0?s=96&d=mm&r=g","contentUrl":"https:\/\/secure.gravatar.com\/avatar\/b2210b745bd73a1286fa46a53ee66332ba91d4de884ca4cdeaa854740a7b03a0?s=96&d=mm&r=g","caption":"Gesa"},"url":"https:\/\/www.ge-sagt.de\/index.php\/author\/gesa\/"}]}},"jetpack_publicize_connections":[],"jetpack_featured_media_url":"","jetpack_shortlink":"https:\/\/wp.me\/p3aAW4-br","jetpack_sharing_enabled":true,"_links":{"self":[{"href":"https:\/\/www.ge-sagt.de\/index.php\/wp-json\/wp\/v2\/posts\/709","targetHints":{"allow":["GET"]}}],"collection":[{"href":"https:\/\/www.ge-sagt.de\/index.php\/wp-json\/wp\/v2\/posts"}],"about":[{"href":"https:\/\/www.ge-sagt.de\/index.php\/wp-json\/wp\/v2\/types\/post"}],"author":[{"embeddable":true,"href":"https:\/\/www.ge-sagt.de\/index.php\/wp-json\/wp\/v2\/users\/2"}],"replies":[{"embeddable":true,"href":"https:\/\/www.ge-sagt.de\/index.php\/wp-json\/wp\/v2\/comments?post=709"}],"version-history":[{"count":5,"href":"https:\/\/www.ge-sagt.de\/index.php\/wp-json\/wp\/v2\/posts\/709\/revisions"}],"predecessor-version":[{"id":801,"href":"https:\/\/www.ge-sagt.de\/index.php\/wp-json\/wp\/v2\/posts\/709\/revisions\/801"}],"wp:attachment":[{"href":"https:\/\/www.ge-sagt.de\/index.php\/wp-json\/wp\/v2\/media?parent=709"}],"wp:term":[{"taxonomy":"category","embeddable":true,"href":"https:\/\/www.ge-sagt.de\/index.php\/wp-json\/wp\/v2\/categories?post=709"},{"taxonomy":"post_tag","embeddable":true,"href":"https:\/\/www.ge-sagt.de\/index.php\/wp-json\/wp\/v2\/tags?post=709"}],"curies":[{"name":"wp","href":"https:\/\/api.w.org\/{rel}","templated":true}]}}