{"id":504,"date":"2013-08-13T08:09:46","date_gmt":"2013-08-13T06:09:46","guid":{"rendered":"http:\/\/www.ge-sagt.de\/?p=504"},"modified":"2016-10-25T14:06:27","modified_gmt":"2016-10-25T12:06:27","slug":"ge-backen-oliven-oel-pfirsich-kuchen-mit-rosmarin","status":"publish","type":"post","link":"https:\/\/www.ge-sagt.de\/index.php\/ge-backen-oliven-oel-pfirsich-kuchen-mit-rosmarin\/","title":{"rendered":"Ge-backen: Oliven-Oel Pfirsich Kuchen mit Rosmarin"},"content":{"rendered":"<p style=\"text-align: justify;\"><img decoding=\"async\" data-attachment-id=\"508\" data-permalink=\"https:\/\/www.ge-sagt.de\/index.php\/ge-backen-oliven-oel-pfirsich-kuchen-mit-rosmarin\/pfirsich-oliveno%cc%88l-kuchen\/\" data-orig-file=\"https:\/\/www.ge-sagt.de\/wp-content\/uploads\/2013\/07\/Pfirsich-Oliveno\u0308l-Kuchen.jpg\" data-orig-size=\"534,800\" data-comments-opened=\"1\" data-image-meta=\"{&quot;aperture&quot;:&quot;7.1&quot;,&quot;credit&quot;:&quot;&quot;,&quot;camera&quot;:&quot;Canon EOS 1000D&quot;,&quot;caption&quot;:&quot;&quot;,&quot;created_timestamp&quot;:&quot;1373728488&quot;,&quot;copyright&quot;:&quot;&quot;,&quot;focal_length&quot;:&quot;21&quot;,&quot;iso&quot;:&quot;200&quot;,&quot;shutter_speed&quot;:&quot;0.008&quot;,&quot;title&quot;:&quot;&quot;}\" data-image-title=\"Pfirsich-Oliveno\u0308l Kuchen\" data-image-description=\"\" data-image-caption=\"\" data-large-file=\"https:\/\/www.ge-sagt.de\/wp-content\/uploads\/2013\/07\/Pfirsich-Oliveno\u0308l-Kuchen.jpg\" class=\"aligncenter  wp-image-508\" src=\"http:\/\/www.ge-sagt.de\/wp-content\/uploads\/2013\/07\/Pfirsich-Oliveno\u0308l-Kuchen.jpg\" alt=\"Pfirsich-Oliveno\u0308l Kuchen\" width=\"427\" height=\"640\" srcset=\"https:\/\/www.ge-sagt.de\/wp-content\/uploads\/2013\/07\/Pfirsich-Oliveno\u0308l-Kuchen-200x300.jpg 200w, https:\/\/www.ge-sagt.de\/wp-content\/uploads\/2013\/07\/Pfirsich-Oliveno\u0308l-Kuchen.jpg 534w\" sizes=\"(max-width: 427px) 100vw, 427px\" \/><\/p>\n<p style=\"text-align: justify;\">\n<p style=\"text-align: justify;\">Sommerzeit ist gleich Pfirsich-Zeit! Ehrlich gesagt mag ich Pfirsiche frisch \u00fcberhaupt nicht essen. Also den Geschmack finde ich toll, aber ich kann diese kleinen pelzigen Dinger einfach nicht essen. Wenn ich nur daran denke, kriege ich schon eine G\u00e4nsehaut. Dieses haarige Gef\u00fchl im Mund finde ich einfach unheimlich unununangenehm&#8230;..genauso bei Aprikosen. Geht einfach nicht. Und zum Sch\u00e4len sind mir die Dinger dann zu glipschig. Wie gut, dass diese Haut beim Backen einfach komplett von Haaren befreit wird, bzw. die Haare danach nicht mehr von mir wahrgenommen werden. Also ran ans Pfirsich-Kuchen backen. Diesmal eine etwas ungew\u00f6hnliche Kombi mit Rosmarin und Oliven\u00f6l. Trotzdem ist es ein Biskuitteig und es entsteht ein herrlicher s\u00fc\u00dfer Kuchen.<\/p>\n<p style=\"text-align: justify;\">Ihr braucht 90ml Oliven\u00f6l, 1 gro\u00dfe Zitrone (2 TL Zesten und 2 EL Zitronensaft), 1-2 TL Rosmarin gehackt, 100g Mehl, 5 Eier (5 Eigelb, 4 Eiwei\u00df), 120g Zucker, 3 EL Honig und 3 Pfirsiche. Das Eigelb mu\u00df mit der H\u00e4lfte des Zuckers sehr lange sehr cremig geschlagen werden. Dann gibt man unter langsamen R\u00fchren das Oliven\u00f6l und den Zitronensaft hinzu. In der Zwischenzeit kann das Mehl mit den Zitronenzesten und dem Rosmarin gemischt werden. Diese Mischung wird dann langsam unter die Creme ger\u00fchrt. Anschlie\u00dfend das Eiwei\u00df mit dem restlichen Zucker und einer Prise Salz steif schlagen. Dieser Eischnee wird nun vorsichtig zum Teig gegeben und unter ger\u00fchrt, ohne dass zuviel Luft verloren geht.<\/p>\n<p style=\"text-align: justify;\">Ich habe den Kuchen upside down gebacken, dass bedeutet ich habe die mit Backpapier ausgelegte Springform zun\u00e4chst mit etwas Oliven\u00f6l und Honig ausgestrichen und dann die in Scheiben geschnittenen Pfirsiche platziert. Darauf habe ich den Teig gegeben und das Ganze f\u00fcr 45 Minuten bei 175 Grad gebacken. Wenn der Kuchen gar ist etwa 15 Minuten ausk\u00fchlen lassen und dann vorsichtig st\u00fcrzen. So lange der Kuchen noch warm ist, kann man das Backpapier sehr gut von den Pfirsichen abziehen, ohne dass sie aus dem Kuchen gerissen werden. Schlagsahne passt wunderbar zu diesem Kuchen, der nur ein leichtes Rosmarinaroma entfaltet.<\/p>\n<p>K\u00f6nnt Ihr Euch die Kombi vorstellen?<\/p>\n<p>Liebe Gr\u00fc\u00dfe<\/p>\n<p>Ge-sa<\/p>\n","protected":false},"excerpt":{"rendered":"<p>Sommerzeit ist gleich Pfirsich-Zeit! Ehrlich gesagt mag ich Pfirsiche frisch \u00fcberhaupt nicht essen. Also den Geschmack finde ich toll, aber ich kann diese kleinen pelzigen Dinger einfach nicht essen. Wenn ich nur daran denke, kriege ich schon eine G\u00e4nsehaut. Dieses haarige Gef\u00fchl im Mund finde ich einfach unheimlich unununangenehm&#8230;..genauso bei Aprikosen. Geht einfach nicht. Und [&hellip;]<\/p>\n","protected":false},"author":2,"featured_media":508,"comment_status":"open","ping_status":"open","sticky":false,"template":"","format":"standard","meta":{"jetpack_post_was_ever_published":false,"_jetpack_newsletter_access":"","_jetpack_dont_email_post_to_subs":true,"_jetpack_newsletter_tier_id":0,"_jetpack_memberships_contains_paywalled_content":false,"_jetpack_memberships_contains_paid_content":false,"footnotes":"","jetpack_publicize_message":"","jetpack_publicize_feature_enabled":true,"jetpack_social_post_already_shared":true,"jetpack_social_options":{"image_generator_settings":{"template":"highway","default_image_id":0,"font":"","enabled":false},"version":2}},"categories":[1,17],"tags":[89,77,90,88,76],"class_list":["post-504","post","type-post","status-publish","format-standard","has-post-thumbnail","hentry","category-allgemein","category-ge-backen","tag-biskuit","tag-honig","tag-locker","tag-pfirsich","tag-rosmarin"],"yoast_head":"<!-- This site is optimized with the Yoast SEO plugin v27.4 - https:\/\/yoast.com\/product\/yoast-seo-wordpress\/ -->\n<title>Ge-backen: Oliven-Oel Pfirsich Kuchen mit Rosmarin<\/title>\n<meta name=\"description\" content=\"Ge-backen: Oliven-Oel Pfirsich Kuchen mit Rosmarin\" \/>\n<meta name=\"robots\" content=\"index, follow, max-snippet:-1, max-image-preview:large, max-video-preview:-1\" \/>\n<link rel=\"canonical\" href=\"https:\/\/www.ge-sagt.de\/index.php\/ge-backen-oliven-oel-pfirsich-kuchen-mit-rosmarin\/\" \/>\n<meta property=\"og:locale\" content=\"de_DE\" \/>\n<meta property=\"og:type\" content=\"article\" \/>\n<meta property=\"og:title\" content=\"Ge-backen: Oliven-Oel Pfirsich Kuchen mit Rosmarin\" \/>\n<meta property=\"og:description\" content=\"Ge-backen: Oliven-Oel Pfirsich Kuchen mit Rosmarin\" \/>\n<meta property=\"og:url\" content=\"https:\/\/www.ge-sagt.de\/index.php\/ge-backen-oliven-oel-pfirsich-kuchen-mit-rosmarin\/\" \/>\n<meta property=\"og:site_name\" content=\"ge-sagt.de\" \/>\n<meta property=\"article:published_time\" content=\"2013-08-13T06:09:46+00:00\" \/>\n<meta property=\"article:modified_time\" content=\"2016-10-25T12:06:27+00:00\" \/>\n<meta property=\"og:image\" content=\"https:\/\/www.ge-sagt.de\/wp-content\/uploads\/2013\/07\/Pfirsich-Oliveno\u0308l-Kuchen.jpg\" \/>\n\t<meta property=\"og:image:width\" content=\"534\" \/>\n\t<meta property=\"og:image:height\" content=\"800\" \/>\n\t<meta property=\"og:image:type\" content=\"image\/jpeg\" \/>\n<meta name=\"author\" content=\"Gesa\" \/>\n<meta name=\"twitter:label1\" content=\"Verfasst von\" \/>\n\t<meta name=\"twitter:data1\" content=\"Gesa\" \/>\n\t<meta name=\"twitter:label2\" content=\"Gesch\u00e4tzte Lesezeit\" \/>\n\t<meta name=\"twitter:data2\" content=\"2\u00a0Minuten\" \/>\n<script type=\"application\/ld+json\" class=\"yoast-schema-graph\">{\"@context\":\"https:\\\/\\\/schema.org\",\"@graph\":[{\"@type\":\"Article\",\"@id\":\"https:\\\/\\\/www.ge-sagt.de\\\/index.php\\\/ge-backen-oliven-oel-pfirsich-kuchen-mit-rosmarin\\\/#article\",\"isPartOf\":{\"@id\":\"https:\\\/\\\/www.ge-sagt.de\\\/index.php\\\/ge-backen-oliven-oel-pfirsich-kuchen-mit-rosmarin\\\/\"},\"author\":{\"name\":\"Gesa\",\"@id\":\"https:\\\/\\\/www.ge-sagt.de\\\/#\\\/schema\\\/person\\\/f6ec6da1209901fb058ae74d414f295d\"},\"headline\":\"Ge-backen: Oliven-Oel Pfirsich Kuchen mit Rosmarin\",\"datePublished\":\"2013-08-13T06:09:46+00:00\",\"dateModified\":\"2016-10-25T12:06:27+00:00\",\"mainEntityOfPage\":{\"@id\":\"https:\\\/\\\/www.ge-sagt.de\\\/index.php\\\/ge-backen-oliven-oel-pfirsich-kuchen-mit-rosmarin\\\/\"},\"wordCount\":350,\"commentCount\":0,\"image\":{\"@id\":\"https:\\\/\\\/www.ge-sagt.de\\\/index.php\\\/ge-backen-oliven-oel-pfirsich-kuchen-mit-rosmarin\\\/#primaryimage\"},\"thumbnailUrl\":\"https:\\\/\\\/www.ge-sagt.de\\\/wp-content\\\/uploads\\\/2013\\\/07\\\/Pfirsich-Oliveno\u0308l-Kuchen.jpg\",\"keywords\":[\"Biskuit\",\"Honig\",\"locker\",\"Pfirsich\",\"Rosmarin\"],\"articleSection\":{\"1\":\"Ge-backen\"},\"inLanguage\":\"de\",\"potentialAction\":[{\"@type\":\"CommentAction\",\"name\":\"Comment\",\"target\":[\"https:\\\/\\\/www.ge-sagt.de\\\/index.php\\\/ge-backen-oliven-oel-pfirsich-kuchen-mit-rosmarin\\\/#respond\"]}]},{\"@type\":\"WebPage\",\"@id\":\"https:\\\/\\\/www.ge-sagt.de\\\/index.php\\\/ge-backen-oliven-oel-pfirsich-kuchen-mit-rosmarin\\\/\",\"url\":\"https:\\\/\\\/www.ge-sagt.de\\\/index.php\\\/ge-backen-oliven-oel-pfirsich-kuchen-mit-rosmarin\\\/\",\"name\":\"Ge-backen: Oliven-Oel Pfirsich Kuchen mit Rosmarin\",\"isPartOf\":{\"@id\":\"https:\\\/\\\/www.ge-sagt.de\\\/#website\"},\"primaryImageOfPage\":{\"@id\":\"https:\\\/\\\/www.ge-sagt.de\\\/index.php\\\/ge-backen-oliven-oel-pfirsich-kuchen-mit-rosmarin\\\/#primaryimage\"},\"image\":{\"@id\":\"https:\\\/\\\/www.ge-sagt.de\\\/index.php\\\/ge-backen-oliven-oel-pfirsich-kuchen-mit-rosmarin\\\/#primaryimage\"},\"thumbnailUrl\":\"https:\\\/\\\/www.ge-sagt.de\\\/wp-content\\\/uploads\\\/2013\\\/07\\\/Pfirsich-Oliveno\u0308l-Kuchen.jpg\",\"datePublished\":\"2013-08-13T06:09:46+00:00\",\"dateModified\":\"2016-10-25T12:06:27+00:00\",\"author\":{\"@id\":\"https:\\\/\\\/www.ge-sagt.de\\\/#\\\/schema\\\/person\\\/f6ec6da1209901fb058ae74d414f295d\"},\"description\":\"Ge-backen: Oliven-Oel Pfirsich Kuchen mit Rosmarin\",\"breadcrumb\":{\"@id\":\"https:\\\/\\\/www.ge-sagt.de\\\/index.php\\\/ge-backen-oliven-oel-pfirsich-kuchen-mit-rosmarin\\\/#breadcrumb\"},\"inLanguage\":\"de\",\"potentialAction\":[{\"@type\":\"ReadAction\",\"target\":[\"https:\\\/\\\/www.ge-sagt.de\\\/index.php\\\/ge-backen-oliven-oel-pfirsich-kuchen-mit-rosmarin\\\/\"]}]},{\"@type\":\"ImageObject\",\"inLanguage\":\"de\",\"@id\":\"https:\\\/\\\/www.ge-sagt.de\\\/index.php\\\/ge-backen-oliven-oel-pfirsich-kuchen-mit-rosmarin\\\/#primaryimage\",\"url\":\"https:\\\/\\\/www.ge-sagt.de\\\/wp-content\\\/uploads\\\/2013\\\/07\\\/Pfirsich-Oliveno\u0308l-Kuchen.jpg\",\"contentUrl\":\"https:\\\/\\\/www.ge-sagt.de\\\/wp-content\\\/uploads\\\/2013\\\/07\\\/Pfirsich-Oliveno\u0308l-Kuchen.jpg\",\"width\":534,\"height\":800},{\"@type\":\"BreadcrumbList\",\"@id\":\"https:\\\/\\\/www.ge-sagt.de\\\/index.php\\\/ge-backen-oliven-oel-pfirsich-kuchen-mit-rosmarin\\\/#breadcrumb\",\"itemListElement\":[{\"@type\":\"ListItem\",\"position\":1,\"name\":\"Home\",\"item\":\"https:\\\/\\\/www.ge-sagt.de\\\/\"},{\"@type\":\"ListItem\",\"position\":2,\"name\":\"Ge-backen: Oliven-Oel Pfirsich Kuchen mit Rosmarin\"}]},{\"@type\":\"WebSite\",\"@id\":\"https:\\\/\\\/www.ge-sagt.de\\\/#website\",\"url\":\"https:\\\/\\\/www.ge-sagt.de\\\/\",\"name\":\"ge-sagt.de\",\"description\":\"Gesa denkt, sagt und tut auf diesem Blog\",\"potentialAction\":[{\"@type\":\"SearchAction\",\"target\":{\"@type\":\"EntryPoint\",\"urlTemplate\":\"https:\\\/\\\/www.ge-sagt.de\\\/?s={search_term_string}\"},\"query-input\":{\"@type\":\"PropertyValueSpecification\",\"valueRequired\":true,\"valueName\":\"search_term_string\"}}],\"inLanguage\":\"de\"},{\"@type\":\"Person\",\"@id\":\"https:\\\/\\\/www.ge-sagt.de\\\/#\\\/schema\\\/person\\\/f6ec6da1209901fb058ae74d414f295d\",\"name\":\"Gesa\",\"image\":{\"@type\":\"ImageObject\",\"inLanguage\":\"de\",\"@id\":\"https:\\\/\\\/secure.gravatar.com\\\/avatar\\\/b2210b745bd73a1286fa46a53ee66332ba91d4de884ca4cdeaa854740a7b03a0?s=96&d=mm&r=g\",\"url\":\"https:\\\/\\\/secure.gravatar.com\\\/avatar\\\/b2210b745bd73a1286fa46a53ee66332ba91d4de884ca4cdeaa854740a7b03a0?s=96&d=mm&r=g\",\"contentUrl\":\"https:\\\/\\\/secure.gravatar.com\\\/avatar\\\/b2210b745bd73a1286fa46a53ee66332ba91d4de884ca4cdeaa854740a7b03a0?s=96&d=mm&r=g\",\"caption\":\"Gesa\"},\"url\":\"https:\\\/\\\/www.ge-sagt.de\\\/index.php\\\/author\\\/gesa\\\/\"}]}<\/script>\n<!-- \/ Yoast SEO plugin. -->","yoast_head_json":{"title":"Ge-backen: Oliven-Oel Pfirsich Kuchen mit Rosmarin","description":"Ge-backen: Oliven-Oel Pfirsich Kuchen mit Rosmarin","robots":{"index":"index","follow":"follow","max-snippet":"max-snippet:-1","max-image-preview":"max-image-preview:large","max-video-preview":"max-video-preview:-1"},"canonical":"https:\/\/www.ge-sagt.de\/index.php\/ge-backen-oliven-oel-pfirsich-kuchen-mit-rosmarin\/","og_locale":"de_DE","og_type":"article","og_title":"Ge-backen: Oliven-Oel Pfirsich Kuchen mit Rosmarin","og_description":"Ge-backen: Oliven-Oel Pfirsich Kuchen mit Rosmarin","og_url":"https:\/\/www.ge-sagt.de\/index.php\/ge-backen-oliven-oel-pfirsich-kuchen-mit-rosmarin\/","og_site_name":"ge-sagt.de","article_published_time":"2013-08-13T06:09:46+00:00","article_modified_time":"2016-10-25T12:06:27+00:00","og_image":[{"width":534,"height":800,"url":"https:\/\/www.ge-sagt.de\/wp-content\/uploads\/2013\/07\/Pfirsich-Oliveno\u0308l-Kuchen.jpg","type":"image\/jpeg"}],"author":"Gesa","twitter_misc":{"Verfasst von":"Gesa","Gesch\u00e4tzte Lesezeit":"2\u00a0Minuten"},"schema":{"@context":"https:\/\/schema.org","@graph":[{"@type":"Article","@id":"https:\/\/www.ge-sagt.de\/index.php\/ge-backen-oliven-oel-pfirsich-kuchen-mit-rosmarin\/#article","isPartOf":{"@id":"https:\/\/www.ge-sagt.de\/index.php\/ge-backen-oliven-oel-pfirsich-kuchen-mit-rosmarin\/"},"author":{"name":"Gesa","@id":"https:\/\/www.ge-sagt.de\/#\/schema\/person\/f6ec6da1209901fb058ae74d414f295d"},"headline":"Ge-backen: Oliven-Oel Pfirsich Kuchen mit Rosmarin","datePublished":"2013-08-13T06:09:46+00:00","dateModified":"2016-10-25T12:06:27+00:00","mainEntityOfPage":{"@id":"https:\/\/www.ge-sagt.de\/index.php\/ge-backen-oliven-oel-pfirsich-kuchen-mit-rosmarin\/"},"wordCount":350,"commentCount":0,"image":{"@id":"https:\/\/www.ge-sagt.de\/index.php\/ge-backen-oliven-oel-pfirsich-kuchen-mit-rosmarin\/#primaryimage"},"thumbnailUrl":"https:\/\/www.ge-sagt.de\/wp-content\/uploads\/2013\/07\/Pfirsich-Oliveno\u0308l-Kuchen.jpg","keywords":["Biskuit","Honig","locker","Pfirsich","Rosmarin"],"articleSection":{"1":"Ge-backen"},"inLanguage":"de","potentialAction":[{"@type":"CommentAction","name":"Comment","target":["https:\/\/www.ge-sagt.de\/index.php\/ge-backen-oliven-oel-pfirsich-kuchen-mit-rosmarin\/#respond"]}]},{"@type":"WebPage","@id":"https:\/\/www.ge-sagt.de\/index.php\/ge-backen-oliven-oel-pfirsich-kuchen-mit-rosmarin\/","url":"https:\/\/www.ge-sagt.de\/index.php\/ge-backen-oliven-oel-pfirsich-kuchen-mit-rosmarin\/","name":"Ge-backen: Oliven-Oel Pfirsich Kuchen mit Rosmarin","isPartOf":{"@id":"https:\/\/www.ge-sagt.de\/#website"},"primaryImageOfPage":{"@id":"https:\/\/www.ge-sagt.de\/index.php\/ge-backen-oliven-oel-pfirsich-kuchen-mit-rosmarin\/#primaryimage"},"image":{"@id":"https:\/\/www.ge-sagt.de\/index.php\/ge-backen-oliven-oel-pfirsich-kuchen-mit-rosmarin\/#primaryimage"},"thumbnailUrl":"https:\/\/www.ge-sagt.de\/wp-content\/uploads\/2013\/07\/Pfirsich-Oliveno\u0308l-Kuchen.jpg","datePublished":"2013-08-13T06:09:46+00:00","dateModified":"2016-10-25T12:06:27+00:00","author":{"@id":"https:\/\/www.ge-sagt.de\/#\/schema\/person\/f6ec6da1209901fb058ae74d414f295d"},"description":"Ge-backen: Oliven-Oel Pfirsich Kuchen mit Rosmarin","breadcrumb":{"@id":"https:\/\/www.ge-sagt.de\/index.php\/ge-backen-oliven-oel-pfirsich-kuchen-mit-rosmarin\/#breadcrumb"},"inLanguage":"de","potentialAction":[{"@type":"ReadAction","target":["https:\/\/www.ge-sagt.de\/index.php\/ge-backen-oliven-oel-pfirsich-kuchen-mit-rosmarin\/"]}]},{"@type":"ImageObject","inLanguage":"de","@id":"https:\/\/www.ge-sagt.de\/index.php\/ge-backen-oliven-oel-pfirsich-kuchen-mit-rosmarin\/#primaryimage","url":"https:\/\/www.ge-sagt.de\/wp-content\/uploads\/2013\/07\/Pfirsich-Oliveno\u0308l-Kuchen.jpg","contentUrl":"https:\/\/www.ge-sagt.de\/wp-content\/uploads\/2013\/07\/Pfirsich-Oliveno\u0308l-Kuchen.jpg","width":534,"height":800},{"@type":"BreadcrumbList","@id":"https:\/\/www.ge-sagt.de\/index.php\/ge-backen-oliven-oel-pfirsich-kuchen-mit-rosmarin\/#breadcrumb","itemListElement":[{"@type":"ListItem","position":1,"name":"Home","item":"https:\/\/www.ge-sagt.de\/"},{"@type":"ListItem","position":2,"name":"Ge-backen: Oliven-Oel Pfirsich Kuchen mit Rosmarin"}]},{"@type":"WebSite","@id":"https:\/\/www.ge-sagt.de\/#website","url":"https:\/\/www.ge-sagt.de\/","name":"ge-sagt.de","description":"Gesa denkt, sagt und tut auf diesem Blog","potentialAction":[{"@type":"SearchAction","target":{"@type":"EntryPoint","urlTemplate":"https:\/\/www.ge-sagt.de\/?s={search_term_string}"},"query-input":{"@type":"PropertyValueSpecification","valueRequired":true,"valueName":"search_term_string"}}],"inLanguage":"de"},{"@type":"Person","@id":"https:\/\/www.ge-sagt.de\/#\/schema\/person\/f6ec6da1209901fb058ae74d414f295d","name":"Gesa","image":{"@type":"ImageObject","inLanguage":"de","@id":"https:\/\/secure.gravatar.com\/avatar\/b2210b745bd73a1286fa46a53ee66332ba91d4de884ca4cdeaa854740a7b03a0?s=96&d=mm&r=g","url":"https:\/\/secure.gravatar.com\/avatar\/b2210b745bd73a1286fa46a53ee66332ba91d4de884ca4cdeaa854740a7b03a0?s=96&d=mm&r=g","contentUrl":"https:\/\/secure.gravatar.com\/avatar\/b2210b745bd73a1286fa46a53ee66332ba91d4de884ca4cdeaa854740a7b03a0?s=96&d=mm&r=g","caption":"Gesa"},"url":"https:\/\/www.ge-sagt.de\/index.php\/author\/gesa\/"}]}},"jetpack_publicize_connections":[],"jetpack_featured_media_url":"https:\/\/www.ge-sagt.de\/wp-content\/uploads\/2013\/07\/Pfirsich-Oliveno\u0308l-Kuchen.jpg","jetpack_shortlink":"https:\/\/wp.me\/p3aAW4-88","jetpack_sharing_enabled":true,"_links":{"self":[{"href":"https:\/\/www.ge-sagt.de\/index.php\/wp-json\/wp\/v2\/posts\/504","targetHints":{"allow":["GET"]}}],"collection":[{"href":"https:\/\/www.ge-sagt.de\/index.php\/wp-json\/wp\/v2\/posts"}],"about":[{"href":"https:\/\/www.ge-sagt.de\/index.php\/wp-json\/wp\/v2\/types\/post"}],"author":[{"embeddable":true,"href":"https:\/\/www.ge-sagt.de\/index.php\/wp-json\/wp\/v2\/users\/2"}],"replies":[{"embeddable":true,"href":"https:\/\/www.ge-sagt.de\/index.php\/wp-json\/wp\/v2\/comments?post=504"}],"version-history":[{"count":15,"href":"https:\/\/www.ge-sagt.de\/index.php\/wp-json\/wp\/v2\/posts\/504\/revisions"}],"predecessor-version":[{"id":1926,"href":"https:\/\/www.ge-sagt.de\/index.php\/wp-json\/wp\/v2\/posts\/504\/revisions\/1926"}],"wp:featuredmedia":[{"embeddable":true,"href":"https:\/\/www.ge-sagt.de\/index.php\/wp-json\/wp\/v2\/media\/508"}],"wp:attachment":[{"href":"https:\/\/www.ge-sagt.de\/index.php\/wp-json\/wp\/v2\/media?parent=504"}],"wp:term":[{"taxonomy":"category","embeddable":true,"href":"https:\/\/www.ge-sagt.de\/index.php\/wp-json\/wp\/v2\/categories?post=504"},{"taxonomy":"post_tag","embeddable":true,"href":"https:\/\/www.ge-sagt.de\/index.php\/wp-json\/wp\/v2\/tags?post=504"}],"curies":[{"name":"wp","href":"https:\/\/api.w.org\/{rel}","templated":true}]}}