{"id":497,"date":"2013-07-19T16:22:12","date_gmt":"2013-07-19T14:22:12","guid":{"rendered":"http:\/\/www.ge-sagt.de\/?p=497"},"modified":"2016-10-25T14:06:27","modified_gmt":"2016-10-25T12:06:27","slug":"ge-knipst-frage-foto-freitag-die-zweite","status":"publish","type":"post","link":"https:\/\/www.ge-sagt.de\/index.php\/ge-knipst-frage-foto-freitag-die-zweite\/","title":{"rendered":"Ge-knipst: Frage Foto Freitag die Zweite"},"content":{"rendered":"<p>Ok, letzte Woche war einfach viel zuviel los, ich habe mal so gar nichts geschafft. Diese Woche aber mache ich unbedingt wieder mit beim Frage Foto Freitag von Steffi auf ihrem Blog <a title=\"Steffis Blog\" href=\"http:\/\/www.ohhhmhhh.de\/\" target=\"_blank\">OhhhMhhh<\/a>.<\/p>\n<p>Und zwar wie folgt:<\/p>\n<p style=\"text-align: center;\"><img decoding=\"async\" data-attachment-id=\"512\" data-permalink=\"https:\/\/www.ge-sagt.de\/index.php\/ge-knipst-frage-foto-freitag-die-zweite\/fff2-1b\/\" data-orig-file=\"https:\/\/www.ge-sagt.de\/wp-content\/uploads\/2013\/07\/FFF2-1b.jpg\" data-orig-size=\"540,720\" data-comments-opened=\"1\" data-image-meta=\"{&quot;aperture&quot;:&quot;0&quot;,&quot;credit&quot;:&quot;&quot;,&quot;camera&quot;:&quot;&quot;,&quot;caption&quot;:&quot;&quot;,&quot;created_timestamp&quot;:&quot;0&quot;,&quot;copyright&quot;:&quot;&quot;,&quot;focal_length&quot;:&quot;0&quot;,&quot;iso&quot;:&quot;0&quot;,&quot;shutter_speed&quot;:&quot;0&quot;,&quot;title&quot;:&quot;&quot;}\" data-image-title=\"FFF2-1b\" data-image-description=\"\" data-image-caption=\"\" data-large-file=\"https:\/\/www.ge-sagt.de\/wp-content\/uploads\/2013\/07\/FFF2-1b.jpg\" class=\"aligncenter  wp-image-512\" src=\"http:\/\/www.ge-sagt.de\/wp-content\/uploads\/2013\/07\/FFF2-1b.jpg\" alt=\"FFF2-1b\" width=\"432\" height=\"576\" srcset=\"https:\/\/www.ge-sagt.de\/wp-content\/uploads\/2013\/07\/FFF2-1b-225x300.jpg 225w, https:\/\/www.ge-sagt.de\/wp-content\/uploads\/2013\/07\/FFF2-1b.jpg 540w\" sizes=\"(max-width: 432px) 100vw, 432px\" \/>Ich liebe&#8230;.. unser kleines Gl\u00fcck und Eis!<\/p>\n<p style=\"text-align: center;\"><a href=\"http:\/\/www.ge-sagt.de\/wp-content\/uploads\/2013\/07\/20130719-100840.jpg\"><img decoding=\"async\" class=\" aligncenter\" src=\"http:\/\/www.ge-sagt.de\/wp-content\/uploads\/2013\/07\/20130719-100840.jpg\" alt=\"20130719-100840.jpg\" width=\"576\" height=\"432\" \/><\/a><\/p>\n<p style=\"text-align: center;\">Ich bin dankbar f\u00fcr&#8230;das Gl\u00fcck, den Sommer, das Leben, &#8230;.<\/p>\n<p style=\"text-align: center;\"><img decoding=\"async\" data-attachment-id=\"472\" data-permalink=\"https:\/\/www.ge-sagt.de\/index.php\/ge-reist-sardinien-2013\/sardinien-panorama\/\" data-orig-file=\"https:\/\/www.ge-sagt.de\/wp-content\/uploads\/2013\/07\/sardinien-panorama.jpg\" data-orig-size=\"1500,333\" data-comments-opened=\"1\" data-image-meta=\"{&quot;aperture&quot;:&quot;2.4&quot;,&quot;credit&quot;:&quot;&quot;,&quot;camera&quot;:&quot;iPhone 4S&quot;,&quot;caption&quot;:&quot;&quot;,&quot;created_timestamp&quot;:&quot;1372529076&quot;,&quot;copyright&quot;:&quot;&quot;,&quot;focal_length&quot;:&quot;4.28&quot;,&quot;iso&quot;:&quot;50&quot;,&quot;shutter_speed&quot;:&quot;0.00072411296162201&quot;,&quot;title&quot;:&quot;&quot;}\" data-image-title=\"sardinien panorama\" data-image-description=\"\" data-image-caption=\"\" data-large-file=\"https:\/\/www.ge-sagt.de\/wp-content\/uploads\/2013\/07\/sardinien-panorama-1024x227.jpg\" class=\" wp-image-472 aligncenter\" src=\"http:\/\/www.ge-sagt.de\/wp-content\/uploads\/2013\/07\/sardinien-panorama.jpg\" alt=\"sardinien panorama\" width=\"1500\" height=\"333\" srcset=\"https:\/\/www.ge-sagt.de\/wp-content\/uploads\/2013\/07\/sardinien-panorama-500x111.jpg 500w, https:\/\/www.ge-sagt.de\/wp-content\/uploads\/2013\/07\/sardinien-panorama-600x133.jpg 600w, https:\/\/www.ge-sagt.de\/wp-content\/uploads\/2013\/07\/sardinien-panorama-1024x227.jpg 1024w, https:\/\/www.ge-sagt.de\/wp-content\/uploads\/2013\/07\/sardinien-panorama.jpg 1500w\" sizes=\"(max-width: 1500px) 100vw, 1500px\" \/><br \/>\nIch w\u00fcnschte&#8230;ich w\u00e4re nochmal zur\u00fcck auf Sardinien!<\/p>\n<p style=\"text-align: center;\"><img decoding=\"async\" data-attachment-id=\"520\" data-permalink=\"https:\/\/www.ge-sagt.de\/index.php\/ge-knipst-frage-foto-freitag-die-zweite\/fff2-3\/\" data-orig-file=\"https:\/\/www.ge-sagt.de\/wp-content\/uploads\/2013\/07\/FFF2-3.png\" data-orig-size=\"540,720\" data-comments-opened=\"1\" data-image-meta=\"{&quot;aperture&quot;:&quot;0&quot;,&quot;credit&quot;:&quot;&quot;,&quot;camera&quot;:&quot;&quot;,&quot;caption&quot;:&quot;&quot;,&quot;created_timestamp&quot;:&quot;0&quot;,&quot;copyright&quot;:&quot;&quot;,&quot;focal_length&quot;:&quot;0&quot;,&quot;iso&quot;:&quot;0&quot;,&quot;shutter_speed&quot;:&quot;0&quot;,&quot;title&quot;:&quot;&quot;}\" data-image-title=\"FFF2-3\" data-image-description=\"\" data-image-caption=\"\" data-large-file=\"https:\/\/www.ge-sagt.de\/wp-content\/uploads\/2013\/07\/FFF2-3.png\" class=\"aligncenter  wp-image-520\" src=\"http:\/\/www.ge-sagt.de\/wp-content\/uploads\/2013\/07\/FFF2-3.png\" alt=\"FFF2-3\" width=\"378\" height=\"504\" srcset=\"https:\/\/www.ge-sagt.de\/wp-content\/uploads\/2013\/07\/FFF2-3-225x300.png 225w, https:\/\/www.ge-sagt.de\/wp-content\/uploads\/2013\/07\/FFF2-3.png 540w\" sizes=\"(max-width: 378px) 100vw, 378px\" \/>Ich brauche&#8230;Wochenende und einfach mehr Zeit!<\/p>\n<p style=\"text-align: center;\"><img decoding=\"async\" data-attachment-id=\"519\" data-permalink=\"https:\/\/www.ge-sagt.de\/index.php\/ge-knipst-frage-foto-freitag-die-zweite\/fff2-4\/\" data-orig-file=\"https:\/\/www.ge-sagt.de\/wp-content\/uploads\/2013\/07\/FFF2-4.png\" data-orig-size=\"480,640\" data-comments-opened=\"1\" data-image-meta=\"{&quot;aperture&quot;:&quot;0&quot;,&quot;credit&quot;:&quot;&quot;,&quot;camera&quot;:&quot;&quot;,&quot;caption&quot;:&quot;&quot;,&quot;created_timestamp&quot;:&quot;0&quot;,&quot;copyright&quot;:&quot;&quot;,&quot;focal_length&quot;:&quot;0&quot;,&quot;iso&quot;:&quot;0&quot;,&quot;shutter_speed&quot;:&quot;0&quot;,&quot;title&quot;:&quot;&quot;}\" data-image-title=\"FFF2-4\" data-image-description=\"\" data-image-caption=\"\" data-large-file=\"https:\/\/www.ge-sagt.de\/wp-content\/uploads\/2013\/07\/FFF2-4.png\" class=\"aligncenter  wp-image-519\" src=\"http:\/\/www.ge-sagt.de\/wp-content\/uploads\/2013\/07\/FFF2-4.png\" alt=\"FFF2-4\" width=\"389\" height=\"518\" srcset=\"https:\/\/www.ge-sagt.de\/wp-content\/uploads\/2013\/07\/FFF2-4-225x300.png 225w, https:\/\/www.ge-sagt.de\/wp-content\/uploads\/2013\/07\/FFF2-4.png 480w\" sizes=\"(max-width: 389px) 100vw, 389px\" \/>Ich werde jetzt&#8230;Pause machen!<\/p>\n","protected":false},"excerpt":{"rendered":"<p>Ok, letzte Woche war einfach viel zuviel los, ich habe mal so gar nichts geschafft. Diese Woche aber mache ich unbedingt wieder mit beim Frage Foto Freitag von Steffi auf ihrem Blog OhhhMhhh. Und zwar wie folgt: Ich liebe&#8230;.. unser kleines Gl\u00fcck und Eis! Ich bin dankbar f\u00fcr&#8230;das Gl\u00fcck, den Sommer, das Leben, &#8230;. Ich [&hellip;]<\/p>\n","protected":false},"author":2,"featured_media":0,"comment_status":"open","ping_status":"open","sticky":false,"template":"","format":"standard","meta":{"jetpack_post_was_ever_published":false,"_jetpack_newsletter_access":"","_jetpack_dont_email_post_to_subs":true,"_jetpack_newsletter_tier_id":0,"_jetpack_memberships_contains_paywalled_content":false,"_jetpack_memberships_contains_paid_content":false,"footnotes":"","jetpack_publicize_message":"","jetpack_publicize_feature_enabled":true,"jetpack_social_post_already_shared":true,"jetpack_social_options":{"image_generator_settings":{"template":"highway","default_image_id":0,"font":"","enabled":false},"version":2}},"categories":[1,60,4],"tags":[82,83,84,86,87,85],"class_list":["post-497","post","type-post","status-publish","format-standard","hentry","category-allgemein","category-ge-knipst","category-ge-tan","tag-foto","tag-frage","tag-freitag","tag-juli","tag-ohhhmhhh","tag-steffi"],"yoast_head":"<!-- This site is optimized with the Yoast SEO plugin v27.4 - https:\/\/yoast.com\/product\/yoast-seo-wordpress\/ -->\n<title>Ge-knipst: Frage Foto Freitag die Zweite<\/title>\n<meta name=\"description\" content=\"Ge-knipst: Frage Foto Freitag die Zweite\" \/>\n<meta name=\"robots\" content=\"index, follow, max-snippet:-1, max-image-preview:large, max-video-preview:-1\" \/>\n<link rel=\"canonical\" href=\"https:\/\/www.ge-sagt.de\/index.php\/ge-knipst-frage-foto-freitag-die-zweite\/\" \/>\n<meta property=\"og:locale\" content=\"de_DE\" \/>\n<meta property=\"og:type\" content=\"article\" \/>\n<meta property=\"og:title\" content=\"Ge-knipst: Frage Foto Freitag die Zweite\" \/>\n<meta property=\"og:description\" content=\"Ge-knipst: Frage Foto Freitag die Zweite\" \/>\n<meta property=\"og:url\" content=\"https:\/\/www.ge-sagt.de\/index.php\/ge-knipst-frage-foto-freitag-die-zweite\/\" \/>\n<meta property=\"og:site_name\" content=\"ge-sagt.de\" \/>\n<meta property=\"article:published_time\" content=\"2013-07-19T14:22:12+00:00\" \/>\n<meta property=\"article:modified_time\" content=\"2016-10-25T12:06:27+00:00\" \/>\n<meta property=\"og:image\" content=\"http:\/\/www.ge-sagt.de\/wp-content\/uploads\/2013\/07\/FFF2-1b.jpg\" \/>\n<meta name=\"author\" content=\"Gesa\" \/>\n<meta name=\"twitter:label1\" content=\"Verfasst von\" \/>\n\t<meta name=\"twitter:data1\" content=\"Gesa\" \/>\n<script type=\"application\/ld+json\" class=\"yoast-schema-graph\">{\"@context\":\"https:\\\/\\\/schema.org\",\"@graph\":[{\"@type\":\"Article\",\"@id\":\"https:\\\/\\\/www.ge-sagt.de\\\/index.php\\\/ge-knipst-frage-foto-freitag-die-zweite\\\/#article\",\"isPartOf\":{\"@id\":\"https:\\\/\\\/www.ge-sagt.de\\\/index.php\\\/ge-knipst-frage-foto-freitag-die-zweite\\\/\"},\"author\":{\"name\":\"Gesa\",\"@id\":\"https:\\\/\\\/www.ge-sagt.de\\\/#\\\/schema\\\/person\\\/f6ec6da1209901fb058ae74d414f295d\"},\"headline\":\"Ge-knipst: Frage Foto Freitag die Zweite\",\"datePublished\":\"2013-07-19T14:22:12+00:00\",\"dateModified\":\"2016-10-25T12:06:27+00:00\",\"mainEntityOfPage\":{\"@id\":\"https:\\\/\\\/www.ge-sagt.de\\\/index.php\\\/ge-knipst-frage-foto-freitag-die-zweite\\\/\"},\"wordCount\":86,\"commentCount\":0,\"image\":{\"@id\":\"https:\\\/\\\/www.ge-sagt.de\\\/index.php\\\/ge-knipst-frage-foto-freitag-die-zweite\\\/#primaryimage\"},\"thumbnailUrl\":\"http:\\\/\\\/www.ge-sagt.de\\\/wp-content\\\/uploads\\\/2013\\\/07\\\/FFF2-1b.jpg\",\"keywords\":[\"Foto\",\"Frage\",\"Freitag\",\"Juli\",\"OhhhMhhh\",\"Steffi\"],\"articleSection\":{\"1\":\"Ge-knipst\",\"2\":\"Ge-tan\"},\"inLanguage\":\"de\",\"potentialAction\":[{\"@type\":\"CommentAction\",\"name\":\"Comment\",\"target\":[\"https:\\\/\\\/www.ge-sagt.de\\\/index.php\\\/ge-knipst-frage-foto-freitag-die-zweite\\\/#respond\"]}]},{\"@type\":\"WebPage\",\"@id\":\"https:\\\/\\\/www.ge-sagt.de\\\/index.php\\\/ge-knipst-frage-foto-freitag-die-zweite\\\/\",\"url\":\"https:\\\/\\\/www.ge-sagt.de\\\/index.php\\\/ge-knipst-frage-foto-freitag-die-zweite\\\/\",\"name\":\"Ge-knipst: Frage Foto Freitag die Zweite\",\"isPartOf\":{\"@id\":\"https:\\\/\\\/www.ge-sagt.de\\\/#website\"},\"primaryImageOfPage\":{\"@id\":\"https:\\\/\\\/www.ge-sagt.de\\\/index.php\\\/ge-knipst-frage-foto-freitag-die-zweite\\\/#primaryimage\"},\"image\":{\"@id\":\"https:\\\/\\\/www.ge-sagt.de\\\/index.php\\\/ge-knipst-frage-foto-freitag-die-zweite\\\/#primaryimage\"},\"thumbnailUrl\":\"http:\\\/\\\/www.ge-sagt.de\\\/wp-content\\\/uploads\\\/2013\\\/07\\\/FFF2-1b.jpg\",\"datePublished\":\"2013-07-19T14:22:12+00:00\",\"dateModified\":\"2016-10-25T12:06:27+00:00\",\"author\":{\"@id\":\"https:\\\/\\\/www.ge-sagt.de\\\/#\\\/schema\\\/person\\\/f6ec6da1209901fb058ae74d414f295d\"},\"description\":\"Ge-knipst: Frage Foto Freitag die Zweite\",\"breadcrumb\":{\"@id\":\"https:\\\/\\\/www.ge-sagt.de\\\/index.php\\\/ge-knipst-frage-foto-freitag-die-zweite\\\/#breadcrumb\"},\"inLanguage\":\"de\",\"potentialAction\":[{\"@type\":\"ReadAction\",\"target\":[\"https:\\\/\\\/www.ge-sagt.de\\\/index.php\\\/ge-knipst-frage-foto-freitag-die-zweite\\\/\"]}]},{\"@type\":\"ImageObject\",\"inLanguage\":\"de\",\"@id\":\"https:\\\/\\\/www.ge-sagt.de\\\/index.php\\\/ge-knipst-frage-foto-freitag-die-zweite\\\/#primaryimage\",\"url\":\"https:\\\/\\\/www.ge-sagt.de\\\/wp-content\\\/uploads\\\/2013\\\/07\\\/FFF2-1b.jpg\",\"contentUrl\":\"https:\\\/\\\/www.ge-sagt.de\\\/wp-content\\\/uploads\\\/2013\\\/07\\\/FFF2-1b.jpg\",\"width\":540,\"height\":720},{\"@type\":\"BreadcrumbList\",\"@id\":\"https:\\\/\\\/www.ge-sagt.de\\\/index.php\\\/ge-knipst-frage-foto-freitag-die-zweite\\\/#breadcrumb\",\"itemListElement\":[{\"@type\":\"ListItem\",\"position\":1,\"name\":\"Home\",\"item\":\"https:\\\/\\\/www.ge-sagt.de\\\/\"},{\"@type\":\"ListItem\",\"position\":2,\"name\":\"Ge-knipst: Frage Foto Freitag die Zweite\"}]},{\"@type\":\"WebSite\",\"@id\":\"https:\\\/\\\/www.ge-sagt.de\\\/#website\",\"url\":\"https:\\\/\\\/www.ge-sagt.de\\\/\",\"name\":\"ge-sagt.de\",\"description\":\"Gesa denkt, sagt und tut auf diesem Blog\",\"potentialAction\":[{\"@type\":\"SearchAction\",\"target\":{\"@type\":\"EntryPoint\",\"urlTemplate\":\"https:\\\/\\\/www.ge-sagt.de\\\/?s={search_term_string}\"},\"query-input\":{\"@type\":\"PropertyValueSpecification\",\"valueRequired\":true,\"valueName\":\"search_term_string\"}}],\"inLanguage\":\"de\"},{\"@type\":\"Person\",\"@id\":\"https:\\\/\\\/www.ge-sagt.de\\\/#\\\/schema\\\/person\\\/f6ec6da1209901fb058ae74d414f295d\",\"name\":\"Gesa\",\"image\":{\"@type\":\"ImageObject\",\"inLanguage\":\"de\",\"@id\":\"https:\\\/\\\/secure.gravatar.com\\\/avatar\\\/b2210b745bd73a1286fa46a53ee66332ba91d4de884ca4cdeaa854740a7b03a0?s=96&d=mm&r=g\",\"url\":\"https:\\\/\\\/secure.gravatar.com\\\/avatar\\\/b2210b745bd73a1286fa46a53ee66332ba91d4de884ca4cdeaa854740a7b03a0?s=96&d=mm&r=g\",\"contentUrl\":\"https:\\\/\\\/secure.gravatar.com\\\/avatar\\\/b2210b745bd73a1286fa46a53ee66332ba91d4de884ca4cdeaa854740a7b03a0?s=96&d=mm&r=g\",\"caption\":\"Gesa\"},\"url\":\"https:\\\/\\\/www.ge-sagt.de\\\/index.php\\\/author\\\/gesa\\\/\"}]}<\/script>\n<!-- \/ Yoast SEO plugin. -->","yoast_head_json":{"title":"Ge-knipst: Frage Foto Freitag die Zweite","description":"Ge-knipst: Frage Foto Freitag die Zweite","robots":{"index":"index","follow":"follow","max-snippet":"max-snippet:-1","max-image-preview":"max-image-preview:large","max-video-preview":"max-video-preview:-1"},"canonical":"https:\/\/www.ge-sagt.de\/index.php\/ge-knipst-frage-foto-freitag-die-zweite\/","og_locale":"de_DE","og_type":"article","og_title":"Ge-knipst: Frage Foto Freitag die Zweite","og_description":"Ge-knipst: Frage Foto Freitag die Zweite","og_url":"https:\/\/www.ge-sagt.de\/index.php\/ge-knipst-frage-foto-freitag-die-zweite\/","og_site_name":"ge-sagt.de","article_published_time":"2013-07-19T14:22:12+00:00","article_modified_time":"2016-10-25T12:06:27+00:00","og_image":[{"url":"http:\/\/www.ge-sagt.de\/wp-content\/uploads\/2013\/07\/FFF2-1b.jpg","type":"","width":"","height":""}],"author":"Gesa","twitter_misc":{"Verfasst von":"Gesa"},"schema":{"@context":"https:\/\/schema.org","@graph":[{"@type":"Article","@id":"https:\/\/www.ge-sagt.de\/index.php\/ge-knipst-frage-foto-freitag-die-zweite\/#article","isPartOf":{"@id":"https:\/\/www.ge-sagt.de\/index.php\/ge-knipst-frage-foto-freitag-die-zweite\/"},"author":{"name":"Gesa","@id":"https:\/\/www.ge-sagt.de\/#\/schema\/person\/f6ec6da1209901fb058ae74d414f295d"},"headline":"Ge-knipst: Frage Foto Freitag die Zweite","datePublished":"2013-07-19T14:22:12+00:00","dateModified":"2016-10-25T12:06:27+00:00","mainEntityOfPage":{"@id":"https:\/\/www.ge-sagt.de\/index.php\/ge-knipst-frage-foto-freitag-die-zweite\/"},"wordCount":86,"commentCount":0,"image":{"@id":"https:\/\/www.ge-sagt.de\/index.php\/ge-knipst-frage-foto-freitag-die-zweite\/#primaryimage"},"thumbnailUrl":"http:\/\/www.ge-sagt.de\/wp-content\/uploads\/2013\/07\/FFF2-1b.jpg","keywords":["Foto","Frage","Freitag","Juli","OhhhMhhh","Steffi"],"articleSection":{"1":"Ge-knipst","2":"Ge-tan"},"inLanguage":"de","potentialAction":[{"@type":"CommentAction","name":"Comment","target":["https:\/\/www.ge-sagt.de\/index.php\/ge-knipst-frage-foto-freitag-die-zweite\/#respond"]}]},{"@type":"WebPage","@id":"https:\/\/www.ge-sagt.de\/index.php\/ge-knipst-frage-foto-freitag-die-zweite\/","url":"https:\/\/www.ge-sagt.de\/index.php\/ge-knipst-frage-foto-freitag-die-zweite\/","name":"Ge-knipst: Frage Foto Freitag die Zweite","isPartOf":{"@id":"https:\/\/www.ge-sagt.de\/#website"},"primaryImageOfPage":{"@id":"https:\/\/www.ge-sagt.de\/index.php\/ge-knipst-frage-foto-freitag-die-zweite\/#primaryimage"},"image":{"@id":"https:\/\/www.ge-sagt.de\/index.php\/ge-knipst-frage-foto-freitag-die-zweite\/#primaryimage"},"thumbnailUrl":"http:\/\/www.ge-sagt.de\/wp-content\/uploads\/2013\/07\/FFF2-1b.jpg","datePublished":"2013-07-19T14:22:12+00:00","dateModified":"2016-10-25T12:06:27+00:00","author":{"@id":"https:\/\/www.ge-sagt.de\/#\/schema\/person\/f6ec6da1209901fb058ae74d414f295d"},"description":"Ge-knipst: Frage Foto Freitag die Zweite","breadcrumb":{"@id":"https:\/\/www.ge-sagt.de\/index.php\/ge-knipst-frage-foto-freitag-die-zweite\/#breadcrumb"},"inLanguage":"de","potentialAction":[{"@type":"ReadAction","target":["https:\/\/www.ge-sagt.de\/index.php\/ge-knipst-frage-foto-freitag-die-zweite\/"]}]},{"@type":"ImageObject","inLanguage":"de","@id":"https:\/\/www.ge-sagt.de\/index.php\/ge-knipst-frage-foto-freitag-die-zweite\/#primaryimage","url":"https:\/\/www.ge-sagt.de\/wp-content\/uploads\/2013\/07\/FFF2-1b.jpg","contentUrl":"https:\/\/www.ge-sagt.de\/wp-content\/uploads\/2013\/07\/FFF2-1b.jpg","width":540,"height":720},{"@type":"BreadcrumbList","@id":"https:\/\/www.ge-sagt.de\/index.php\/ge-knipst-frage-foto-freitag-die-zweite\/#breadcrumb","itemListElement":[{"@type":"ListItem","position":1,"name":"Home","item":"https:\/\/www.ge-sagt.de\/"},{"@type":"ListItem","position":2,"name":"Ge-knipst: Frage Foto Freitag die Zweite"}]},{"@type":"WebSite","@id":"https:\/\/www.ge-sagt.de\/#website","url":"https:\/\/www.ge-sagt.de\/","name":"ge-sagt.de","description":"Gesa denkt, sagt und tut auf diesem Blog","potentialAction":[{"@type":"SearchAction","target":{"@type":"EntryPoint","urlTemplate":"https:\/\/www.ge-sagt.de\/?s={search_term_string}"},"query-input":{"@type":"PropertyValueSpecification","valueRequired":true,"valueName":"search_term_string"}}],"inLanguage":"de"},{"@type":"Person","@id":"https:\/\/www.ge-sagt.de\/#\/schema\/person\/f6ec6da1209901fb058ae74d414f295d","name":"Gesa","image":{"@type":"ImageObject","inLanguage":"de","@id":"https:\/\/secure.gravatar.com\/avatar\/b2210b745bd73a1286fa46a53ee66332ba91d4de884ca4cdeaa854740a7b03a0?s=96&d=mm&r=g","url":"https:\/\/secure.gravatar.com\/avatar\/b2210b745bd73a1286fa46a53ee66332ba91d4de884ca4cdeaa854740a7b03a0?s=96&d=mm&r=g","contentUrl":"https:\/\/secure.gravatar.com\/avatar\/b2210b745bd73a1286fa46a53ee66332ba91d4de884ca4cdeaa854740a7b03a0?s=96&d=mm&r=g","caption":"Gesa"},"url":"https:\/\/www.ge-sagt.de\/index.php\/author\/gesa\/"}]}},"jetpack_publicize_connections":[],"jetpack_featured_media_url":"","jetpack_shortlink":"https:\/\/wp.me\/p3aAW4-81","jetpack_sharing_enabled":true,"_links":{"self":[{"href":"https:\/\/www.ge-sagt.de\/index.php\/wp-json\/wp\/v2\/posts\/497","targetHints":{"allow":["GET"]}}],"collection":[{"href":"https:\/\/www.ge-sagt.de\/index.php\/wp-json\/wp\/v2\/posts"}],"about":[{"href":"https:\/\/www.ge-sagt.de\/index.php\/wp-json\/wp\/v2\/types\/post"}],"author":[{"embeddable":true,"href":"https:\/\/www.ge-sagt.de\/index.php\/wp-json\/wp\/v2\/users\/2"}],"replies":[{"embeddable":true,"href":"https:\/\/www.ge-sagt.de\/index.php\/wp-json\/wp\/v2\/comments?post=497"}],"version-history":[{"count":14,"href":"https:\/\/www.ge-sagt.de\/index.php\/wp-json\/wp\/v2\/posts\/497\/revisions"}],"predecessor-version":[{"id":1942,"href":"https:\/\/www.ge-sagt.de\/index.php\/wp-json\/wp\/v2\/posts\/497\/revisions\/1942"}],"wp:attachment":[{"href":"https:\/\/www.ge-sagt.de\/index.php\/wp-json\/wp\/v2\/media?parent=497"}],"wp:term":[{"taxonomy":"category","embeddable":true,"href":"https:\/\/www.ge-sagt.de\/index.php\/wp-json\/wp\/v2\/categories?post=497"},{"taxonomy":"post_tag","embeddable":true,"href":"https:\/\/www.ge-sagt.de\/index.php\/wp-json\/wp\/v2\/tags?post=497"}],"curies":[{"name":"wp","href":"https:\/\/api.w.org\/{rel}","templated":true}]}}