{"id":483,"date":"2013-08-09T08:00:29","date_gmt":"2013-08-09T06:00:29","guid":{"rendered":"http:\/\/www.ge-sagt.de\/?p=483"},"modified":"2016-10-25T14:06:27","modified_gmt":"2016-10-25T12:06:27","slug":"ge-backen-tomaten-ziegenkase-tarte","status":"publish","type":"post","link":"https:\/\/www.ge-sagt.de\/index.php\/ge-backen-tomaten-ziegenkase-tarte\/","title":{"rendered":"Ge-backen: Tomaten-Ziegenk\u00e4se-Tarte"},"content":{"rendered":"<p style=\"text-align: justify;\"><img decoding=\"async\" data-attachment-id=\"486\" data-permalink=\"https:\/\/www.ge-sagt.de\/index.php\/ge-backen-tomaten-ziegenkase-tarte\/tomatentarte-2\/\" data-orig-file=\"https:\/\/www.ge-sagt.de\/wp-content\/uploads\/2013\/07\/tomatentarte-2.jpg\" data-orig-size=\"1000,456\" data-comments-opened=\"1\" data-image-meta=\"{&quot;aperture&quot;:&quot;5.6&quot;,&quot;credit&quot;:&quot;&quot;,&quot;camera&quot;:&quot;Canon EOS 1000D&quot;,&quot;caption&quot;:&quot;&quot;,&quot;created_timestamp&quot;:&quot;1374091541&quot;,&quot;copyright&quot;:&quot;&quot;,&quot;focal_length&quot;:&quot;38&quot;,&quot;iso&quot;:&quot;200&quot;,&quot;shutter_speed&quot;:&quot;0.016666666666667&quot;,&quot;title&quot;:&quot;&quot;}\" data-image-title=\"tomatentarte 2\" data-image-description=\"\" data-image-caption=\"\" data-large-file=\"https:\/\/www.ge-sagt.de\/wp-content\/uploads\/2013\/07\/tomatentarte-2.jpg\" class=\"aligncenter wp-image-486 size-medium\" src=\"http:\/\/www.ge-sagt.de\/wp-content\/uploads\/2013\/07\/tomatentarte-2-600x273.jpg\" alt=\"tomatentarte 2\" width=\"600\" height=\"273\" srcset=\"https:\/\/www.ge-sagt.de\/wp-content\/uploads\/2013\/07\/tomatentarte-2-500x228.jpg 500w, https:\/\/www.ge-sagt.de\/wp-content\/uploads\/2013\/07\/tomatentarte-2-600x273.jpg 600w, https:\/\/www.ge-sagt.de\/wp-content\/uploads\/2013\/07\/tomatentarte-2.jpg 1000w\" sizes=\"(max-width: 600px) 100vw, 600px\" \/><\/p>\n<p style=\"text-align: justify;\">\n<p style=\"text-align: justify;\">Dieses Rezept geh\u00f6rt wieder in beide Kategorien, also Ge-Backen und Ge-Kocht, da es sich um eine herzhafte Tarte handelt. Tomaten haben jetzt ja gerade Hochsaison, und ich ertappe mich oft dabei, auf dem Markt etliche Minuten einfach nur vor den vielen verschiedenen Tomaten in allen Formen und Farben zu stehen und ihre Vielfalt zu genie\u00dfen. Gerade auf dem Isemarkt oder auf dem Goldbekmarkt hier in Hamburg gibt es jetzt St\u00e4nde die nur Tomaten verkaufen&#8230;.gr\u00fcne, gelbe, rote und rosane, gro\u00df, klein, geschrumpelt, zerfurcht, ganz kugelrund oder flaschenf\u00f6rmig. Toll!<\/p>\n<p style=\"text-align: justify;\">Dieses Rezept ist ganz einfach und schnell gemacht, und ich habe es aus mehreren Rezepten variiert. Man knete schnell einen M\u00fcrbeteigboden aus 150g Mehl, 1 TL Salz, 1 TL Rosmarin (gehackt), 100g Butter und etwa 4 EL Wasser und lasse ihn etwa 30 Minuten im K\u00fchlschrank ruhen. Daf\u00fcr rolle ich ihn immer schon etwas in eine Runde Form, so dass ich ihn sp\u00e4ter nur noch kurz etwas weiter ausrollen mu\u00df, bevor er in einer Springform mit 26cm Durchmesser platz findet. Dann den Boden mit etwa 200g Ziegenfrischk\u00e4se belegen. Anschlie\u00dfend etwa 3 gro\u00dfe Tomaten oder eine vergleichbare Menge an unterschiedlichen Tomaten in Scheiben mit etwa 0,5 cm Dicke schneiden. Jetzt presse ich etwas Feuchtigkeit aus den Tomaten, damit die Tarte nicht zu feucht wird. Daf\u00fcr lege ich die Tomatenscheiben zwischen mehrere Lagen K\u00fcchenpapier und dr\u00fccke ordentlich Wasser aus. Dann kann man die Scheiben auf der Tarte verteilen. Mit Pfeffer und Salz bestreuen und schlie\u00dflich mit Honig (am besten Akazienhonig) reichlich betreufeln.<\/p>\n<h4>Bei 190 Grad etwa 50 Minuten backen und am Ende nach Belieben mit etwas weiterem frischen Rosmarin oder auch Fleur de Sel oder gar Balsamico garnieren.<\/h4>\n<h4>Guten Appetit!<\/h4>\n<h4>Liebe Gr\u00fc\u00dfe<\/h4>\n<p>Ge-sa<\/p>\n","protected":false},"excerpt":{"rendered":"<p>Dieses Rezept geh\u00f6rt wieder in beide Kategorien, also Ge-Backen und Ge-Kocht, da es sich um eine herzhafte Tarte handelt. Tomaten haben jetzt ja gerade Hochsaison, und ich ertappe mich oft dabei, auf dem Markt etliche Minuten einfach nur vor den vielen verschiedenen Tomaten in allen Formen und Farben zu stehen und ihre Vielfalt zu genie\u00dfen. [&hellip;]<\/p>\n","protected":false},"author":2,"featured_media":486,"comment_status":"open","ping_status":"open","sticky":false,"template":"","format":"standard","meta":{"jetpack_post_was_ever_published":false,"_jetpack_newsletter_access":"","_jetpack_dont_email_post_to_subs":true,"_jetpack_newsletter_tier_id":0,"_jetpack_memberships_contains_paywalled_content":false,"_jetpack_memberships_contains_paid_content":false,"footnotes":"","jetpack_publicize_message":"Ge-backen: Tomaten-Ziegenk\u00e4se-Tarte http:\/\/wp.me\/p3aAW4-7N","jetpack_publicize_feature_enabled":true,"jetpack_social_post_already_shared":true,"jetpack_social_options":{"image_generator_settings":{"template":"highway","default_image_id":0,"font":"","enabled":false},"version":2}},"categories":[1,17,10,4],"tags":[77,75,76,54,74],"class_list":["post-483","post","type-post","status-publish","format-standard","has-post-thumbnail","hentry","category-allgemein","category-ge-backen","category-ge-kocht","category-ge-tan","tag-honig","tag-murbeteig","tag-rosmarin","tag-tomaten","tag-ziegenkase"],"yoast_head":"<!-- This site is optimized with the Yoast SEO plugin v27.4 - https:\/\/yoast.com\/product\/yoast-seo-wordpress\/ -->\n<title>Ge-backen: Tomaten-Ziegenk\u00e4se-Tarte<\/title>\n<meta name=\"description\" content=\"Ge-backen: Tomaten-Ziegenk\u00e4se-Tarte\" \/>\n<meta name=\"robots\" content=\"index, follow, max-snippet:-1, max-image-preview:large, max-video-preview:-1\" \/>\n<link rel=\"canonical\" href=\"https:\/\/www.ge-sagt.de\/index.php\/ge-backen-tomaten-ziegenkase-tarte\/\" \/>\n<meta property=\"og:locale\" content=\"de_DE\" \/>\n<meta property=\"og:type\" content=\"article\" \/>\n<meta property=\"og:title\" content=\"Ge-backen: Tomaten-Ziegenk\u00e4se-Tarte\" \/>\n<meta property=\"og:description\" content=\"Ge-backen: Tomaten-Ziegenk\u00e4se-Tarte\" \/>\n<meta property=\"og:url\" content=\"https:\/\/www.ge-sagt.de\/index.php\/ge-backen-tomaten-ziegenkase-tarte\/\" \/>\n<meta property=\"og:site_name\" content=\"ge-sagt.de\" \/>\n<meta property=\"article:published_time\" content=\"2013-08-09T06:00:29+00:00\" \/>\n<meta property=\"article:modified_time\" content=\"2016-10-25T12:06:27+00:00\" \/>\n<meta property=\"og:image\" content=\"https:\/\/www.ge-sagt.de\/wp-content\/uploads\/2013\/07\/tomatentarte-2.jpg\" \/>\n\t<meta property=\"og:image:width\" content=\"1000\" \/>\n\t<meta property=\"og:image:height\" content=\"456\" \/>\n\t<meta property=\"og:image:type\" content=\"image\/jpeg\" \/>\n<meta name=\"author\" content=\"Gesa\" \/>\n<meta name=\"twitter:label1\" content=\"Verfasst von\" \/>\n\t<meta name=\"twitter:data1\" content=\"Gesa\" \/>\n\t<meta name=\"twitter:label2\" content=\"Gesch\u00e4tzte Lesezeit\" \/>\n\t<meta name=\"twitter:data2\" content=\"1\u00a0Minute\" \/>\n<script type=\"application\/ld+json\" class=\"yoast-schema-graph\">{\"@context\":\"https:\\\/\\\/schema.org\",\"@graph\":[{\"@type\":\"Article\",\"@id\":\"https:\\\/\\\/www.ge-sagt.de\\\/index.php\\\/ge-backen-tomaten-ziegenkase-tarte\\\/#article\",\"isPartOf\":{\"@id\":\"https:\\\/\\\/www.ge-sagt.de\\\/index.php\\\/ge-backen-tomaten-ziegenkase-tarte\\\/\"},\"author\":{\"name\":\"Gesa\",\"@id\":\"https:\\\/\\\/www.ge-sagt.de\\\/#\\\/schema\\\/person\\\/f6ec6da1209901fb058ae74d414f295d\"},\"headline\":\"Ge-backen: Tomaten-Ziegenk\u00e4se-Tarte\",\"datePublished\":\"2013-08-09T06:00:29+00:00\",\"dateModified\":\"2016-10-25T12:06:27+00:00\",\"mainEntityOfPage\":{\"@id\":\"https:\\\/\\\/www.ge-sagt.de\\\/index.php\\\/ge-backen-tomaten-ziegenkase-tarte\\\/\"},\"wordCount\":291,\"commentCount\":0,\"image\":{\"@id\":\"https:\\\/\\\/www.ge-sagt.de\\\/index.php\\\/ge-backen-tomaten-ziegenkase-tarte\\\/#primaryimage\"},\"thumbnailUrl\":\"https:\\\/\\\/www.ge-sagt.de\\\/wp-content\\\/uploads\\\/2013\\\/07\\\/tomatentarte-2.jpg\",\"keywords\":[\"Honig\",\"M\u00fcrbeteig\",\"Rosmarin\",\"Tomaten\",\"Ziegenk\u00e4se\"],\"articleSection\":{\"1\":\"Ge-backen\",\"2\":\"Ge-kocht\",\"3\":\"Ge-tan\"},\"inLanguage\":\"de\",\"potentialAction\":[{\"@type\":\"CommentAction\",\"name\":\"Comment\",\"target\":[\"https:\\\/\\\/www.ge-sagt.de\\\/index.php\\\/ge-backen-tomaten-ziegenkase-tarte\\\/#respond\"]}]},{\"@type\":\"WebPage\",\"@id\":\"https:\\\/\\\/www.ge-sagt.de\\\/index.php\\\/ge-backen-tomaten-ziegenkase-tarte\\\/\",\"url\":\"https:\\\/\\\/www.ge-sagt.de\\\/index.php\\\/ge-backen-tomaten-ziegenkase-tarte\\\/\",\"name\":\"Ge-backen: Tomaten-Ziegenk\u00e4se-Tarte\",\"isPartOf\":{\"@id\":\"https:\\\/\\\/www.ge-sagt.de\\\/#website\"},\"primaryImageOfPage\":{\"@id\":\"https:\\\/\\\/www.ge-sagt.de\\\/index.php\\\/ge-backen-tomaten-ziegenkase-tarte\\\/#primaryimage\"},\"image\":{\"@id\":\"https:\\\/\\\/www.ge-sagt.de\\\/index.php\\\/ge-backen-tomaten-ziegenkase-tarte\\\/#primaryimage\"},\"thumbnailUrl\":\"https:\\\/\\\/www.ge-sagt.de\\\/wp-content\\\/uploads\\\/2013\\\/07\\\/tomatentarte-2.jpg\",\"datePublished\":\"2013-08-09T06:00:29+00:00\",\"dateModified\":\"2016-10-25T12:06:27+00:00\",\"author\":{\"@id\":\"https:\\\/\\\/www.ge-sagt.de\\\/#\\\/schema\\\/person\\\/f6ec6da1209901fb058ae74d414f295d\"},\"description\":\"Ge-backen: Tomaten-Ziegenk\u00e4se-Tarte\",\"breadcrumb\":{\"@id\":\"https:\\\/\\\/www.ge-sagt.de\\\/index.php\\\/ge-backen-tomaten-ziegenkase-tarte\\\/#breadcrumb\"},\"inLanguage\":\"de\",\"potentialAction\":[{\"@type\":\"ReadAction\",\"target\":[\"https:\\\/\\\/www.ge-sagt.de\\\/index.php\\\/ge-backen-tomaten-ziegenkase-tarte\\\/\"]}]},{\"@type\":\"ImageObject\",\"inLanguage\":\"de\",\"@id\":\"https:\\\/\\\/www.ge-sagt.de\\\/index.php\\\/ge-backen-tomaten-ziegenkase-tarte\\\/#primaryimage\",\"url\":\"https:\\\/\\\/www.ge-sagt.de\\\/wp-content\\\/uploads\\\/2013\\\/07\\\/tomatentarte-2.jpg\",\"contentUrl\":\"https:\\\/\\\/www.ge-sagt.de\\\/wp-content\\\/uploads\\\/2013\\\/07\\\/tomatentarte-2.jpg\",\"width\":1000,\"height\":456},{\"@type\":\"BreadcrumbList\",\"@id\":\"https:\\\/\\\/www.ge-sagt.de\\\/index.php\\\/ge-backen-tomaten-ziegenkase-tarte\\\/#breadcrumb\",\"itemListElement\":[{\"@type\":\"ListItem\",\"position\":1,\"name\":\"Home\",\"item\":\"https:\\\/\\\/www.ge-sagt.de\\\/\"},{\"@type\":\"ListItem\",\"position\":2,\"name\":\"Ge-backen: Tomaten-Ziegenk\u00e4se-Tarte\"}]},{\"@type\":\"WebSite\",\"@id\":\"https:\\\/\\\/www.ge-sagt.de\\\/#website\",\"url\":\"https:\\\/\\\/www.ge-sagt.de\\\/\",\"name\":\"ge-sagt.de\",\"description\":\"Gesa denkt, sagt und tut auf diesem Blog\",\"potentialAction\":[{\"@type\":\"SearchAction\",\"target\":{\"@type\":\"EntryPoint\",\"urlTemplate\":\"https:\\\/\\\/www.ge-sagt.de\\\/?s={search_term_string}\"},\"query-input\":{\"@type\":\"PropertyValueSpecification\",\"valueRequired\":true,\"valueName\":\"search_term_string\"}}],\"inLanguage\":\"de\"},{\"@type\":\"Person\",\"@id\":\"https:\\\/\\\/www.ge-sagt.de\\\/#\\\/schema\\\/person\\\/f6ec6da1209901fb058ae74d414f295d\",\"name\":\"Gesa\",\"image\":{\"@type\":\"ImageObject\",\"inLanguage\":\"de\",\"@id\":\"https:\\\/\\\/secure.gravatar.com\\\/avatar\\\/b2210b745bd73a1286fa46a53ee66332ba91d4de884ca4cdeaa854740a7b03a0?s=96&d=mm&r=g\",\"url\":\"https:\\\/\\\/secure.gravatar.com\\\/avatar\\\/b2210b745bd73a1286fa46a53ee66332ba91d4de884ca4cdeaa854740a7b03a0?s=96&d=mm&r=g\",\"contentUrl\":\"https:\\\/\\\/secure.gravatar.com\\\/avatar\\\/b2210b745bd73a1286fa46a53ee66332ba91d4de884ca4cdeaa854740a7b03a0?s=96&d=mm&r=g\",\"caption\":\"Gesa\"},\"url\":\"https:\\\/\\\/www.ge-sagt.de\\\/index.php\\\/author\\\/gesa\\\/\"}]}<\/script>\n<!-- \/ Yoast SEO plugin. -->","yoast_head_json":{"title":"Ge-backen: Tomaten-Ziegenk\u00e4se-Tarte","description":"Ge-backen: Tomaten-Ziegenk\u00e4se-Tarte","robots":{"index":"index","follow":"follow","max-snippet":"max-snippet:-1","max-image-preview":"max-image-preview:large","max-video-preview":"max-video-preview:-1"},"canonical":"https:\/\/www.ge-sagt.de\/index.php\/ge-backen-tomaten-ziegenkase-tarte\/","og_locale":"de_DE","og_type":"article","og_title":"Ge-backen: Tomaten-Ziegenk\u00e4se-Tarte","og_description":"Ge-backen: Tomaten-Ziegenk\u00e4se-Tarte","og_url":"https:\/\/www.ge-sagt.de\/index.php\/ge-backen-tomaten-ziegenkase-tarte\/","og_site_name":"ge-sagt.de","article_published_time":"2013-08-09T06:00:29+00:00","article_modified_time":"2016-10-25T12:06:27+00:00","og_image":[{"width":1000,"height":456,"url":"https:\/\/www.ge-sagt.de\/wp-content\/uploads\/2013\/07\/tomatentarte-2.jpg","type":"image\/jpeg"}],"author":"Gesa","twitter_misc":{"Verfasst von":"Gesa","Gesch\u00e4tzte Lesezeit":"1\u00a0Minute"},"schema":{"@context":"https:\/\/schema.org","@graph":[{"@type":"Article","@id":"https:\/\/www.ge-sagt.de\/index.php\/ge-backen-tomaten-ziegenkase-tarte\/#article","isPartOf":{"@id":"https:\/\/www.ge-sagt.de\/index.php\/ge-backen-tomaten-ziegenkase-tarte\/"},"author":{"name":"Gesa","@id":"https:\/\/www.ge-sagt.de\/#\/schema\/person\/f6ec6da1209901fb058ae74d414f295d"},"headline":"Ge-backen: Tomaten-Ziegenk\u00e4se-Tarte","datePublished":"2013-08-09T06:00:29+00:00","dateModified":"2016-10-25T12:06:27+00:00","mainEntityOfPage":{"@id":"https:\/\/www.ge-sagt.de\/index.php\/ge-backen-tomaten-ziegenkase-tarte\/"},"wordCount":291,"commentCount":0,"image":{"@id":"https:\/\/www.ge-sagt.de\/index.php\/ge-backen-tomaten-ziegenkase-tarte\/#primaryimage"},"thumbnailUrl":"https:\/\/www.ge-sagt.de\/wp-content\/uploads\/2013\/07\/tomatentarte-2.jpg","keywords":["Honig","M\u00fcrbeteig","Rosmarin","Tomaten","Ziegenk\u00e4se"],"articleSection":{"1":"Ge-backen","2":"Ge-kocht","3":"Ge-tan"},"inLanguage":"de","potentialAction":[{"@type":"CommentAction","name":"Comment","target":["https:\/\/www.ge-sagt.de\/index.php\/ge-backen-tomaten-ziegenkase-tarte\/#respond"]}]},{"@type":"WebPage","@id":"https:\/\/www.ge-sagt.de\/index.php\/ge-backen-tomaten-ziegenkase-tarte\/","url":"https:\/\/www.ge-sagt.de\/index.php\/ge-backen-tomaten-ziegenkase-tarte\/","name":"Ge-backen: Tomaten-Ziegenk\u00e4se-Tarte","isPartOf":{"@id":"https:\/\/www.ge-sagt.de\/#website"},"primaryImageOfPage":{"@id":"https:\/\/www.ge-sagt.de\/index.php\/ge-backen-tomaten-ziegenkase-tarte\/#primaryimage"},"image":{"@id":"https:\/\/www.ge-sagt.de\/index.php\/ge-backen-tomaten-ziegenkase-tarte\/#primaryimage"},"thumbnailUrl":"https:\/\/www.ge-sagt.de\/wp-content\/uploads\/2013\/07\/tomatentarte-2.jpg","datePublished":"2013-08-09T06:00:29+00:00","dateModified":"2016-10-25T12:06:27+00:00","author":{"@id":"https:\/\/www.ge-sagt.de\/#\/schema\/person\/f6ec6da1209901fb058ae74d414f295d"},"description":"Ge-backen: Tomaten-Ziegenk\u00e4se-Tarte","breadcrumb":{"@id":"https:\/\/www.ge-sagt.de\/index.php\/ge-backen-tomaten-ziegenkase-tarte\/#breadcrumb"},"inLanguage":"de","potentialAction":[{"@type":"ReadAction","target":["https:\/\/www.ge-sagt.de\/index.php\/ge-backen-tomaten-ziegenkase-tarte\/"]}]},{"@type":"ImageObject","inLanguage":"de","@id":"https:\/\/www.ge-sagt.de\/index.php\/ge-backen-tomaten-ziegenkase-tarte\/#primaryimage","url":"https:\/\/www.ge-sagt.de\/wp-content\/uploads\/2013\/07\/tomatentarte-2.jpg","contentUrl":"https:\/\/www.ge-sagt.de\/wp-content\/uploads\/2013\/07\/tomatentarte-2.jpg","width":1000,"height":456},{"@type":"BreadcrumbList","@id":"https:\/\/www.ge-sagt.de\/index.php\/ge-backen-tomaten-ziegenkase-tarte\/#breadcrumb","itemListElement":[{"@type":"ListItem","position":1,"name":"Home","item":"https:\/\/www.ge-sagt.de\/"},{"@type":"ListItem","position":2,"name":"Ge-backen: Tomaten-Ziegenk\u00e4se-Tarte"}]},{"@type":"WebSite","@id":"https:\/\/www.ge-sagt.de\/#website","url":"https:\/\/www.ge-sagt.de\/","name":"ge-sagt.de","description":"Gesa denkt, sagt und tut auf diesem Blog","potentialAction":[{"@type":"SearchAction","target":{"@type":"EntryPoint","urlTemplate":"https:\/\/www.ge-sagt.de\/?s={search_term_string}"},"query-input":{"@type":"PropertyValueSpecification","valueRequired":true,"valueName":"search_term_string"}}],"inLanguage":"de"},{"@type":"Person","@id":"https:\/\/www.ge-sagt.de\/#\/schema\/person\/f6ec6da1209901fb058ae74d414f295d","name":"Gesa","image":{"@type":"ImageObject","inLanguage":"de","@id":"https:\/\/secure.gravatar.com\/avatar\/b2210b745bd73a1286fa46a53ee66332ba91d4de884ca4cdeaa854740a7b03a0?s=96&d=mm&r=g","url":"https:\/\/secure.gravatar.com\/avatar\/b2210b745bd73a1286fa46a53ee66332ba91d4de884ca4cdeaa854740a7b03a0?s=96&d=mm&r=g","contentUrl":"https:\/\/secure.gravatar.com\/avatar\/b2210b745bd73a1286fa46a53ee66332ba91d4de884ca4cdeaa854740a7b03a0?s=96&d=mm&r=g","caption":"Gesa"},"url":"https:\/\/www.ge-sagt.de\/index.php\/author\/gesa\/"}]}},"jetpack_publicize_connections":[],"jetpack_featured_media_url":"https:\/\/www.ge-sagt.de\/wp-content\/uploads\/2013\/07\/tomatentarte-2.jpg","jetpack_shortlink":"https:\/\/wp.me\/p3aAW4-7N","jetpack_sharing_enabled":true,"_links":{"self":[{"href":"https:\/\/www.ge-sagt.de\/index.php\/wp-json\/wp\/v2\/posts\/483","targetHints":{"allow":["GET"]}}],"collection":[{"href":"https:\/\/www.ge-sagt.de\/index.php\/wp-json\/wp\/v2\/posts"}],"about":[{"href":"https:\/\/www.ge-sagt.de\/index.php\/wp-json\/wp\/v2\/types\/post"}],"author":[{"embeddable":true,"href":"https:\/\/www.ge-sagt.de\/index.php\/wp-json\/wp\/v2\/users\/2"}],"replies":[{"embeddable":true,"href":"https:\/\/www.ge-sagt.de\/index.php\/wp-json\/wp\/v2\/comments?post=483"}],"version-history":[{"count":14,"href":"https:\/\/www.ge-sagt.de\/index.php\/wp-json\/wp\/v2\/posts\/483\/revisions"}],"predecessor-version":[{"id":1928,"href":"https:\/\/www.ge-sagt.de\/index.php\/wp-json\/wp\/v2\/posts\/483\/revisions\/1928"}],"wp:featuredmedia":[{"embeddable":true,"href":"https:\/\/www.ge-sagt.de\/index.php\/wp-json\/wp\/v2\/media\/486"}],"wp:attachment":[{"href":"https:\/\/www.ge-sagt.de\/index.php\/wp-json\/wp\/v2\/media?parent=483"}],"wp:term":[{"taxonomy":"category","embeddable":true,"href":"https:\/\/www.ge-sagt.de\/index.php\/wp-json\/wp\/v2\/categories?post=483"},{"taxonomy":"post_tag","embeddable":true,"href":"https:\/\/www.ge-sagt.de\/index.php\/wp-json\/wp\/v2\/tags?post=483"}],"curies":[{"name":"wp","href":"https:\/\/api.w.org\/{rel}","templated":true}]}}