{"id":451,"date":"2013-07-07T10:00:24","date_gmt":"2013-07-07T08:00:24","guid":{"rendered":"http:\/\/www.ge-sagt.de\/?p=451"},"modified":"2018-07-29T22:06:53","modified_gmt":"2018-07-29T20:06:53","slug":"ge-hort-elif-und-200-tage-sommer","status":"publish","type":"post","link":"https:\/\/www.ge-sagt.de\/index.php\/ge-hort-elif-und-200-tage-sommer\/","title":{"rendered":"Ge-h\u00f6rt: Elif und 200 Tage Sommer"},"content":{"rendered":"<p><em>Werbung &#8211; oder Tipp &#8211; ganz wie man es sehen m\u00f6chte. Allerdings unbezahlt und nur weil ich es selbst sch\u00f6n finde!<\/em><\/p>\n<p>Ist so ein Sommer-Sonnen-Wochenende nicht wundersch\u00f6n? Ich genie\u00dfe die Sonnenstrahlen, die freie Zeit und dann st\u00f6\u00dft man ab und zu auf ein Musikst\u00fcck, dass wirklich irgendwie gerade perfekt passt. Heute war es also wieder soweit.<\/p>\n<p><iframe src=\"\/\/www.youtube.com\/embed\/uqWos4ix_uk\" width=\"560\" height=\"315\" frameborder=\"0\" allowfullscreen=\"allowfullscreen\"><\/iframe><\/p>\n<p>Elif&#8230;hmmhh ich kann mir nicht helfen, irgendwie kommt sie mir bekannt vor, aber ich wei\u00df einfach nicht mehr woher. Ich habe mir schon komplett mein Gehirn zermatert, aber es will mir nicht einfallen. Vielleicht k\u00f6nnt Ihr mir ja weiterhelfen. Auf jeden Fall genie\u00dfe ich dieses Lied und mag den Text sehr.<\/p>\n<p>Liebe Gr\u00fc\u00dfe<\/p>\n<p>Ge-sa<\/p>\n","protected":false},"excerpt":{"rendered":"<p>Werbung &#8211; oder Tipp &#8211; ganz wie man es sehen m\u00f6chte. Allerdings unbezahlt und nur weil ich es selbst sch\u00f6n finde! Ist so ein Sommer-Sonnen-Wochenende nicht wundersch\u00f6n? Ich genie\u00dfe die Sonnenstrahlen, die freie Zeit und dann st\u00f6\u00dft man ab und zu auf ein Musikst\u00fcck, dass wirklich irgendwie gerade perfekt passt. Heute war es also wieder [&hellip;]<\/p>\n","protected":false},"author":2,"featured_media":0,"comment_status":"open","ping_status":"open","sticky":false,"template":"","format":"standard","meta":{"jetpack_post_was_ever_published":false,"_jetpack_newsletter_access":"","_jetpack_dont_email_post_to_subs":true,"_jetpack_newsletter_tier_id":0,"_jetpack_memberships_contains_paywalled_content":false,"_jetpack_memberships_contains_paid_content":false,"footnotes":"","jetpack_publicize_message":"","jetpack_publicize_feature_enabled":true,"jetpack_social_post_already_shared":true,"jetpack_social_options":{"image_generator_settings":{"template":"highway","default_image_id":0,"font":"","enabled":false},"version":2}},"categories":[1,22],"tags":[61,63,23,62],"class_list":["post-451","post","type-post","status-publish","format-standard","hentry","category-allgemein","category-ge-hort","tag-elif","tag-entspannung","tag-musik","tag-stimmung"],"yoast_head":"<!-- This site is optimized with the Yoast SEO plugin v27.4 - https:\/\/yoast.com\/product\/yoast-seo-wordpress\/ -->\n<title>Ge-h\u00f6rt: Elif und 200 Tage Sommer - ge-sagt.de<\/title>\n<meta name=\"robots\" content=\"index, follow, max-snippet:-1, max-image-preview:large, max-video-preview:-1\" \/>\n<link rel=\"canonical\" href=\"https:\/\/www.ge-sagt.de\/index.php\/ge-hort-elif-und-200-tage-sommer\/\" \/>\n<meta property=\"og:locale\" content=\"de_DE\" \/>\n<meta property=\"og:type\" content=\"article\" \/>\n<meta property=\"og:title\" content=\"Ge-h\u00f6rt: Elif und 200 Tage Sommer - ge-sagt.de\" \/>\n<meta property=\"og:description\" content=\"Werbung &#8211; oder Tipp &#8211; ganz wie man es sehen m\u00f6chte. Allerdings unbezahlt und nur weil ich es selbst sch\u00f6n finde! Ist so ein Sommer-Sonnen-Wochenende nicht wundersch\u00f6n? Ich genie\u00dfe die Sonnenstrahlen, die freie Zeit und dann st\u00f6\u00dft man ab und zu auf ein Musikst\u00fcck, dass wirklich irgendwie gerade perfekt passt. Heute war es also wieder [&hellip;]\" \/>\n<meta property=\"og:url\" content=\"https:\/\/www.ge-sagt.de\/index.php\/ge-hort-elif-und-200-tage-sommer\/\" \/>\n<meta property=\"og:site_name\" content=\"ge-sagt.de\" \/>\n<meta property=\"article:published_time\" content=\"2013-07-07T08:00:24+00:00\" \/>\n<meta property=\"article:modified_time\" content=\"2018-07-29T20:06:53+00:00\" \/>\n<meta name=\"author\" content=\"Gesa\" \/>\n<meta name=\"twitter:label1\" content=\"Verfasst von\" \/>\n\t<meta name=\"twitter:data1\" content=\"Gesa\" \/>\n\t<meta name=\"twitter:label2\" content=\"Gesch\u00e4tzte Lesezeit\" \/>\n\t<meta name=\"twitter:data2\" content=\"1\u00a0Minute\" \/>\n<script type=\"application\/ld+json\" class=\"yoast-schema-graph\">{\"@context\":\"https:\\\/\\\/schema.org\",\"@graph\":[{\"@type\":\"Article\",\"@id\":\"https:\\\/\\\/www.ge-sagt.de\\\/index.php\\\/ge-hort-elif-und-200-tage-sommer\\\/#article\",\"isPartOf\":{\"@id\":\"https:\\\/\\\/www.ge-sagt.de\\\/index.php\\\/ge-hort-elif-und-200-tage-sommer\\\/\"},\"author\":{\"name\":\"Gesa\",\"@id\":\"https:\\\/\\\/www.ge-sagt.de\\\/#\\\/schema\\\/person\\\/f6ec6da1209901fb058ae74d414f295d\"},\"headline\":\"Ge-h\u00f6rt: Elif und 200 Tage Sommer\",\"datePublished\":\"2013-07-07T08:00:24+00:00\",\"dateModified\":\"2018-07-29T20:06:53+00:00\",\"mainEntityOfPage\":{\"@id\":\"https:\\\/\\\/www.ge-sagt.de\\\/index.php\\\/ge-hort-elif-und-200-tage-sommer\\\/\"},\"wordCount\":126,\"commentCount\":0,\"keywords\":[\"Elif\",\"Entspannung\",\"Musik\",\"Stimmung\"],\"articleSection\":{\"1\":\"Ge-h\u00f6rt\"},\"inLanguage\":\"de\",\"potentialAction\":[{\"@type\":\"CommentAction\",\"name\":\"Comment\",\"target\":[\"https:\\\/\\\/www.ge-sagt.de\\\/index.php\\\/ge-hort-elif-und-200-tage-sommer\\\/#respond\"]}]},{\"@type\":\"WebPage\",\"@id\":\"https:\\\/\\\/www.ge-sagt.de\\\/index.php\\\/ge-hort-elif-und-200-tage-sommer\\\/\",\"url\":\"https:\\\/\\\/www.ge-sagt.de\\\/index.php\\\/ge-hort-elif-und-200-tage-sommer\\\/\",\"name\":\"Ge-h\u00f6rt: Elif und 200 Tage Sommer - ge-sagt.de\",\"isPartOf\":{\"@id\":\"https:\\\/\\\/www.ge-sagt.de\\\/#website\"},\"datePublished\":\"2013-07-07T08:00:24+00:00\",\"dateModified\":\"2018-07-29T20:06:53+00:00\",\"author\":{\"@id\":\"https:\\\/\\\/www.ge-sagt.de\\\/#\\\/schema\\\/person\\\/f6ec6da1209901fb058ae74d414f295d\"},\"breadcrumb\":{\"@id\":\"https:\\\/\\\/www.ge-sagt.de\\\/index.php\\\/ge-hort-elif-und-200-tage-sommer\\\/#breadcrumb\"},\"inLanguage\":\"de\",\"potentialAction\":[{\"@type\":\"ReadAction\",\"target\":[\"https:\\\/\\\/www.ge-sagt.de\\\/index.php\\\/ge-hort-elif-und-200-tage-sommer\\\/\"]}]},{\"@type\":\"BreadcrumbList\",\"@id\":\"https:\\\/\\\/www.ge-sagt.de\\\/index.php\\\/ge-hort-elif-und-200-tage-sommer\\\/#breadcrumb\",\"itemListElement\":[{\"@type\":\"ListItem\",\"position\":1,\"name\":\"Home\",\"item\":\"https:\\\/\\\/www.ge-sagt.de\\\/\"},{\"@type\":\"ListItem\",\"position\":2,\"name\":\"Ge-h\u00f6rt: Elif und 200 Tage Sommer\"}]},{\"@type\":\"WebSite\",\"@id\":\"https:\\\/\\\/www.ge-sagt.de\\\/#website\",\"url\":\"https:\\\/\\\/www.ge-sagt.de\\\/\",\"name\":\"ge-sagt.de\",\"description\":\"Gesa denkt, sagt und tut auf diesem Blog\",\"potentialAction\":[{\"@type\":\"SearchAction\",\"target\":{\"@type\":\"EntryPoint\",\"urlTemplate\":\"https:\\\/\\\/www.ge-sagt.de\\\/?s={search_term_string}\"},\"query-input\":{\"@type\":\"PropertyValueSpecification\",\"valueRequired\":true,\"valueName\":\"search_term_string\"}}],\"inLanguage\":\"de\"},{\"@type\":\"Person\",\"@id\":\"https:\\\/\\\/www.ge-sagt.de\\\/#\\\/schema\\\/person\\\/f6ec6da1209901fb058ae74d414f295d\",\"name\":\"Gesa\",\"image\":{\"@type\":\"ImageObject\",\"inLanguage\":\"de\",\"@id\":\"https:\\\/\\\/secure.gravatar.com\\\/avatar\\\/b2210b745bd73a1286fa46a53ee66332ba91d4de884ca4cdeaa854740a7b03a0?s=96&d=mm&r=g\",\"url\":\"https:\\\/\\\/secure.gravatar.com\\\/avatar\\\/b2210b745bd73a1286fa46a53ee66332ba91d4de884ca4cdeaa854740a7b03a0?s=96&d=mm&r=g\",\"contentUrl\":\"https:\\\/\\\/secure.gravatar.com\\\/avatar\\\/b2210b745bd73a1286fa46a53ee66332ba91d4de884ca4cdeaa854740a7b03a0?s=96&d=mm&r=g\",\"caption\":\"Gesa\"},\"url\":\"https:\\\/\\\/www.ge-sagt.de\\\/index.php\\\/author\\\/gesa\\\/\"}]}<\/script>\n<!-- \/ Yoast SEO plugin. -->","yoast_head_json":{"title":"Ge-h\u00f6rt: Elif und 200 Tage Sommer - ge-sagt.de","robots":{"index":"index","follow":"follow","max-snippet":"max-snippet:-1","max-image-preview":"max-image-preview:large","max-video-preview":"max-video-preview:-1"},"canonical":"https:\/\/www.ge-sagt.de\/index.php\/ge-hort-elif-und-200-tage-sommer\/","og_locale":"de_DE","og_type":"article","og_title":"Ge-h\u00f6rt: Elif und 200 Tage Sommer - ge-sagt.de","og_description":"Werbung &#8211; oder Tipp &#8211; ganz wie man es sehen m\u00f6chte. Allerdings unbezahlt und nur weil ich es selbst sch\u00f6n finde! Ist so ein Sommer-Sonnen-Wochenende nicht wundersch\u00f6n? Ich genie\u00dfe die Sonnenstrahlen, die freie Zeit und dann st\u00f6\u00dft man ab und zu auf ein Musikst\u00fcck, dass wirklich irgendwie gerade perfekt passt. Heute war es also wieder [&hellip;]","og_url":"https:\/\/www.ge-sagt.de\/index.php\/ge-hort-elif-und-200-tage-sommer\/","og_site_name":"ge-sagt.de","article_published_time":"2013-07-07T08:00:24+00:00","article_modified_time":"2018-07-29T20:06:53+00:00","author":"Gesa","twitter_misc":{"Verfasst von":"Gesa","Gesch\u00e4tzte Lesezeit":"1\u00a0Minute"},"schema":{"@context":"https:\/\/schema.org","@graph":[{"@type":"Article","@id":"https:\/\/www.ge-sagt.de\/index.php\/ge-hort-elif-und-200-tage-sommer\/#article","isPartOf":{"@id":"https:\/\/www.ge-sagt.de\/index.php\/ge-hort-elif-und-200-tage-sommer\/"},"author":{"name":"Gesa","@id":"https:\/\/www.ge-sagt.de\/#\/schema\/person\/f6ec6da1209901fb058ae74d414f295d"},"headline":"Ge-h\u00f6rt: Elif und 200 Tage Sommer","datePublished":"2013-07-07T08:00:24+00:00","dateModified":"2018-07-29T20:06:53+00:00","mainEntityOfPage":{"@id":"https:\/\/www.ge-sagt.de\/index.php\/ge-hort-elif-und-200-tage-sommer\/"},"wordCount":126,"commentCount":0,"keywords":["Elif","Entspannung","Musik","Stimmung"],"articleSection":{"1":"Ge-h\u00f6rt"},"inLanguage":"de","potentialAction":[{"@type":"CommentAction","name":"Comment","target":["https:\/\/www.ge-sagt.de\/index.php\/ge-hort-elif-und-200-tage-sommer\/#respond"]}]},{"@type":"WebPage","@id":"https:\/\/www.ge-sagt.de\/index.php\/ge-hort-elif-und-200-tage-sommer\/","url":"https:\/\/www.ge-sagt.de\/index.php\/ge-hort-elif-und-200-tage-sommer\/","name":"Ge-h\u00f6rt: Elif und 200 Tage Sommer - ge-sagt.de","isPartOf":{"@id":"https:\/\/www.ge-sagt.de\/#website"},"datePublished":"2013-07-07T08:00:24+00:00","dateModified":"2018-07-29T20:06:53+00:00","author":{"@id":"https:\/\/www.ge-sagt.de\/#\/schema\/person\/f6ec6da1209901fb058ae74d414f295d"},"breadcrumb":{"@id":"https:\/\/www.ge-sagt.de\/index.php\/ge-hort-elif-und-200-tage-sommer\/#breadcrumb"},"inLanguage":"de","potentialAction":[{"@type":"ReadAction","target":["https:\/\/www.ge-sagt.de\/index.php\/ge-hort-elif-und-200-tage-sommer\/"]}]},{"@type":"BreadcrumbList","@id":"https:\/\/www.ge-sagt.de\/index.php\/ge-hort-elif-und-200-tage-sommer\/#breadcrumb","itemListElement":[{"@type":"ListItem","position":1,"name":"Home","item":"https:\/\/www.ge-sagt.de\/"},{"@type":"ListItem","position":2,"name":"Ge-h\u00f6rt: Elif und 200 Tage Sommer"}]},{"@type":"WebSite","@id":"https:\/\/www.ge-sagt.de\/#website","url":"https:\/\/www.ge-sagt.de\/","name":"ge-sagt.de","description":"Gesa denkt, sagt und tut auf diesem Blog","potentialAction":[{"@type":"SearchAction","target":{"@type":"EntryPoint","urlTemplate":"https:\/\/www.ge-sagt.de\/?s={search_term_string}"},"query-input":{"@type":"PropertyValueSpecification","valueRequired":true,"valueName":"search_term_string"}}],"inLanguage":"de"},{"@type":"Person","@id":"https:\/\/www.ge-sagt.de\/#\/schema\/person\/f6ec6da1209901fb058ae74d414f295d","name":"Gesa","image":{"@type":"ImageObject","inLanguage":"de","@id":"https:\/\/secure.gravatar.com\/avatar\/b2210b745bd73a1286fa46a53ee66332ba91d4de884ca4cdeaa854740a7b03a0?s=96&d=mm&r=g","url":"https:\/\/secure.gravatar.com\/avatar\/b2210b745bd73a1286fa46a53ee66332ba91d4de884ca4cdeaa854740a7b03a0?s=96&d=mm&r=g","contentUrl":"https:\/\/secure.gravatar.com\/avatar\/b2210b745bd73a1286fa46a53ee66332ba91d4de884ca4cdeaa854740a7b03a0?s=96&d=mm&r=g","caption":"Gesa"},"url":"https:\/\/www.ge-sagt.de\/index.php\/author\/gesa\/"}]}},"jetpack_publicize_connections":[],"jetpack_featured_media_url":"","jetpack_shortlink":"https:\/\/wp.me\/p3aAW4-7h","jetpack_sharing_enabled":true,"_links":{"self":[{"href":"https:\/\/www.ge-sagt.de\/index.php\/wp-json\/wp\/v2\/posts\/451","targetHints":{"allow":["GET"]}}],"collection":[{"href":"https:\/\/www.ge-sagt.de\/index.php\/wp-json\/wp\/v2\/posts"}],"about":[{"href":"https:\/\/www.ge-sagt.de\/index.php\/wp-json\/wp\/v2\/types\/post"}],"author":[{"embeddable":true,"href":"https:\/\/www.ge-sagt.de\/index.php\/wp-json\/wp\/v2\/users\/2"}],"replies":[{"embeddable":true,"href":"https:\/\/www.ge-sagt.de\/index.php\/wp-json\/wp\/v2\/comments?post=451"}],"version-history":[{"count":7,"href":"https:\/\/www.ge-sagt.de\/index.php\/wp-json\/wp\/v2\/posts\/451\/revisions"}],"predecessor-version":[{"id":2464,"href":"https:\/\/www.ge-sagt.de\/index.php\/wp-json\/wp\/v2\/posts\/451\/revisions\/2464"}],"wp:attachment":[{"href":"https:\/\/www.ge-sagt.de\/index.php\/wp-json\/wp\/v2\/media?parent=451"}],"wp:term":[{"taxonomy":"category","embeddable":true,"href":"https:\/\/www.ge-sagt.de\/index.php\/wp-json\/wp\/v2\/categories?post=451"},{"taxonomy":"post_tag","embeddable":true,"href":"https:\/\/www.ge-sagt.de\/index.php\/wp-json\/wp\/v2\/tags?post=451"}],"curies":[{"name":"wp","href":"https:\/\/api.w.org\/{rel}","templated":true}]}}