{"id":277,"date":"2013-04-22T19:59:01","date_gmt":"2013-04-22T17:59:01","guid":{"rendered":"http:\/\/www.ge-sagt.de\/?p=277"},"modified":"2016-10-25T14:06:28","modified_gmt":"2016-10-25T12:06:28","slug":"ge-gartnert","status":"publish","type":"post","link":"https:\/\/www.ge-sagt.de\/index.php\/ge-gartnert\/","title":{"rendered":"Ge-g\u00e4rtnert: Highlight im April"},"content":{"rendered":"<p style=\"text-align: justify;\"><img decoding=\"async\" data-attachment-id=\"280\" data-permalink=\"https:\/\/www.ge-sagt.de\/index.php\/ge-gartnert\/lenzrose-1\/\" data-orig-file=\"https:\/\/www.ge-sagt.de\/wp-content\/uploads\/2013\/04\/lenzrose-1.jpg\" data-orig-size=\"600,899\" data-comments-opened=\"1\" data-image-meta=\"{&quot;aperture&quot;:&quot;5.6&quot;,&quot;credit&quot;:&quot;&quot;,&quot;camera&quot;:&quot;Canon EOS 1000D&quot;,&quot;caption&quot;:&quot;&quot;,&quot;created_timestamp&quot;:&quot;1366468479&quot;,&quot;copyright&quot;:&quot;&quot;,&quot;focal_length&quot;:&quot;55&quot;,&quot;iso&quot;:&quot;200&quot;,&quot;shutter_speed&quot;:&quot;0.0025&quot;,&quot;title&quot;:&quot;&quot;}\" data-image-title=\"lenzrose 1\" data-image-description=\"\" data-image-caption=\"\" data-large-file=\"https:\/\/www.ge-sagt.de\/wp-content\/uploads\/2013\/04\/lenzrose-1.jpg\" class=\"aligncenter  wp-image-280\" alt=\"lenzrose 1\" src=\"http:\/\/www.ge-sagt.de\/wp-content\/uploads\/2013\/04\/lenzrose-1.jpg\" width=\"360\" height=\"539\" srcset=\"https:\/\/www.ge-sagt.de\/wp-content\/uploads\/2013\/04\/lenzrose-1-200x300.jpg 200w, https:\/\/www.ge-sagt.de\/wp-content\/uploads\/2013\/04\/lenzrose-1-533x800.jpg 533w, https:\/\/www.ge-sagt.de\/wp-content\/uploads\/2013\/04\/lenzrose-1.jpg 600w\" sizes=\"(max-width: 360px) 100vw, 360px\" \/>Ich hatte schon erw\u00e4hnt, dass wir eine kleine gr\u00fcne Oase besitzen. Und da heute ein paar wundervolle Sonnenstrahlen aufgetaucht sind, konnte ich tats\u00e4chlich endlich mal wieder im Garten werkeln. Dieses Jahr ist ja alles unheimlich verz\u00f6gert durch die lange K\u00e4lte, aber nun kommen doch an vielen Stellen die ersten Stauden wieder und unsere Rosen recken ihre Triebe bereits kr\u00e4ftig in die Fr\u00fchlingsluft.<br \/>\nZeit meine Gartenliebe auch in diesem Blog zu zeigen. Ich dachte, ich k\u00f6nnte in den n\u00e4chsten Sommermonaten jeden Monat mein aktuelles Garten-Highlight vorstellen. Und in diesem Monat April ist es unsere Lenzrose. Seit drei Jahren haben wir sie in unserem Garten und sie w\u00e4chst sehr kr\u00e4ftig und bl\u00fcht dieses Jahr wieder unheimlich sch\u00f6n und \u00fcppig. Ich mag Lenzrosen, da sie mit als erstes im Garten bl\u00fchen. Sie haben bei uns einen idealen Platz im Halbschatten und sind daher total anspruchslos. Also auch etwas f\u00fcr den vielbesch\u00e4ftigten G\u00e4rtner. <img decoding=\"async\" data-attachment-id=\"281\" data-permalink=\"https:\/\/www.ge-sagt.de\/index.php\/ge-gartnert\/lenzrose-2\/\" data-orig-file=\"https:\/\/www.ge-sagt.de\/wp-content\/uploads\/2013\/04\/lenzrose-2.jpg\" data-orig-size=\"600,778\" data-comments-opened=\"1\" data-image-meta=\"{&quot;aperture&quot;:&quot;4.5&quot;,&quot;credit&quot;:&quot;&quot;,&quot;camera&quot;:&quot;Canon EOS 1000D&quot;,&quot;caption&quot;:&quot;&quot;,&quot;created_timestamp&quot;:&quot;1366486513&quot;,&quot;copyright&quot;:&quot;&quot;,&quot;focal_length&quot;:&quot;34&quot;,&quot;iso&quot;:&quot;400&quot;,&quot;shutter_speed&quot;:&quot;0.016666666666667&quot;,&quot;title&quot;:&quot;&quot;}\" data-image-title=\"lenzrose 2\" data-image-description=\"\" data-image-caption=\"\" data-large-file=\"https:\/\/www.ge-sagt.de\/wp-content\/uploads\/2013\/04\/lenzrose-2.jpg\" class=\"aligncenter  wp-image-281\" alt=\"lenzrose 2\" src=\"http:\/\/www.ge-sagt.de\/wp-content\/uploads\/2013\/04\/lenzrose-2.jpg\" width=\"252\" height=\"327\" srcset=\"https:\/\/www.ge-sagt.de\/wp-content\/uploads\/2013\/04\/lenzrose-2-231x300.jpg 231w, https:\/\/www.ge-sagt.de\/wp-content\/uploads\/2013\/04\/lenzrose-2.jpg 600w\" sizes=\"(max-width: 252px) 100vw, 252px\" \/><\/p>\n<p style=\"text-align: justify;\">Letztes Jahr habe ich noch eine zweite Lenzrose gepflanzt, die ganz in dunkelviolett bl\u00fcht. Sie ist gut angewachsen, aber noch lange nicht so kr\u00e4ftig wie ihre Vorg\u00e4ngerin. Ich bin gespannt, wie sie sich machen wird! Und dann gibt es da noch ein Experiment, dass ich ganz gespannt verfolge. Ich liebe Tulpen \u00fcber alles, und jeden Herbst \u00fcberkommt es mich wieder, und ich kann einfach nicht an den ganzen tollen Tulpenzwiebeln vorbei gehen. Und dann finde ich einfach nicht die Zeit sie einzusetzen, und schwuppdiwupp ist es Winter, es friert und es liegt Schnee. Daher habe ich dieses Jahr versucht, die Zwiebeln, die in unserem Gartenhaus \u00fcberwintert haben und im Fr\u00fchjahr prompt anfingen zu treiben, noch jetzt in die Erde zu setzen. Ich hoffe sehr, dass sie diesen g\u00e4rtnerischen Fauxpas \u00fcberleben, und vielleicht sogar f\u00fcr l\u00e4nger bleiben! <img decoding=\"async\" data-attachment-id=\"282\" data-permalink=\"https:\/\/www.ge-sagt.de\/index.php\/ge-gartnert\/tulpenzwiebel\/\" data-orig-file=\"https:\/\/www.ge-sagt.de\/wp-content\/uploads\/2013\/04\/Tulpenzwiebel.jpg\" data-orig-size=\"600,524\" data-comments-opened=\"1\" data-image-meta=\"{&quot;aperture&quot;:&quot;5.6&quot;,&quot;credit&quot;:&quot;&quot;,&quot;camera&quot;:&quot;Canon EOS 1000D&quot;,&quot;caption&quot;:&quot;&quot;,&quot;created_timestamp&quot;:&quot;1366468408&quot;,&quot;copyright&quot;:&quot;&quot;,&quot;focal_length&quot;:&quot;55&quot;,&quot;iso&quot;:&quot;200&quot;,&quot;shutter_speed&quot;:&quot;0.008&quot;,&quot;title&quot;:&quot;&quot;}\" data-image-title=\"Tulpenzwiebel\" data-image-description=\"\" data-image-caption=\"\" data-large-file=\"https:\/\/www.ge-sagt.de\/wp-content\/uploads\/2013\/04\/Tulpenzwiebel.jpg\" class=\"aligncenter size-thumbnail wp-image-282\" alt=\"Tulpenzwiebel\" src=\"http:\/\/www.ge-sagt.de\/wp-content\/uploads\/2013\/04\/Tulpenzwiebel-150x150.jpg\" width=\"150\" height=\"150\" srcset=\"https:\/\/www.ge-sagt.de\/wp-content\/uploads\/2013\/04\/Tulpenzwiebel-150x150.jpg 150w, https:\/\/www.ge-sagt.de\/wp-content\/uploads\/2013\/04\/Tulpenzwiebel.jpg 600w\" sizes=\"(max-width: 150px) 100vw, 150px\" \/><\/p>\n<p style=\"text-align: justify;\">Bisher sieht es ganz gut, die ersten Bl\u00e4tter sind nach einer Woche in der Erde bereits aufgetaucht. Ich werde Euch berichten, wie es weitergeht.<\/p>\n<p>Was ist Euer Pflanzenliebling im April?<\/p>\n<p>Liebe Gr\u00fc\u00dfe,<\/p>\n<p>Ge-sa<\/p>\n","protected":false},"excerpt":{"rendered":"<p>Ich hatte schon erw\u00e4hnt, dass wir eine kleine gr\u00fcne Oase besitzen. Und da heute ein paar wundervolle Sonnenstrahlen aufgetaucht sind, konnte ich tats\u00e4chlich endlich mal wieder im Garten werkeln. Dieses Jahr ist ja alles unheimlich verz\u00f6gert durch die lange K\u00e4lte, aber nun kommen doch an vielen Stellen die ersten Stauden wieder und unsere Rosen recken [&hellip;]<\/p>\n","protected":false},"author":2,"featured_media":0,"comment_status":"open","ping_status":"open","sticky":false,"template":"","format":"standard","meta":{"jetpack_post_was_ever_published":false,"_jetpack_newsletter_access":"","_jetpack_dont_email_post_to_subs":true,"_jetpack_newsletter_tier_id":0,"_jetpack_memberships_contains_paywalled_content":false,"_jetpack_memberships_contains_paid_content":false,"footnotes":"","jetpack_publicize_message":"","jetpack_publicize_feature_enabled":true,"jetpack_social_post_already_shared":true,"jetpack_social_options":{"image_generator_settings":{"template":"highway","default_image_id":0,"font":"","enabled":false},"version":2}},"categories":[1,21,4],"tags":[],"class_list":["post-277","post","type-post","status-publish","format-standard","hentry","category-allgemein","category-ge-gartnert","category-ge-tan"],"yoast_head":"<!-- This site is optimized with the Yoast SEO plugin v27.5 - https:\/\/yoast.com\/product\/yoast-seo-wordpress\/ -->\n<title>Ge-g\u00e4rtnert: Highlight im April - ge-sagt.de<\/title>\n<meta name=\"robots\" content=\"index, follow, max-snippet:-1, max-image-preview:large, max-video-preview:-1\" \/>\n<link rel=\"canonical\" href=\"https:\/\/www.ge-sagt.de\/index.php\/ge-gartnert\/\" \/>\n<meta property=\"og:locale\" content=\"de_DE\" \/>\n<meta property=\"og:type\" content=\"article\" \/>\n<meta property=\"og:title\" content=\"Ge-g\u00e4rtnert: Highlight im April - ge-sagt.de\" \/>\n<meta property=\"og:description\" content=\"Ich hatte schon erw\u00e4hnt, dass wir eine kleine gr\u00fcne Oase besitzen. Und da heute ein paar wundervolle Sonnenstrahlen aufgetaucht sind, konnte ich tats\u00e4chlich endlich mal wieder im Garten werkeln. Dieses Jahr ist ja alles unheimlich verz\u00f6gert durch die lange K\u00e4lte, aber nun kommen doch an vielen Stellen die ersten Stauden wieder und unsere Rosen recken [&hellip;]\" \/>\n<meta property=\"og:url\" content=\"https:\/\/www.ge-sagt.de\/index.php\/ge-gartnert\/\" \/>\n<meta property=\"og:site_name\" content=\"ge-sagt.de\" \/>\n<meta property=\"article:published_time\" content=\"2013-04-22T17:59:01+00:00\" \/>\n<meta property=\"article:modified_time\" content=\"2016-10-25T12:06:28+00:00\" \/>\n<meta property=\"og:image\" content=\"http:\/\/www.ge-sagt.de\/wp-content\/uploads\/2013\/04\/lenzrose-1.jpg\" \/>\n<meta name=\"author\" content=\"Gesa\" \/>\n<meta name=\"twitter:label1\" content=\"Verfasst von\" \/>\n\t<meta name=\"twitter:data1\" content=\"Gesa\" \/>\n\t<meta name=\"twitter:label2\" content=\"Gesch\u00e4tzte Lesezeit\" \/>\n\t<meta name=\"twitter:data2\" content=\"2\u00a0Minuten\" \/>\n<script type=\"application\/ld+json\" class=\"yoast-schema-graph\">{\"@context\":\"https:\\\/\\\/schema.org\",\"@graph\":[{\"@type\":\"Article\",\"@id\":\"https:\\\/\\\/www.ge-sagt.de\\\/index.php\\\/ge-gartnert\\\/#article\",\"isPartOf\":{\"@id\":\"https:\\\/\\\/www.ge-sagt.de\\\/index.php\\\/ge-gartnert\\\/\"},\"author\":{\"name\":\"Gesa\",\"@id\":\"https:\\\/\\\/www.ge-sagt.de\\\/#\\\/schema\\\/person\\\/f6ec6da1209901fb058ae74d414f295d\"},\"headline\":\"Ge-g\u00e4rtnert: Highlight im April\",\"datePublished\":\"2013-04-22T17:59:01+00:00\",\"dateModified\":\"2016-10-25T12:06:28+00:00\",\"mainEntityOfPage\":{\"@id\":\"https:\\\/\\\/www.ge-sagt.de\\\/index.php\\\/ge-gartnert\\\/\"},\"wordCount\":349,\"commentCount\":0,\"image\":{\"@id\":\"https:\\\/\\\/www.ge-sagt.de\\\/index.php\\\/ge-gartnert\\\/#primaryimage\"},\"thumbnailUrl\":\"http:\\\/\\\/www.ge-sagt.de\\\/wp-content\\\/uploads\\\/2013\\\/04\\\/lenzrose-1.jpg\",\"articleSection\":{\"1\":\"Ge-g\u00e4rtnert\",\"2\":\"Ge-tan\"},\"inLanguage\":\"de\",\"potentialAction\":[{\"@type\":\"CommentAction\",\"name\":\"Comment\",\"target\":[\"https:\\\/\\\/www.ge-sagt.de\\\/index.php\\\/ge-gartnert\\\/#respond\"]}]},{\"@type\":\"WebPage\",\"@id\":\"https:\\\/\\\/www.ge-sagt.de\\\/index.php\\\/ge-gartnert\\\/\",\"url\":\"https:\\\/\\\/www.ge-sagt.de\\\/index.php\\\/ge-gartnert\\\/\",\"name\":\"Ge-g\u00e4rtnert: Highlight im April - ge-sagt.de\",\"isPartOf\":{\"@id\":\"https:\\\/\\\/www.ge-sagt.de\\\/#website\"},\"primaryImageOfPage\":{\"@id\":\"https:\\\/\\\/www.ge-sagt.de\\\/index.php\\\/ge-gartnert\\\/#primaryimage\"},\"image\":{\"@id\":\"https:\\\/\\\/www.ge-sagt.de\\\/index.php\\\/ge-gartnert\\\/#primaryimage\"},\"thumbnailUrl\":\"http:\\\/\\\/www.ge-sagt.de\\\/wp-content\\\/uploads\\\/2013\\\/04\\\/lenzrose-1.jpg\",\"datePublished\":\"2013-04-22T17:59:01+00:00\",\"dateModified\":\"2016-10-25T12:06:28+00:00\",\"author\":{\"@id\":\"https:\\\/\\\/www.ge-sagt.de\\\/#\\\/schema\\\/person\\\/f6ec6da1209901fb058ae74d414f295d\"},\"breadcrumb\":{\"@id\":\"https:\\\/\\\/www.ge-sagt.de\\\/index.php\\\/ge-gartnert\\\/#breadcrumb\"},\"inLanguage\":\"de\",\"potentialAction\":[{\"@type\":\"ReadAction\",\"target\":[\"https:\\\/\\\/www.ge-sagt.de\\\/index.php\\\/ge-gartnert\\\/\"]}]},{\"@type\":\"ImageObject\",\"inLanguage\":\"de\",\"@id\":\"https:\\\/\\\/www.ge-sagt.de\\\/index.php\\\/ge-gartnert\\\/#primaryimage\",\"url\":\"https:\\\/\\\/www.ge-sagt.de\\\/wp-content\\\/uploads\\\/2013\\\/04\\\/lenzrose-1.jpg\",\"contentUrl\":\"https:\\\/\\\/www.ge-sagt.de\\\/wp-content\\\/uploads\\\/2013\\\/04\\\/lenzrose-1.jpg\",\"width\":600,\"height\":899},{\"@type\":\"BreadcrumbList\",\"@id\":\"https:\\\/\\\/www.ge-sagt.de\\\/index.php\\\/ge-gartnert\\\/#breadcrumb\",\"itemListElement\":[{\"@type\":\"ListItem\",\"position\":1,\"name\":\"Home\",\"item\":\"https:\\\/\\\/www.ge-sagt.de\\\/\"},{\"@type\":\"ListItem\",\"position\":2,\"name\":\"Ge-g\u00e4rtnert: Highlight im April\"}]},{\"@type\":\"WebSite\",\"@id\":\"https:\\\/\\\/www.ge-sagt.de\\\/#website\",\"url\":\"https:\\\/\\\/www.ge-sagt.de\\\/\",\"name\":\"ge-sagt.de\",\"description\":\"Gesa denkt, sagt und tut auf diesem Blog\",\"potentialAction\":[{\"@type\":\"SearchAction\",\"target\":{\"@type\":\"EntryPoint\",\"urlTemplate\":\"https:\\\/\\\/www.ge-sagt.de\\\/?s={search_term_string}\"},\"query-input\":{\"@type\":\"PropertyValueSpecification\",\"valueRequired\":true,\"valueName\":\"search_term_string\"}}],\"inLanguage\":\"de\"},{\"@type\":\"Person\",\"@id\":\"https:\\\/\\\/www.ge-sagt.de\\\/#\\\/schema\\\/person\\\/f6ec6da1209901fb058ae74d414f295d\",\"name\":\"Gesa\",\"image\":{\"@type\":\"ImageObject\",\"inLanguage\":\"de\",\"@id\":\"https:\\\/\\\/secure.gravatar.com\\\/avatar\\\/b2210b745bd73a1286fa46a53ee66332ba91d4de884ca4cdeaa854740a7b03a0?s=96&d=mm&r=g\",\"url\":\"https:\\\/\\\/secure.gravatar.com\\\/avatar\\\/b2210b745bd73a1286fa46a53ee66332ba91d4de884ca4cdeaa854740a7b03a0?s=96&d=mm&r=g\",\"contentUrl\":\"https:\\\/\\\/secure.gravatar.com\\\/avatar\\\/b2210b745bd73a1286fa46a53ee66332ba91d4de884ca4cdeaa854740a7b03a0?s=96&d=mm&r=g\",\"caption\":\"Gesa\"},\"url\":\"https:\\\/\\\/www.ge-sagt.de\\\/index.php\\\/author\\\/gesa\\\/\"}]}<\/script>\n<!-- \/ Yoast SEO plugin. -->","yoast_head_json":{"title":"Ge-g\u00e4rtnert: Highlight im April - ge-sagt.de","robots":{"index":"index","follow":"follow","max-snippet":"max-snippet:-1","max-image-preview":"max-image-preview:large","max-video-preview":"max-video-preview:-1"},"canonical":"https:\/\/www.ge-sagt.de\/index.php\/ge-gartnert\/","og_locale":"de_DE","og_type":"article","og_title":"Ge-g\u00e4rtnert: Highlight im April - ge-sagt.de","og_description":"Ich hatte schon erw\u00e4hnt, dass wir eine kleine gr\u00fcne Oase besitzen. Und da heute ein paar wundervolle Sonnenstrahlen aufgetaucht sind, konnte ich tats\u00e4chlich endlich mal wieder im Garten werkeln. Dieses Jahr ist ja alles unheimlich verz\u00f6gert durch die lange K\u00e4lte, aber nun kommen doch an vielen Stellen die ersten Stauden wieder und unsere Rosen recken [&hellip;]","og_url":"https:\/\/www.ge-sagt.de\/index.php\/ge-gartnert\/","og_site_name":"ge-sagt.de","article_published_time":"2013-04-22T17:59:01+00:00","article_modified_time":"2016-10-25T12:06:28+00:00","og_image":[{"url":"http:\/\/www.ge-sagt.de\/wp-content\/uploads\/2013\/04\/lenzrose-1.jpg","type":"","width":"","height":""}],"author":"Gesa","twitter_misc":{"Verfasst von":"Gesa","Gesch\u00e4tzte Lesezeit":"2\u00a0Minuten"},"schema":{"@context":"https:\/\/schema.org","@graph":[{"@type":"Article","@id":"https:\/\/www.ge-sagt.de\/index.php\/ge-gartnert\/#article","isPartOf":{"@id":"https:\/\/www.ge-sagt.de\/index.php\/ge-gartnert\/"},"author":{"name":"Gesa","@id":"https:\/\/www.ge-sagt.de\/#\/schema\/person\/f6ec6da1209901fb058ae74d414f295d"},"headline":"Ge-g\u00e4rtnert: Highlight im April","datePublished":"2013-04-22T17:59:01+00:00","dateModified":"2016-10-25T12:06:28+00:00","mainEntityOfPage":{"@id":"https:\/\/www.ge-sagt.de\/index.php\/ge-gartnert\/"},"wordCount":349,"commentCount":0,"image":{"@id":"https:\/\/www.ge-sagt.de\/index.php\/ge-gartnert\/#primaryimage"},"thumbnailUrl":"http:\/\/www.ge-sagt.de\/wp-content\/uploads\/2013\/04\/lenzrose-1.jpg","articleSection":{"1":"Ge-g\u00e4rtnert","2":"Ge-tan"},"inLanguage":"de","potentialAction":[{"@type":"CommentAction","name":"Comment","target":["https:\/\/www.ge-sagt.de\/index.php\/ge-gartnert\/#respond"]}]},{"@type":"WebPage","@id":"https:\/\/www.ge-sagt.de\/index.php\/ge-gartnert\/","url":"https:\/\/www.ge-sagt.de\/index.php\/ge-gartnert\/","name":"Ge-g\u00e4rtnert: Highlight im April - ge-sagt.de","isPartOf":{"@id":"https:\/\/www.ge-sagt.de\/#website"},"primaryImageOfPage":{"@id":"https:\/\/www.ge-sagt.de\/index.php\/ge-gartnert\/#primaryimage"},"image":{"@id":"https:\/\/www.ge-sagt.de\/index.php\/ge-gartnert\/#primaryimage"},"thumbnailUrl":"http:\/\/www.ge-sagt.de\/wp-content\/uploads\/2013\/04\/lenzrose-1.jpg","datePublished":"2013-04-22T17:59:01+00:00","dateModified":"2016-10-25T12:06:28+00:00","author":{"@id":"https:\/\/www.ge-sagt.de\/#\/schema\/person\/f6ec6da1209901fb058ae74d414f295d"},"breadcrumb":{"@id":"https:\/\/www.ge-sagt.de\/index.php\/ge-gartnert\/#breadcrumb"},"inLanguage":"de","potentialAction":[{"@type":"ReadAction","target":["https:\/\/www.ge-sagt.de\/index.php\/ge-gartnert\/"]}]},{"@type":"ImageObject","inLanguage":"de","@id":"https:\/\/www.ge-sagt.de\/index.php\/ge-gartnert\/#primaryimage","url":"https:\/\/www.ge-sagt.de\/wp-content\/uploads\/2013\/04\/lenzrose-1.jpg","contentUrl":"https:\/\/www.ge-sagt.de\/wp-content\/uploads\/2013\/04\/lenzrose-1.jpg","width":600,"height":899},{"@type":"BreadcrumbList","@id":"https:\/\/www.ge-sagt.de\/index.php\/ge-gartnert\/#breadcrumb","itemListElement":[{"@type":"ListItem","position":1,"name":"Home","item":"https:\/\/www.ge-sagt.de\/"},{"@type":"ListItem","position":2,"name":"Ge-g\u00e4rtnert: Highlight im April"}]},{"@type":"WebSite","@id":"https:\/\/www.ge-sagt.de\/#website","url":"https:\/\/www.ge-sagt.de\/","name":"ge-sagt.de","description":"Gesa denkt, sagt und tut auf diesem Blog","potentialAction":[{"@type":"SearchAction","target":{"@type":"EntryPoint","urlTemplate":"https:\/\/www.ge-sagt.de\/?s={search_term_string}"},"query-input":{"@type":"PropertyValueSpecification","valueRequired":true,"valueName":"search_term_string"}}],"inLanguage":"de"},{"@type":"Person","@id":"https:\/\/www.ge-sagt.de\/#\/schema\/person\/f6ec6da1209901fb058ae74d414f295d","name":"Gesa","image":{"@type":"ImageObject","inLanguage":"de","@id":"https:\/\/secure.gravatar.com\/avatar\/b2210b745bd73a1286fa46a53ee66332ba91d4de884ca4cdeaa854740a7b03a0?s=96&d=mm&r=g","url":"https:\/\/secure.gravatar.com\/avatar\/b2210b745bd73a1286fa46a53ee66332ba91d4de884ca4cdeaa854740a7b03a0?s=96&d=mm&r=g","contentUrl":"https:\/\/secure.gravatar.com\/avatar\/b2210b745bd73a1286fa46a53ee66332ba91d4de884ca4cdeaa854740a7b03a0?s=96&d=mm&r=g","caption":"Gesa"},"url":"https:\/\/www.ge-sagt.de\/index.php\/author\/gesa\/"}]}},"jetpack_publicize_connections":[],"jetpack_featured_media_url":"","jetpack_shortlink":"https:\/\/wp.me\/p3aAW4-4t","jetpack_sharing_enabled":true,"_links":{"self":[{"href":"https:\/\/www.ge-sagt.de\/index.php\/wp-json\/wp\/v2\/posts\/277","targetHints":{"allow":["GET"]}}],"collection":[{"href":"https:\/\/www.ge-sagt.de\/index.php\/wp-json\/wp\/v2\/posts"}],"about":[{"href":"https:\/\/www.ge-sagt.de\/index.php\/wp-json\/wp\/v2\/types\/post"}],"author":[{"embeddable":true,"href":"https:\/\/www.ge-sagt.de\/index.php\/wp-json\/wp\/v2\/users\/2"}],"replies":[{"embeddable":true,"href":"https:\/\/www.ge-sagt.de\/index.php\/wp-json\/wp\/v2\/comments?post=277"}],"version-history":[{"count":6,"href":"https:\/\/www.ge-sagt.de\/index.php\/wp-json\/wp\/v2\/posts\/277\/revisions"}],"predecessor-version":[{"id":286,"href":"https:\/\/www.ge-sagt.de\/index.php\/wp-json\/wp\/v2\/posts\/277\/revisions\/286"}],"wp:attachment":[{"href":"https:\/\/www.ge-sagt.de\/index.php\/wp-json\/wp\/v2\/media?parent=277"}],"wp:term":[{"taxonomy":"category","embeddable":true,"href":"https:\/\/www.ge-sagt.de\/index.php\/wp-json\/wp\/v2\/categories?post=277"},{"taxonomy":"post_tag","embeddable":true,"href":"https:\/\/www.ge-sagt.de\/index.php\/wp-json\/wp\/v2\/tags?post=277"}],"curies":[{"name":"wp","href":"https:\/\/api.w.org\/{rel}","templated":true}]}}