{"id":236,"date":"2013-04-11T17:51:01","date_gmt":"2013-04-11T15:51:01","guid":{"rendered":"http:\/\/www.ge-sagt.de\/?p=236"},"modified":"2016-10-25T14:06:28","modified_gmt":"2016-10-25T12:06:28","slug":"ge-naht-vogelmobile","status":"publish","type":"post","link":"https:\/\/www.ge-sagt.de\/index.php\/ge-naht-vogelmobile\/","title":{"rendered":"Ge-N\u00e4ht: Vogelmobile"},"content":{"rendered":"<p style=\"text-align: center;\"><img decoding=\"async\" data-attachment-id=\"239\" data-permalink=\"https:\/\/www.ge-sagt.de\/index.php\/ge-naht-vogelmobile\/voegelchen-1\/\" data-orig-file=\"https:\/\/www.ge-sagt.de\/wp-content\/uploads\/2013\/04\/Voegelchen-1.jpg\" data-orig-size=\"600,711\" data-comments-opened=\"1\" data-image-meta=\"{&quot;aperture&quot;:&quot;3.5&quot;,&quot;credit&quot;:&quot;&quot;,&quot;camera&quot;:&quot;Canon EOS 1000D&quot;,&quot;caption&quot;:&quot;&quot;,&quot;created_timestamp&quot;:&quot;1328449345&quot;,&quot;copyright&quot;:&quot;&quot;,&quot;focal_length&quot;:&quot;18&quot;,&quot;iso&quot;:&quot;800&quot;,&quot;shutter_speed&quot;:&quot;0.066666666666667&quot;,&quot;title&quot;:&quot;&quot;}\" data-image-title=\"Voegelchen 1\" data-image-description=\"\" data-image-caption=\"\" data-large-file=\"https:\/\/www.ge-sagt.de\/wp-content\/uploads\/2013\/04\/Voegelchen-1.jpg\" class=\"aligncenter  wp-image-239\" src=\"http:\/\/www.ge-sagt.de\/wp-content\/uploads\/2013\/04\/Voegelchen-1.jpg\" alt=\"Voegelchen 1\" width=\"480\" height=\"569\" srcset=\"https:\/\/www.ge-sagt.de\/wp-content\/uploads\/2013\/04\/Voegelchen-1-253x300.jpg 253w, https:\/\/www.ge-sagt.de\/wp-content\/uploads\/2013\/04\/Voegelchen-1.jpg 600w\" sizes=\"(max-width: 480px) 100vw, 480px\" \/><\/p>\n<p style=\"text-align: justify;\">Wir leben in einer kleinen gr\u00fcnen Oase mitten in Hamburg und ich liebe es den V\u00f6geln bei uns im Garten zuzusehen. Ich kann Rotkehlchen, Zaunk\u00f6nigen, Amseln, Meisen und auch Eichelh\u00e4her bei uns beobachten, und unser kleines Gl\u00fcck macht das genauso gerne wie ich. Meine romantische Seite liebt insbesondere die blauen Stunden des Tages, wenn die V\u00f6gel ihre Lieder tr\u00e4llern und der Tag langsam beginnt oder endet. Und so musste ich nicht lange \u00fcberlegen, welche Art von Mobile ich f\u00fcr das Kinderzimmer n\u00e4he. Zudem passt es perfekt zu unserem Wandtatoo, das sich schon vorher in dem Zimmer befand.<\/p>\n<p style=\"text-align: justify;\">Ich habe 6 V\u00f6gel aus Stoffresten gen\u00e4ht und f\u00fcr die Applikation im Brust-Bauchbereich Filz benutzt. Gef\u00fcllt habe ich die V\u00f6gel nur ganz leicht mit F\u00fcllwatte. Als Aufh\u00e4ngung habe ich einen sch\u00f6n verzweigten echten Ast gew\u00e4hlt, der vorher ein paar Wochen in unserem Keller trocknen konnte. Und hier nochmal ein Vogel im Detail.<\/p>\n<p style=\"text-align: center;\"><img decoding=\"async\" data-attachment-id=\"240\" data-permalink=\"https:\/\/www.ge-sagt.de\/index.php\/ge-naht-vogelmobile\/voegelchen-2-bearb\/\" data-orig-file=\"https:\/\/www.ge-sagt.de\/wp-content\/uploads\/2013\/04\/Voegelchen-2-bearb.jpg\" data-orig-size=\"820,604\" data-comments-opened=\"1\" data-image-meta=\"{&quot;aperture&quot;:&quot;4&quot;,&quot;credit&quot;:&quot;&quot;,&quot;camera&quot;:&quot;Canon EOS 1000D&quot;,&quot;caption&quot;:&quot;&quot;,&quot;created_timestamp&quot;:&quot;1365619853&quot;,&quot;copyright&quot;:&quot;&quot;,&quot;focal_length&quot;:&quot;28&quot;,&quot;iso&quot;:&quot;800&quot;,&quot;shutter_speed&quot;:&quot;0.076923076923077&quot;,&quot;title&quot;:&quot;&quot;}\" data-image-title=\"Voegelchen 2 bearb\" data-image-description=\"\" data-image-caption=\"\" data-large-file=\"https:\/\/www.ge-sagt.de\/wp-content\/uploads\/2013\/04\/Voegelchen-2-bearb.jpg\" class=\"aligncenter  wp-image-240\" src=\"http:\/\/www.ge-sagt.de\/wp-content\/uploads\/2013\/04\/Voegelchen-2-bearb.jpg\" alt=\"Voegelchen 2 bearb\" width=\"344\" height=\"253\" srcset=\"https:\/\/www.ge-sagt.de\/wp-content\/uploads\/2013\/04\/Voegelchen-2-bearb-407x300.jpg 407w, https:\/\/www.ge-sagt.de\/wp-content\/uploads\/2013\/04\/Voegelchen-2-bearb-600x441.jpg 600w, https:\/\/www.ge-sagt.de\/wp-content\/uploads\/2013\/04\/Voegelchen-2-bearb.jpg 820w\" sizes=\"(max-width: 344px) 100vw, 344px\" \/><\/p>\n<p style=\"text-align: justify;\">Ich finde dieses Mobile immer wieder sch\u00f6n wenn ich es sehe und freue mich sehr, dass auch unser kleines Gl\u00fcck immer wieder darauf zeigt und &#8222;TdiTdi&#8220; ruft, ihr ganz eigener Begriff f\u00fcr alle V\u00f6gel. Mobiles f\u00fcr Kinder mag ich ganz besonders gerne und wir haben auch noch eines \u00fcber dem Wickeltisch. Das werde ich ein anderes Mal zeigen. Wu\u00dftet Ihr eigentlich dass man Mobiles als kinetische Kunst bezeichnet. Insbesondere Alexander Calder hat diese Kunstform genutzt und eines seiner Zitate lautet: &#8222;<i>Wenn alles klappt, ist ein Mobile ein St\u00fcck Poesie, das vor Lebensfreude tanzt und \u00fcberrascht.<\/i>\u201c (Jacob Baal-Teshuva: <i>Alexander Calder 1898\u20131976<\/i>. Verlag Taschen, ISBN 3-8228-7915-0)<\/p>\n<p>Ich finde dieses Zitat unheimlich passend, was meint Ihr?<\/p>\n<p style=\"text-align: left;\">Liebe Gr\u00fc\u00dfe\u00a0Ge-sa<\/p>\n","protected":false},"excerpt":{"rendered":"<p>Wir leben in einer kleinen gr\u00fcnen Oase mitten in Hamburg und ich liebe es den V\u00f6geln bei uns im Garten zuzusehen. Ich kann Rotkehlchen, Zaunk\u00f6nigen, Amseln, Meisen und auch Eichelh\u00e4her bei uns beobachten, und unser kleines Gl\u00fcck macht das genauso gerne wie ich. Meine romantische Seite liebt insbesondere die blauen Stunden des Tages, wenn die [&hellip;]<\/p>\n","protected":false},"author":1,"featured_media":239,"comment_status":"open","ping_status":"open","sticky":false,"template":"","format":"standard","meta":{"jetpack_post_was_ever_published":false,"_jetpack_newsletter_access":"","_jetpack_dont_email_post_to_subs":true,"_jetpack_newsletter_tier_id":0,"_jetpack_memberships_contains_paywalled_content":false,"_jetpack_memberships_contains_paid_content":false,"footnotes":"","jetpack_publicize_message":"","jetpack_publicize_feature_enabled":true,"jetpack_social_post_already_shared":true,"jetpack_social_options":{"image_generator_settings":{"template":"highway","default_image_id":0,"font":"","enabled":false},"version":2}},"categories":[1,18,7,4],"tags":[],"class_list":["post-236","post","type-post","status-publish","format-standard","has-post-thumbnail","hentry","category-allgemein","category-ge-bastelt","category-ge-schneidert","category-ge-tan"],"yoast_head":"<!-- This site is optimized with the Yoast SEO plugin v27.5 - https:\/\/yoast.com\/product\/yoast-seo-wordpress\/ -->\n<title>Ge-N\u00e4ht: Vogelmobile<\/title>\n<meta name=\"description\" content=\"Ge-N\u00e4ht: Vogelmobile\" \/>\n<meta name=\"robots\" content=\"index, follow, max-snippet:-1, max-image-preview:large, max-video-preview:-1\" \/>\n<link rel=\"canonical\" href=\"https:\/\/www.ge-sagt.de\/index.php\/ge-naht-vogelmobile\/\" \/>\n<meta property=\"og:locale\" content=\"de_DE\" \/>\n<meta property=\"og:type\" content=\"article\" \/>\n<meta property=\"og:title\" content=\"Ge-N\u00e4ht: Vogelmobile\" \/>\n<meta property=\"og:description\" content=\"Ge-N\u00e4ht: Vogelmobile\" \/>\n<meta property=\"og:url\" content=\"https:\/\/www.ge-sagt.de\/index.php\/ge-naht-vogelmobile\/\" \/>\n<meta property=\"og:site_name\" content=\"ge-sagt.de\" \/>\n<meta property=\"article:published_time\" content=\"2013-04-11T15:51:01+00:00\" \/>\n<meta property=\"article:modified_time\" content=\"2016-10-25T12:06:28+00:00\" \/>\n<meta property=\"og:image\" content=\"https:\/\/www.ge-sagt.de\/wp-content\/uploads\/2013\/04\/Voegelchen-1.jpg\" \/>\n\t<meta property=\"og:image:width\" content=\"600\" \/>\n\t<meta property=\"og:image:height\" content=\"711\" \/>\n\t<meta property=\"og:image:type\" content=\"image\/jpeg\" \/>\n<meta name=\"author\" content=\"admin\" \/>\n<meta name=\"twitter:label1\" content=\"Verfasst von\" \/>\n\t<meta name=\"twitter:data1\" content=\"admin\" \/>\n\t<meta name=\"twitter:label2\" content=\"Gesch\u00e4tzte Lesezeit\" \/>\n\t<meta name=\"twitter:data2\" content=\"1\u00a0Minute\" \/>\n<script type=\"application\/ld+json\" class=\"yoast-schema-graph\">{\"@context\":\"https:\\\/\\\/schema.org\",\"@graph\":[{\"@type\":\"Article\",\"@id\":\"https:\\\/\\\/www.ge-sagt.de\\\/index.php\\\/ge-naht-vogelmobile\\\/#article\",\"isPartOf\":{\"@id\":\"https:\\\/\\\/www.ge-sagt.de\\\/index.php\\\/ge-naht-vogelmobile\\\/\"},\"author\":{\"name\":\"admin\",\"@id\":\"https:\\\/\\\/www.ge-sagt.de\\\/#\\\/schema\\\/person\\\/fd61913b46000e0757925ab261bed244\"},\"headline\":\"Ge-N\u00e4ht: Vogelmobile\",\"datePublished\":\"2013-04-11T15:51:01+00:00\",\"dateModified\":\"2016-10-25T12:06:28+00:00\",\"mainEntityOfPage\":{\"@id\":\"https:\\\/\\\/www.ge-sagt.de\\\/index.php\\\/ge-naht-vogelmobile\\\/\"},\"wordCount\":294,\"commentCount\":1,\"image\":{\"@id\":\"https:\\\/\\\/www.ge-sagt.de\\\/index.php\\\/ge-naht-vogelmobile\\\/#primaryimage\"},\"thumbnailUrl\":\"https:\\\/\\\/www.ge-sagt.de\\\/wp-content\\\/uploads\\\/2013\\\/04\\\/Voegelchen-1.jpg\",\"articleSection\":{\"1\":\"Ge-bastelt\",\"2\":\"Ge-schneidert\",\"3\":\"Ge-tan\"},\"inLanguage\":\"de\",\"potentialAction\":[{\"@type\":\"CommentAction\",\"name\":\"Comment\",\"target\":[\"https:\\\/\\\/www.ge-sagt.de\\\/index.php\\\/ge-naht-vogelmobile\\\/#respond\"]}]},{\"@type\":\"WebPage\",\"@id\":\"https:\\\/\\\/www.ge-sagt.de\\\/index.php\\\/ge-naht-vogelmobile\\\/\",\"url\":\"https:\\\/\\\/www.ge-sagt.de\\\/index.php\\\/ge-naht-vogelmobile\\\/\",\"name\":\"Ge-N\u00e4ht: Vogelmobile\",\"isPartOf\":{\"@id\":\"https:\\\/\\\/www.ge-sagt.de\\\/#website\"},\"primaryImageOfPage\":{\"@id\":\"https:\\\/\\\/www.ge-sagt.de\\\/index.php\\\/ge-naht-vogelmobile\\\/#primaryimage\"},\"image\":{\"@id\":\"https:\\\/\\\/www.ge-sagt.de\\\/index.php\\\/ge-naht-vogelmobile\\\/#primaryimage\"},\"thumbnailUrl\":\"https:\\\/\\\/www.ge-sagt.de\\\/wp-content\\\/uploads\\\/2013\\\/04\\\/Voegelchen-1.jpg\",\"datePublished\":\"2013-04-11T15:51:01+00:00\",\"dateModified\":\"2016-10-25T12:06:28+00:00\",\"author\":{\"@id\":\"https:\\\/\\\/www.ge-sagt.de\\\/#\\\/schema\\\/person\\\/fd61913b46000e0757925ab261bed244\"},\"description\":\"Ge-N\u00e4ht: Vogelmobile\",\"breadcrumb\":{\"@id\":\"https:\\\/\\\/www.ge-sagt.de\\\/index.php\\\/ge-naht-vogelmobile\\\/#breadcrumb\"},\"inLanguage\":\"de\",\"potentialAction\":[{\"@type\":\"ReadAction\",\"target\":[\"https:\\\/\\\/www.ge-sagt.de\\\/index.php\\\/ge-naht-vogelmobile\\\/\"]}]},{\"@type\":\"ImageObject\",\"inLanguage\":\"de\",\"@id\":\"https:\\\/\\\/www.ge-sagt.de\\\/index.php\\\/ge-naht-vogelmobile\\\/#primaryimage\",\"url\":\"https:\\\/\\\/www.ge-sagt.de\\\/wp-content\\\/uploads\\\/2013\\\/04\\\/Voegelchen-1.jpg\",\"contentUrl\":\"https:\\\/\\\/www.ge-sagt.de\\\/wp-content\\\/uploads\\\/2013\\\/04\\\/Voegelchen-1.jpg\",\"width\":600,\"height\":711},{\"@type\":\"BreadcrumbList\",\"@id\":\"https:\\\/\\\/www.ge-sagt.de\\\/index.php\\\/ge-naht-vogelmobile\\\/#breadcrumb\",\"itemListElement\":[{\"@type\":\"ListItem\",\"position\":1,\"name\":\"Home\",\"item\":\"https:\\\/\\\/www.ge-sagt.de\\\/\"},{\"@type\":\"ListItem\",\"position\":2,\"name\":\"Ge-N\u00e4ht: Vogelmobile\"}]},{\"@type\":\"WebSite\",\"@id\":\"https:\\\/\\\/www.ge-sagt.de\\\/#website\",\"url\":\"https:\\\/\\\/www.ge-sagt.de\\\/\",\"name\":\"ge-sagt.de\",\"description\":\"Gesa denkt, sagt und tut auf diesem Blog\",\"potentialAction\":[{\"@type\":\"SearchAction\",\"target\":{\"@type\":\"EntryPoint\",\"urlTemplate\":\"https:\\\/\\\/www.ge-sagt.de\\\/?s={search_term_string}\"},\"query-input\":{\"@type\":\"PropertyValueSpecification\",\"valueRequired\":true,\"valueName\":\"search_term_string\"}}],\"inLanguage\":\"de\"},{\"@type\":\"Person\",\"@id\":\"https:\\\/\\\/www.ge-sagt.de\\\/#\\\/schema\\\/person\\\/fd61913b46000e0757925ab261bed244\",\"name\":\"admin\",\"image\":{\"@type\":\"ImageObject\",\"inLanguage\":\"de\",\"@id\":\"https:\\\/\\\/secure.gravatar.com\\\/avatar\\\/ec67efe022d534656397a5f6dafc9fa173390409b68c0ca87c9f41deea320766?s=96&d=mm&r=g\",\"url\":\"https:\\\/\\\/secure.gravatar.com\\\/avatar\\\/ec67efe022d534656397a5f6dafc9fa173390409b68c0ca87c9f41deea320766?s=96&d=mm&r=g\",\"contentUrl\":\"https:\\\/\\\/secure.gravatar.com\\\/avatar\\\/ec67efe022d534656397a5f6dafc9fa173390409b68c0ca87c9f41deea320766?s=96&d=mm&r=g\",\"caption\":\"admin\"},\"url\":\"https:\\\/\\\/www.ge-sagt.de\\\/index.php\\\/author\\\/admin\\\/\"}]}<\/script>\n<!-- \/ Yoast SEO plugin. -->","yoast_head_json":{"title":"Ge-N\u00e4ht: Vogelmobile","description":"Ge-N\u00e4ht: Vogelmobile","robots":{"index":"index","follow":"follow","max-snippet":"max-snippet:-1","max-image-preview":"max-image-preview:large","max-video-preview":"max-video-preview:-1"},"canonical":"https:\/\/www.ge-sagt.de\/index.php\/ge-naht-vogelmobile\/","og_locale":"de_DE","og_type":"article","og_title":"Ge-N\u00e4ht: Vogelmobile","og_description":"Ge-N\u00e4ht: Vogelmobile","og_url":"https:\/\/www.ge-sagt.de\/index.php\/ge-naht-vogelmobile\/","og_site_name":"ge-sagt.de","article_published_time":"2013-04-11T15:51:01+00:00","article_modified_time":"2016-10-25T12:06:28+00:00","og_image":[{"width":600,"height":711,"url":"https:\/\/www.ge-sagt.de\/wp-content\/uploads\/2013\/04\/Voegelchen-1.jpg","type":"image\/jpeg"}],"author":"admin","twitter_misc":{"Verfasst von":"admin","Gesch\u00e4tzte Lesezeit":"1\u00a0Minute"},"schema":{"@context":"https:\/\/schema.org","@graph":[{"@type":"Article","@id":"https:\/\/www.ge-sagt.de\/index.php\/ge-naht-vogelmobile\/#article","isPartOf":{"@id":"https:\/\/www.ge-sagt.de\/index.php\/ge-naht-vogelmobile\/"},"author":{"name":"admin","@id":"https:\/\/www.ge-sagt.de\/#\/schema\/person\/fd61913b46000e0757925ab261bed244"},"headline":"Ge-N\u00e4ht: Vogelmobile","datePublished":"2013-04-11T15:51:01+00:00","dateModified":"2016-10-25T12:06:28+00:00","mainEntityOfPage":{"@id":"https:\/\/www.ge-sagt.de\/index.php\/ge-naht-vogelmobile\/"},"wordCount":294,"commentCount":1,"image":{"@id":"https:\/\/www.ge-sagt.de\/index.php\/ge-naht-vogelmobile\/#primaryimage"},"thumbnailUrl":"https:\/\/www.ge-sagt.de\/wp-content\/uploads\/2013\/04\/Voegelchen-1.jpg","articleSection":{"1":"Ge-bastelt","2":"Ge-schneidert","3":"Ge-tan"},"inLanguage":"de","potentialAction":[{"@type":"CommentAction","name":"Comment","target":["https:\/\/www.ge-sagt.de\/index.php\/ge-naht-vogelmobile\/#respond"]}]},{"@type":"WebPage","@id":"https:\/\/www.ge-sagt.de\/index.php\/ge-naht-vogelmobile\/","url":"https:\/\/www.ge-sagt.de\/index.php\/ge-naht-vogelmobile\/","name":"Ge-N\u00e4ht: Vogelmobile","isPartOf":{"@id":"https:\/\/www.ge-sagt.de\/#website"},"primaryImageOfPage":{"@id":"https:\/\/www.ge-sagt.de\/index.php\/ge-naht-vogelmobile\/#primaryimage"},"image":{"@id":"https:\/\/www.ge-sagt.de\/index.php\/ge-naht-vogelmobile\/#primaryimage"},"thumbnailUrl":"https:\/\/www.ge-sagt.de\/wp-content\/uploads\/2013\/04\/Voegelchen-1.jpg","datePublished":"2013-04-11T15:51:01+00:00","dateModified":"2016-10-25T12:06:28+00:00","author":{"@id":"https:\/\/www.ge-sagt.de\/#\/schema\/person\/fd61913b46000e0757925ab261bed244"},"description":"Ge-N\u00e4ht: Vogelmobile","breadcrumb":{"@id":"https:\/\/www.ge-sagt.de\/index.php\/ge-naht-vogelmobile\/#breadcrumb"},"inLanguage":"de","potentialAction":[{"@type":"ReadAction","target":["https:\/\/www.ge-sagt.de\/index.php\/ge-naht-vogelmobile\/"]}]},{"@type":"ImageObject","inLanguage":"de","@id":"https:\/\/www.ge-sagt.de\/index.php\/ge-naht-vogelmobile\/#primaryimage","url":"https:\/\/www.ge-sagt.de\/wp-content\/uploads\/2013\/04\/Voegelchen-1.jpg","contentUrl":"https:\/\/www.ge-sagt.de\/wp-content\/uploads\/2013\/04\/Voegelchen-1.jpg","width":600,"height":711},{"@type":"BreadcrumbList","@id":"https:\/\/www.ge-sagt.de\/index.php\/ge-naht-vogelmobile\/#breadcrumb","itemListElement":[{"@type":"ListItem","position":1,"name":"Home","item":"https:\/\/www.ge-sagt.de\/"},{"@type":"ListItem","position":2,"name":"Ge-N\u00e4ht: Vogelmobile"}]},{"@type":"WebSite","@id":"https:\/\/www.ge-sagt.de\/#website","url":"https:\/\/www.ge-sagt.de\/","name":"ge-sagt.de","description":"Gesa denkt, sagt und tut auf diesem Blog","potentialAction":[{"@type":"SearchAction","target":{"@type":"EntryPoint","urlTemplate":"https:\/\/www.ge-sagt.de\/?s={search_term_string}"},"query-input":{"@type":"PropertyValueSpecification","valueRequired":true,"valueName":"search_term_string"}}],"inLanguage":"de"},{"@type":"Person","@id":"https:\/\/www.ge-sagt.de\/#\/schema\/person\/fd61913b46000e0757925ab261bed244","name":"admin","image":{"@type":"ImageObject","inLanguage":"de","@id":"https:\/\/secure.gravatar.com\/avatar\/ec67efe022d534656397a5f6dafc9fa173390409b68c0ca87c9f41deea320766?s=96&d=mm&r=g","url":"https:\/\/secure.gravatar.com\/avatar\/ec67efe022d534656397a5f6dafc9fa173390409b68c0ca87c9f41deea320766?s=96&d=mm&r=g","contentUrl":"https:\/\/secure.gravatar.com\/avatar\/ec67efe022d534656397a5f6dafc9fa173390409b68c0ca87c9f41deea320766?s=96&d=mm&r=g","caption":"admin"},"url":"https:\/\/www.ge-sagt.de\/index.php\/author\/admin\/"}]}},"jetpack_publicize_connections":[],"jetpack_featured_media_url":"https:\/\/www.ge-sagt.de\/wp-content\/uploads\/2013\/04\/Voegelchen-1.jpg","jetpack_shortlink":"https:\/\/wp.me\/p3aAW4-3O","jetpack_sharing_enabled":true,"_links":{"self":[{"href":"https:\/\/www.ge-sagt.de\/index.php\/wp-json\/wp\/v2\/posts\/236","targetHints":{"allow":["GET"]}}],"collection":[{"href":"https:\/\/www.ge-sagt.de\/index.php\/wp-json\/wp\/v2\/posts"}],"about":[{"href":"https:\/\/www.ge-sagt.de\/index.php\/wp-json\/wp\/v2\/types\/post"}],"author":[{"embeddable":true,"href":"https:\/\/www.ge-sagt.de\/index.php\/wp-json\/wp\/v2\/users\/1"}],"replies":[{"embeddable":true,"href":"https:\/\/www.ge-sagt.de\/index.php\/wp-json\/wp\/v2\/comments?post=236"}],"version-history":[{"count":13,"href":"https:\/\/www.ge-sagt.de\/index.php\/wp-json\/wp\/v2\/posts\/236\/revisions"}],"predecessor-version":[{"id":1934,"href":"https:\/\/www.ge-sagt.de\/index.php\/wp-json\/wp\/v2\/posts\/236\/revisions\/1934"}],"wp:featuredmedia":[{"embeddable":true,"href":"https:\/\/www.ge-sagt.de\/index.php\/wp-json\/wp\/v2\/media\/239"}],"wp:attachment":[{"href":"https:\/\/www.ge-sagt.de\/index.php\/wp-json\/wp\/v2\/media?parent=236"}],"wp:term":[{"taxonomy":"category","embeddable":true,"href":"https:\/\/www.ge-sagt.de\/index.php\/wp-json\/wp\/v2\/categories?post=236"},{"taxonomy":"post_tag","embeddable":true,"href":"https:\/\/www.ge-sagt.de\/index.php\/wp-json\/wp\/v2\/tags?post=236"}],"curies":[{"name":"wp","href":"https:\/\/api.w.org\/{rel}","templated":true}]}}