{"id":2144,"date":"2015-03-06T17:43:23","date_gmt":"2015-03-06T16:43:23","guid":{"rendered":"http:\/\/www.ge-sagt.de\/?p=2144"},"modified":"2016-10-25T14:06:22","modified_gmt":"2016-10-25T12:06:22","slug":"ge-kocht-blumenkohl-tabbouleh-mit-paniertem-feta","status":"publish","type":"post","link":"https:\/\/www.ge-sagt.de\/index.php\/ge-kocht-blumenkohl-tabbouleh-mit-paniertem-feta\/","title":{"rendered":"Ge-kocht: Blumenkohl-Tabbouleh mit paniertem Feta"},"content":{"rendered":"<p><img decoding=\"async\" data-attachment-id=\"2148\" data-permalink=\"https:\/\/www.ge-sagt.de\/index.php\/ge-kocht-blumenkohl-tabbouleh-mit-paniertem-feta\/blumenkohltabouleh-3\/\" data-orig-file=\"https:\/\/www.ge-sagt.de\/wp-content\/uploads\/2015\/03\/blumenkohltabouleh-3.jpg\" data-orig-size=\"800,503\" data-comments-opened=\"1\" data-image-title=\"blumenkohltabouleh 3\" data-image-description=\"\" data-image-caption=\"\" data-large-file=\"https:\/\/www.ge-sagt.de\/wp-content\/uploads\/2015\/03\/blumenkohltabouleh-3.jpg\" class=\"aligncenter size-medium wp-image-2148\" src=\"http:\/\/www.ge-sagt.de\/wp-content\/uploads\/2015\/03\/blumenkohltabouleh-3-600x377.jpg\" alt=\"blumenkohltabouleh 3\" width=\"600\" height=\"377\" srcset=\"https:\/\/www.ge-sagt.de\/wp-content\/uploads\/2015\/03\/blumenkohltabouleh-3-320x202.jpg 320w, https:\/\/www.ge-sagt.de\/wp-content\/uploads\/2015\/03\/blumenkohltabouleh-3-600x377.jpg 600w, https:\/\/www.ge-sagt.de\/wp-content\/uploads\/2015\/03\/blumenkohltabouleh-3-700x441.jpg 700w, https:\/\/www.ge-sagt.de\/wp-content\/uploads\/2015\/03\/blumenkohltabouleh-3.jpg 800w\" sizes=\"(max-width: 600px) 100vw, 600px\" \/><\/p>\n<p style=\"text-align: justify;\">Habt Ihr schon mal Blumenkohl Tabbouleh gemacht? Ich habe es letzte Woche das erste Mal probiert und es war richtig gut. F\u00fcr mich ab jetzt wirklich Blumenkohl in seiner leckersten Form. Tabbouleh oder auch Taboul\u00e9 ist eine Art Salat aus der libanesischen K\u00fcche und wird eigentlich mit Bulgur gemacht. In meinem Rezept wird Bulgur durch Blumenkohlgries ersetzt.<br \/>\nBlumenohlgries &#8211; was ist das denn? Das sind ganz einfach die klein gehackten Blumenkohlr\u00f6schen die kurz in der Pfanne anged\u00fcnstet werden. Und schon ist der Blumenkohlgries fertig. Was Ihr sonst noch f\u00fcr dieses Rezept braucht seht Ihr hier:<\/p>\n<p><img decoding=\"async\" data-attachment-id=\"2149\" data-permalink=\"https:\/\/www.ge-sagt.de\/index.php\/ge-kocht-blumenkohl-tabbouleh-mit-paniertem-feta\/blumenkohltabouleh-rezept\/\" data-orig-file=\"https:\/\/www.ge-sagt.de\/wp-content\/uploads\/2015\/03\/blumenkohltabouleh-Rezept.jpg\" data-orig-size=\"400,389\" data-comments-opened=\"1\" data-image-title=\"blumenkohltabouleh Rezept\" data-image-description=\"\" data-image-caption=\"\" data-large-file=\"https:\/\/www.ge-sagt.de\/wp-content\/uploads\/2015\/03\/blumenkohltabouleh-Rezept.jpg\" class=\"aligncenter size-full wp-image-2149\" src=\"http:\/\/www.ge-sagt.de\/wp-content\/uploads\/2015\/03\/blumenkohltabouleh-Rezept.jpg\" alt=\"blumenkohltabouleh Rezept\" width=\"400\" height=\"389\" srcset=\"https:\/\/www.ge-sagt.de\/wp-content\/uploads\/2015\/03\/blumenkohltabouleh-Rezept-52x50.jpg 52w, https:\/\/www.ge-sagt.de\/wp-content\/uploads\/2015\/03\/blumenkohltabouleh-Rezept.jpg 400w\" sizes=\"(max-width: 400px) 100vw, 400px\" \/><\/p>\n<p style=\"text-align: justify;\">Zun\u00e4chst m\u00fcsst Ihr also tats\u00e4chlich die Blumenkohlr\u00f6schen entweder sehr klein mit dem Messer zerhacken oder Ihr nehmt den K\u00fcchenh\u00e4cksler. Das ist auf alle F\u00e4lle meine Empfehlung, denn so wird der Blumenkohl viel feiner und sp\u00e4ter f\u00fcr die Petersilie k\u00f6nnt Ihr die Maschine auch noch mal benutzen. Nun wird der Blumenkohl-Kr\u00fcmelkram bei mittlerer Hitze in der Pfanne anged\u00fcnstet. Ich habe nur ganz wenig Oliven\u00f6l dazu gegeben und regelm\u00e4\u00dfig umger\u00fchrt. Das Ganze soll nicht zu matschig werden. In der Zwischenzeit habe ich nebenbei die Fr\u00fchlingszwiebeln klein geschnitten und dann mit in die Pfanne gegeben. Jetzt muss noch das ganze andere Gem\u00fcse salatfertig zerkleinert werden. Die Petersilie und den Coriander lasse ich sehr klein durch die K\u00fcchenmaschine zerschneiden. Wenn der Blumenkohlgrie\u00df in der Zeit fertig wird, zur Seite stellen und abk\u00fchlen lassen. Sobald es abgek\u00fchlt ist, werden alle Zutaten f\u00fcr das Tabbouleh zusammen gemischt und mit Oliven\u00f6l, Zitronensaft, geriebener Zitronenschale und Salz und Pfeffer abgeschmeckt.<\/p>\n<p style=\"text-align: justify;\"><img decoding=\"async\" data-attachment-id=\"2146\" data-permalink=\"https:\/\/www.ge-sagt.de\/index.php\/ge-kocht-blumenkohl-tabbouleh-mit-paniertem-feta\/blumenkohltabouleh-1\/\" data-orig-file=\"https:\/\/www.ge-sagt.de\/wp-content\/uploads\/2015\/03\/blumenkohltabouleh-1.jpg\" data-orig-size=\"800,586\" data-comments-opened=\"1\" data-image-title=\"blumenkohltabouleh 1\" data-image-description=\"\" data-image-caption=\"\" data-large-file=\"https:\/\/www.ge-sagt.de\/wp-content\/uploads\/2015\/03\/blumenkohltabouleh-1.jpg\" class=\"aligncenter size-medium wp-image-2146\" src=\"http:\/\/www.ge-sagt.de\/wp-content\/uploads\/2015\/03\/blumenkohltabouleh-1-600x440.jpg\" alt=\"blumenkohltabouleh 1\" width=\"600\" height=\"440\" srcset=\"https:\/\/www.ge-sagt.de\/wp-content\/uploads\/2015\/03\/blumenkohltabouleh-1-220x161.jpg 220w, https:\/\/www.ge-sagt.de\/wp-content\/uploads\/2015\/03\/blumenkohltabouleh-1-600x440.jpg 600w, https:\/\/www.ge-sagt.de\/wp-content\/uploads\/2015\/03\/blumenkohltabouleh-1.jpg 800w\" sizes=\"(max-width: 600px) 100vw, 600px\" \/><\/p>\n<p style=\"text-align: justify;\">W\u00e4hrend der Salat durchzieht, kann man sich an den Fetak\u00e4se machen und ihn panieren. Und das ist nun wirklich die einfachste Art der Panade, denn er wird\u00a0 in Toastbrot eingewickelt!<br \/>\nZun\u00e4chst muss man jedoch von dem Toastbrotscheiben die Kante abschneiden und dann die Scheiben mit einem Nudelholz sehr flach ausrollen. Danach kann man die St\u00fccke des Fetak\u00e4se sehr gut darin einwickeln und mit einer Rouladennadel vorsichtig fixieren. Schon k\u00f6nnen die P\u00e4ckchen in reichlich Oliven\u00f6l bei mittlerer Hitze goldbraun gebacken werden. Hier empfiehlt es sich neben der Pfanne stehen zu bleiben, denn das geht vergleichsweise schnell. Wenn die R\u00f6llchen rundum braun sind kurz auf K\u00fcchenpapier abtupfen und dann die Toastbrotkruste nach belieben noch kurz mit einer Zehe frischen Knoblauchs abreiben. Vorsicht- \u00fcbertreibt es nicht mit dem Reiben, das Aroma des frischen Knoblauchs \u00fcbertr\u00e4gt sich so wirklich sehr intensiv! Und schon habt Ihr ein wunderbar vegetarisches, leichtes und aromatisches Essen, bei dem sich wirklich jeder wundert ob da wirklich Blumenkohl drin ist. Vor allem die Kombination des cremigen Feta mit der knusprigen Kruste und dem frischen Salat passt wirklich perfekt. W\u00e4re das auch ein Rezept f\u00fcr Eure Fr\u00fchlingsk\u00fcche? Ich w\u00fcnsche auf alle F\u00e4lle guten Appetit!<\/p>\n<p style=\"text-align: justify;\">Liebe Gr\u00fc\u00dfe<\/p>\n<p style=\"text-align: justify;\">Gesa<\/p>\n<p style=\"text-align: justify;\"><img decoding=\"async\" data-attachment-id=\"2147\" data-permalink=\"https:\/\/www.ge-sagt.de\/index.php\/ge-kocht-blumenkohl-tabbouleh-mit-paniertem-feta\/blumenkohltabouleh-2\/\" data-orig-file=\"https:\/\/www.ge-sagt.de\/wp-content\/uploads\/2015\/03\/blumenkohltabouleh-2.jpg\" data-orig-size=\"800,533\" data-comments-opened=\"1\" data-image-title=\"blumenkohltabouleh 2\" data-image-description=\"\" data-image-caption=\"\" data-large-file=\"https:\/\/www.ge-sagt.de\/wp-content\/uploads\/2015\/03\/blumenkohltabouleh-2.jpg\" class=\"aligncenter size-medium wp-image-2147\" src=\"http:\/\/www.ge-sagt.de\/wp-content\/uploads\/2015\/03\/blumenkohltabouleh-2-600x400.jpg\" alt=\"blumenkohltabouleh 2\" width=\"600\" height=\"400\" srcset=\"https:\/\/www.ge-sagt.de\/wp-content\/uploads\/2015\/03\/blumenkohltabouleh-2-600x400.jpg 600w, https:\/\/www.ge-sagt.de\/wp-content\/uploads\/2015\/03\/blumenkohltabouleh-2.jpg 800w\" sizes=\"(max-width: 600px) 100vw, 600px\" \/><\/p>\n<p style=\"text-align: justify;\">\n","protected":false},"excerpt":{"rendered":"<p>Habt Ihr schon mal Blumenkohl Tabbouleh gemacht? Ich habe es letzte Woche das erste Mal probiert und es war richtig gut. F\u00fcr mich ab jetzt wirklich Blumenkohl in seiner leckersten Form. Tabbouleh oder auch Taboul\u00e9 ist eine Art Salat aus der libanesischen K\u00fcche und wird eigentlich mit Bulgur gemacht. In meinem Rezept wird Bulgur durch [&hellip;]<\/p>\n","protected":false},"author":2,"featured_media":2146,"comment_status":"open","ping_status":"open","sticky":false,"template":"","format":"standard","meta":{"_jetpack_newsletter_access":"","_jetpack_dont_email_post_to_subs":true,"_jetpack_newsletter_tier_id":0,"_jetpack_memberships_contains_paywalled_content":false,"_jetpack_feature_clip_id":0,"_jetpack_memberships_contains_paid_content":false,"footnotes":"","jetpack_publicize_message":"","jetpack_publicize_feature_enabled":true,"jetpack_social_post_already_shared":true,"jetpack_social_options":{"image_generator_settings":{"template":"highway","default_image_id":0,"font":"","enabled":false},"version":2},"jetpack_post_was_ever_published":false},"categories":[1,10,4],"tags":[460,461,462,321,463,295,296,458,459,464],"class_list":["post-2144","post","type-post","status-publish","format-standard","has-post-thumbnail","hentry","category-allgemein","category-ge-kocht","category-ge-tan","tag-blumenkohl","tag-blumenkohlgriess","tag-feta","tag-gesund","tag-panade","tag-petersilie","tag-salat","tag-tabbouleh","tag-taboule","tag-vegetarisch"],"yoast_head":"<!-- This site is optimized with the Yoast SEO plugin v28.4 - https:\/\/yoast.com\/product\/yoast-seo-wordpress\/ -->\n<title>Ge-kocht: Blumenkohl-Tabbouleh mit paniertem Feta<\/title>\n<meta name=\"description\" content=\"Ge-kocht: Blumenkohl-Tabbouleh mit paniertem Feta - ein Rezept f\u00fcr ein leichtes vegetarisches Fr\u00fchlingsgericht\" \/>\n<meta name=\"robots\" content=\"index, follow, max-snippet:-1, max-image-preview:large, max-video-preview:-1\" \/>\n<link rel=\"canonical\" href=\"https:\/\/www.ge-sagt.de\/index.php\/ge-kocht-blumenkohl-tabbouleh-mit-paniertem-feta\/\" \/>\n<meta property=\"og:locale\" content=\"de_DE\" \/>\n<meta property=\"og:type\" content=\"article\" \/>\n<meta property=\"og:title\" content=\"Ge-kocht: Blumenkohl-Tabbouleh mit paniertem Feta\" \/>\n<meta property=\"og:description\" content=\"Ge-kocht: Blumenkohl-Tabbouleh mit paniertem Feta - ein Rezept f\u00fcr ein leichtes vegetarisches Fr\u00fchlingsgericht\" \/>\n<meta property=\"og:url\" content=\"https:\/\/www.ge-sagt.de\/index.php\/ge-kocht-blumenkohl-tabbouleh-mit-paniertem-feta\/\" \/>\n<meta property=\"og:site_name\" content=\"ge-sagt.de\" \/>\n<meta property=\"article:published_time\" content=\"2015-03-06T16:43:23+00:00\" \/>\n<meta property=\"article:modified_time\" content=\"2016-10-25T12:06:22+00:00\" \/>\n<meta property=\"og:image\" content=\"https:\/\/www.ge-sagt.de\/wp-content\/uploads\/2015\/03\/blumenkohltabouleh-1.jpg\" \/>\n\t<meta property=\"og:image:width\" content=\"800\" \/>\n\t<meta property=\"og:image:height\" content=\"586\" \/>\n\t<meta property=\"og:image:type\" content=\"image\/jpeg\" \/>\n<meta name=\"author\" content=\"Gesa\" \/>\n<meta name=\"twitter:label1\" content=\"Verfasst von\" \/>\n\t<meta name=\"twitter:data1\" content=\"Gesa\" \/>\n\t<meta name=\"twitter:label2\" content=\"Gesch\u00e4tzte Lesezeit\" \/>\n\t<meta name=\"twitter:data2\" content=\"2\u00a0Minuten\" \/>\n<script type=\"application\/ld+json\" class=\"yoast-schema-graph\">{\"@context\":\"https:\\\/\\\/schema.org\",\"@graph\":[{\"@type\":\"Article\",\"@id\":\"https:\\\/\\\/www.ge-sagt.de\\\/index.php\\\/ge-kocht-blumenkohl-tabbouleh-mit-paniertem-feta\\\/#article\",\"isPartOf\":{\"@id\":\"https:\\\/\\\/www.ge-sagt.de\\\/index.php\\\/ge-kocht-blumenkohl-tabbouleh-mit-paniertem-feta\\\/\"},\"author\":{\"name\":\"Gesa\",\"@id\":\"https:\\\/\\\/www.ge-sagt.de\\\/#\\\/schema\\\/person\\\/f6ec6da1209901fb058ae74d414f295d\"},\"headline\":\"Ge-kocht: Blumenkohl-Tabbouleh mit paniertem Feta\",\"datePublished\":\"2015-03-06T16:43:23+00:00\",\"dateModified\":\"2016-10-25T12:06:22+00:00\",\"mainEntityOfPage\":{\"@id\":\"https:\\\/\\\/www.ge-sagt.de\\\/index.php\\\/ge-kocht-blumenkohl-tabbouleh-mit-paniertem-feta\\\/\"},\"wordCount\":493,\"commentCount\":1,\"image\":{\"@id\":\"https:\\\/\\\/www.ge-sagt.de\\\/index.php\\\/ge-kocht-blumenkohl-tabbouleh-mit-paniertem-feta\\\/#primaryimage\"},\"thumbnailUrl\":\"https:\\\/\\\/www.ge-sagt.de\\\/wp-content\\\/uploads\\\/2015\\\/03\\\/blumenkohltabouleh-1.jpg\",\"keywords\":[\"blumenkohl\",\"blumenkohlgrie\u00df\",\"feta\",\"gesund\",\"panade\",\"Petersilie\",\"Salat\",\"tabbouleh\",\"taboul\u00e9\",\"vegetarisch\"],\"articleSection\":{\"1\":\"Ge-kocht\",\"2\":\"Ge-tan\"},\"inLanguage\":\"de\",\"potentialAction\":[{\"@type\":\"CommentAction\",\"name\":\"Comment\",\"target\":[\"https:\\\/\\\/www.ge-sagt.de\\\/index.php\\\/ge-kocht-blumenkohl-tabbouleh-mit-paniertem-feta\\\/#respond\"]}]},{\"@type\":\"WebPage\",\"@id\":\"https:\\\/\\\/www.ge-sagt.de\\\/index.php\\\/ge-kocht-blumenkohl-tabbouleh-mit-paniertem-feta\\\/\",\"url\":\"https:\\\/\\\/www.ge-sagt.de\\\/index.php\\\/ge-kocht-blumenkohl-tabbouleh-mit-paniertem-feta\\\/\",\"name\":\"Ge-kocht: Blumenkohl-Tabbouleh mit paniertem Feta\",\"isPartOf\":{\"@id\":\"https:\\\/\\\/www.ge-sagt.de\\\/#website\"},\"primaryImageOfPage\":{\"@id\":\"https:\\\/\\\/www.ge-sagt.de\\\/index.php\\\/ge-kocht-blumenkohl-tabbouleh-mit-paniertem-feta\\\/#primaryimage\"},\"image\":{\"@id\":\"https:\\\/\\\/www.ge-sagt.de\\\/index.php\\\/ge-kocht-blumenkohl-tabbouleh-mit-paniertem-feta\\\/#primaryimage\"},\"thumbnailUrl\":\"https:\\\/\\\/www.ge-sagt.de\\\/wp-content\\\/uploads\\\/2015\\\/03\\\/blumenkohltabouleh-1.jpg\",\"datePublished\":\"2015-03-06T16:43:23+00:00\",\"dateModified\":\"2016-10-25T12:06:22+00:00\",\"author\":{\"@id\":\"https:\\\/\\\/www.ge-sagt.de\\\/#\\\/schema\\\/person\\\/f6ec6da1209901fb058ae74d414f295d\"},\"description\":\"Ge-kocht: Blumenkohl-Tabbouleh mit paniertem Feta - ein Rezept f\u00fcr ein leichtes vegetarisches Fr\u00fchlingsgericht\",\"breadcrumb\":{\"@id\":\"https:\\\/\\\/www.ge-sagt.de\\\/index.php\\\/ge-kocht-blumenkohl-tabbouleh-mit-paniertem-feta\\\/#breadcrumb\"},\"inLanguage\":\"de\",\"potentialAction\":[{\"@type\":\"ReadAction\",\"target\":[\"https:\\\/\\\/www.ge-sagt.de\\\/index.php\\\/ge-kocht-blumenkohl-tabbouleh-mit-paniertem-feta\\\/\"]}]},{\"@type\":\"ImageObject\",\"inLanguage\":\"de\",\"@id\":\"https:\\\/\\\/www.ge-sagt.de\\\/index.php\\\/ge-kocht-blumenkohl-tabbouleh-mit-paniertem-feta\\\/#primaryimage\",\"url\":\"https:\\\/\\\/www.ge-sagt.de\\\/wp-content\\\/uploads\\\/2015\\\/03\\\/blumenkohltabouleh-1.jpg\",\"contentUrl\":\"https:\\\/\\\/www.ge-sagt.de\\\/wp-content\\\/uploads\\\/2015\\\/03\\\/blumenkohltabouleh-1.jpg\",\"width\":800,\"height\":586},{\"@type\":\"BreadcrumbList\",\"@id\":\"https:\\\/\\\/www.ge-sagt.de\\\/index.php\\\/ge-kocht-blumenkohl-tabbouleh-mit-paniertem-feta\\\/#breadcrumb\",\"itemListElement\":[{\"@type\":\"ListItem\",\"position\":1,\"name\":\"Home\",\"item\":\"https:\\\/\\\/www.ge-sagt.de\\\/\"},{\"@type\":\"ListItem\",\"position\":2,\"name\":\"Ge-kocht: Blumenkohl-Tabbouleh mit paniertem Feta\"}]},{\"@type\":\"WebSite\",\"@id\":\"https:\\\/\\\/www.ge-sagt.de\\\/#website\",\"url\":\"https:\\\/\\\/www.ge-sagt.de\\\/\",\"name\":\"ge-sagt.de\",\"description\":\"Gesa denkt, sagt und tut auf diesem Blog\",\"potentialAction\":[{\"@type\":\"SearchAction\",\"target\":{\"@type\":\"EntryPoint\",\"urlTemplate\":\"https:\\\/\\\/www.ge-sagt.de\\\/?s={search_term_string}\"},\"query-input\":{\"@type\":\"PropertyValueSpecification\",\"valueRequired\":true,\"valueName\":\"search_term_string\"}}],\"inLanguage\":\"de\"},{\"@type\":\"Person\",\"@id\":\"https:\\\/\\\/www.ge-sagt.de\\\/#\\\/schema\\\/person\\\/f6ec6da1209901fb058ae74d414f295d\",\"name\":\"Gesa\",\"image\":{\"@type\":\"ImageObject\",\"inLanguage\":\"de\",\"@id\":\"https:\\\/\\\/secure.gravatar.com\\\/avatar\\\/b2210b745bd73a1286fa46a53ee66332ba91d4de884ca4cdeaa854740a7b03a0?s=96&d=mm&r=g\",\"url\":\"https:\\\/\\\/secure.gravatar.com\\\/avatar\\\/b2210b745bd73a1286fa46a53ee66332ba91d4de884ca4cdeaa854740a7b03a0?s=96&d=mm&r=g\",\"contentUrl\":\"https:\\\/\\\/secure.gravatar.com\\\/avatar\\\/b2210b745bd73a1286fa46a53ee66332ba91d4de884ca4cdeaa854740a7b03a0?s=96&d=mm&r=g\",\"caption\":\"Gesa\"},\"url\":\"https:\\\/\\\/www.ge-sagt.de\\\/index.php\\\/author\\\/gesa\\\/\"}]}<\/script>\n<!-- \/ Yoast SEO plugin. -->","yoast_head_json":{"title":"Ge-kocht: Blumenkohl-Tabbouleh mit paniertem Feta","description":"Ge-kocht: Blumenkohl-Tabbouleh mit paniertem Feta - ein Rezept f\u00fcr ein leichtes vegetarisches Fr\u00fchlingsgericht","robots":{"index":"index","follow":"follow","max-snippet":"max-snippet:-1","max-image-preview":"max-image-preview:large","max-video-preview":"max-video-preview:-1"},"canonical":"https:\/\/www.ge-sagt.de\/index.php\/ge-kocht-blumenkohl-tabbouleh-mit-paniertem-feta\/","og_locale":"de_DE","og_type":"article","og_title":"Ge-kocht: Blumenkohl-Tabbouleh mit paniertem Feta","og_description":"Ge-kocht: Blumenkohl-Tabbouleh mit paniertem Feta - ein Rezept f\u00fcr ein leichtes vegetarisches Fr\u00fchlingsgericht","og_url":"https:\/\/www.ge-sagt.de\/index.php\/ge-kocht-blumenkohl-tabbouleh-mit-paniertem-feta\/","og_site_name":"ge-sagt.de","article_published_time":"2015-03-06T16:43:23+00:00","article_modified_time":"2016-10-25T12:06:22+00:00","og_image":[{"width":800,"height":586,"url":"https:\/\/www.ge-sagt.de\/wp-content\/uploads\/2015\/03\/blumenkohltabouleh-1.jpg","type":"image\/jpeg"}],"author":"Gesa","twitter_misc":{"Verfasst von":"Gesa","Gesch\u00e4tzte Lesezeit":"2\u00a0Minuten"},"schema":{"@context":"https:\/\/schema.org","@graph":[{"@type":"Article","@id":"https:\/\/www.ge-sagt.de\/index.php\/ge-kocht-blumenkohl-tabbouleh-mit-paniertem-feta\/#article","isPartOf":{"@id":"https:\/\/www.ge-sagt.de\/index.php\/ge-kocht-blumenkohl-tabbouleh-mit-paniertem-feta\/"},"author":{"name":"Gesa","@id":"https:\/\/www.ge-sagt.de\/#\/schema\/person\/f6ec6da1209901fb058ae74d414f295d"},"headline":"Ge-kocht: Blumenkohl-Tabbouleh mit paniertem Feta","datePublished":"2015-03-06T16:43:23+00:00","dateModified":"2016-10-25T12:06:22+00:00","mainEntityOfPage":{"@id":"https:\/\/www.ge-sagt.de\/index.php\/ge-kocht-blumenkohl-tabbouleh-mit-paniertem-feta\/"},"wordCount":493,"commentCount":1,"image":{"@id":"https:\/\/www.ge-sagt.de\/index.php\/ge-kocht-blumenkohl-tabbouleh-mit-paniertem-feta\/#primaryimage"},"thumbnailUrl":"https:\/\/www.ge-sagt.de\/wp-content\/uploads\/2015\/03\/blumenkohltabouleh-1.jpg","keywords":["blumenkohl","blumenkohlgrie\u00df","feta","gesund","panade","Petersilie","Salat","tabbouleh","taboul\u00e9","vegetarisch"],"articleSection":{"1":"Ge-kocht","2":"Ge-tan"},"inLanguage":"de","potentialAction":[{"@type":"CommentAction","name":"Comment","target":["https:\/\/www.ge-sagt.de\/index.php\/ge-kocht-blumenkohl-tabbouleh-mit-paniertem-feta\/#respond"]}]},{"@type":"WebPage","@id":"https:\/\/www.ge-sagt.de\/index.php\/ge-kocht-blumenkohl-tabbouleh-mit-paniertem-feta\/","url":"https:\/\/www.ge-sagt.de\/index.php\/ge-kocht-blumenkohl-tabbouleh-mit-paniertem-feta\/","name":"Ge-kocht: Blumenkohl-Tabbouleh mit paniertem Feta","isPartOf":{"@id":"https:\/\/www.ge-sagt.de\/#website"},"primaryImageOfPage":{"@id":"https:\/\/www.ge-sagt.de\/index.php\/ge-kocht-blumenkohl-tabbouleh-mit-paniertem-feta\/#primaryimage"},"image":{"@id":"https:\/\/www.ge-sagt.de\/index.php\/ge-kocht-blumenkohl-tabbouleh-mit-paniertem-feta\/#primaryimage"},"thumbnailUrl":"https:\/\/www.ge-sagt.de\/wp-content\/uploads\/2015\/03\/blumenkohltabouleh-1.jpg","datePublished":"2015-03-06T16:43:23+00:00","dateModified":"2016-10-25T12:06:22+00:00","author":{"@id":"https:\/\/www.ge-sagt.de\/#\/schema\/person\/f6ec6da1209901fb058ae74d414f295d"},"description":"Ge-kocht: Blumenkohl-Tabbouleh mit paniertem Feta - ein Rezept f\u00fcr ein leichtes vegetarisches Fr\u00fchlingsgericht","breadcrumb":{"@id":"https:\/\/www.ge-sagt.de\/index.php\/ge-kocht-blumenkohl-tabbouleh-mit-paniertem-feta\/#breadcrumb"},"inLanguage":"de","potentialAction":[{"@type":"ReadAction","target":["https:\/\/www.ge-sagt.de\/index.php\/ge-kocht-blumenkohl-tabbouleh-mit-paniertem-feta\/"]}]},{"@type":"ImageObject","inLanguage":"de","@id":"https:\/\/www.ge-sagt.de\/index.php\/ge-kocht-blumenkohl-tabbouleh-mit-paniertem-feta\/#primaryimage","url":"https:\/\/www.ge-sagt.de\/wp-content\/uploads\/2015\/03\/blumenkohltabouleh-1.jpg","contentUrl":"https:\/\/www.ge-sagt.de\/wp-content\/uploads\/2015\/03\/blumenkohltabouleh-1.jpg","width":800,"height":586},{"@type":"BreadcrumbList","@id":"https:\/\/www.ge-sagt.de\/index.php\/ge-kocht-blumenkohl-tabbouleh-mit-paniertem-feta\/#breadcrumb","itemListElement":[{"@type":"ListItem","position":1,"name":"Home","item":"https:\/\/www.ge-sagt.de\/"},{"@type":"ListItem","position":2,"name":"Ge-kocht: Blumenkohl-Tabbouleh mit paniertem Feta"}]},{"@type":"WebSite","@id":"https:\/\/www.ge-sagt.de\/#website","url":"https:\/\/www.ge-sagt.de\/","name":"ge-sagt.de","description":"Gesa denkt, sagt und tut auf diesem Blog","potentialAction":[{"@type":"SearchAction","target":{"@type":"EntryPoint","urlTemplate":"https:\/\/www.ge-sagt.de\/?s={search_term_string}"},"query-input":{"@type":"PropertyValueSpecification","valueRequired":true,"valueName":"search_term_string"}}],"inLanguage":"de"},{"@type":"Person","@id":"https:\/\/www.ge-sagt.de\/#\/schema\/person\/f6ec6da1209901fb058ae74d414f295d","name":"Gesa","image":{"@type":"ImageObject","inLanguage":"de","@id":"https:\/\/secure.gravatar.com\/avatar\/b2210b745bd73a1286fa46a53ee66332ba91d4de884ca4cdeaa854740a7b03a0?s=96&d=mm&r=g","url":"https:\/\/secure.gravatar.com\/avatar\/b2210b745bd73a1286fa46a53ee66332ba91d4de884ca4cdeaa854740a7b03a0?s=96&d=mm&r=g","contentUrl":"https:\/\/secure.gravatar.com\/avatar\/b2210b745bd73a1286fa46a53ee66332ba91d4de884ca4cdeaa854740a7b03a0?s=96&d=mm&r=g","caption":"Gesa"},"url":"https:\/\/www.ge-sagt.de\/index.php\/author\/gesa\/"}]}},"jetpack_publicize_connections":[],"jetpack_shortlink":"https:\/\/wp.me\/p3aAW4-yA","jetpack_sharing_enabled":true,"jetpack_featured_media_url":"https:\/\/www.ge-sagt.de\/wp-content\/uploads\/2015\/03\/blumenkohltabouleh-1.jpg","_links":{"self":[{"href":"https:\/\/www.ge-sagt.de\/index.php\/wp-json\/wp\/v2\/posts\/2144","targetHints":{"allow":["GET"]}}],"collection":[{"href":"https:\/\/www.ge-sagt.de\/index.php\/wp-json\/wp\/v2\/posts"}],"about":[{"href":"https:\/\/www.ge-sagt.de\/index.php\/wp-json\/wp\/v2\/types\/post"}],"author":[{"embeddable":true,"href":"https:\/\/www.ge-sagt.de\/index.php\/wp-json\/wp\/v2\/users\/2"}],"replies":[{"embeddable":true,"href":"https:\/\/www.ge-sagt.de\/index.php\/wp-json\/wp\/v2\/comments?post=2144"}],"version-history":[{"count":6,"href":"https:\/\/www.ge-sagt.de\/index.php\/wp-json\/wp\/v2\/posts\/2144\/revisions"}],"predecessor-version":[{"id":2154,"href":"https:\/\/www.ge-sagt.de\/index.php\/wp-json\/wp\/v2\/posts\/2144\/revisions\/2154"}],"wp:featuredmedia":[{"embeddable":true,"href":"https:\/\/www.ge-sagt.de\/index.php\/wp-json\/wp\/v2\/media\/2146"}],"wp:attachment":[{"href":"https:\/\/www.ge-sagt.de\/index.php\/wp-json\/wp\/v2\/media?parent=2144"}],"wp:term":[{"taxonomy":"category","embeddable":true,"href":"https:\/\/www.ge-sagt.de\/index.php\/wp-json\/wp\/v2\/categories?post=2144"},{"taxonomy":"post_tag","embeddable":true,"href":"https:\/\/www.ge-sagt.de\/index.php\/wp-json\/wp\/v2\/tags?post=2144"}],"curies":[{"name":"wp","href":"https:\/\/api.w.org\/{rel}","templated":true}]}}