{"id":2101,"date":"2015-01-27T20:41:29","date_gmt":"2015-01-27T19:41:29","guid":{"rendered":"http:\/\/www.ge-sagt.de\/?p=2101"},"modified":"2016-10-25T14:06:22","modified_gmt":"2016-10-25T12:06:22","slug":"ge-kocht-selbst-gemachte-kaese-spaetzle","status":"publish","type":"post","link":"https:\/\/www.ge-sagt.de\/index.php\/ge-kocht-selbst-gemachte-kaese-spaetzle\/","title":{"rendered":"Ge-kocht: selbst gemachte K\u00e4se-Sp\u00e4tzle"},"content":{"rendered":"<p><img decoding=\"async\" data-attachment-id=\"2048\" data-permalink=\"https:\/\/www.ge-sagt.de\/index.php\/ge-kocht-selbst-gemachte-kaese-spaetzle\/spa%cc%88tzle-detail-gesagt\/\" data-orig-file=\"https:\/\/www.ge-sagt.de\/wp-content\/uploads\/2014\/12\/spa\u0308tzle-detail-gesagt.jpg\" data-orig-size=\"800,533\" data-comments-opened=\"1\" data-image-meta=\"{&quot;aperture&quot;:&quot;1.8&quot;,&quot;credit&quot;:&quot;&quot;,&quot;camera&quot;:&quot;Canon EOS 1000D&quot;,&quot;caption&quot;:&quot;&quot;,&quot;created_timestamp&quot;:&quot;1395585850&quot;,&quot;copyright&quot;:&quot;&quot;,&quot;focal_length&quot;:&quot;50&quot;,&quot;iso&quot;:&quot;200&quot;,&quot;shutter_speed&quot;:&quot;0.02&quot;,&quot;title&quot;:&quot;&quot;}\" data-image-title=\"spa\u0308tzle detail gesagt\" data-image-description=\"\" data-image-caption=\"\" data-large-file=\"https:\/\/www.ge-sagt.de\/wp-content\/uploads\/2014\/12\/spa\u0308tzle-detail-gesagt.jpg\" class=\"aligncenter wp-image-2048 size-medium\" src=\"http:\/\/www.ge-sagt.de\/wp-content\/uploads\/2014\/12\/spa\u0308tzle-detail-gesagt-600x399.jpg\" alt=\"selbst gemachte K\u00e4se-Sp\u00e4tzle\" width=\"600\" height=\"399\" srcset=\"https:\/\/www.ge-sagt.de\/wp-content\/uploads\/2014\/12\/spa\u0308tzle-detail-gesagt-600x399.jpg 600w, https:\/\/www.ge-sagt.de\/wp-content\/uploads\/2014\/12\/spa\u0308tzle-detail-gesagt.jpg 800w\" sizes=\"(max-width: 600px) 100vw, 600px\" \/><\/p>\n<p style=\"text-align: justify;\">Aber jetzt muss es hier auch mal wieder los gehen, heute gibt es selbst gemachte K\u00e4se-Sp\u00e4tzle! Was ist denn hier passiert in der letzten Zeit? So ruhig? Da muss man jetzt aber wirklich mal durchgreifen! Auf an den Herd und kochen! Und bei diesem Wetter geht doch nichts \u00fcber so richtig z\u00fcnftiges Soulfood &#8211; K\u00e4sesp\u00e4tzle selbst gemacht. \u00c4hm, h\u00fcstel&#8230;.also&#8230;.Sp\u00e4tzlebeauftragter ist bei uns mein Mann. Also sind die Sp\u00e4tzle nicht von mir selbst gemacht, aber vom fabelhaftem Traummann. Macht sie eigentlich nur noch besser!<\/p>\n<p style=\"text-align: justify;\">Bei Sp\u00e4tzle gibt es ja die unterschiedlichen Varianten sie selbst zu machen &#8211; schaben, hobeln\u00a0oder pressen scheint wirklich eine Glaubensfrage zu sein. Bei uns wird gepresst &#8211; so, basta, damit wisst Ihr Bescheid. Ich wei\u00df nicht welche Variante besser oder schlechter ist, f\u00fcr uns ist die Sp\u00e4tzlepresse schlichtweg einfacher. Insgesamt ist Sp\u00e4tzle selbst zu machen eigentlich ziemlich einfach. Man braucht nur ein paar gute Tipps: F\u00fcr den Teig braucht Ihr folgende Zutaten:<\/p>\n<p><img decoding=\"async\" data-attachment-id=\"2105\" data-permalink=\"https:\/\/www.ge-sagt.de\/index.php\/ge-kocht-selbst-gemachte-kaese-spaetzle\/spa%cc%88tzle-rezept\/\" data-orig-file=\"https:\/\/www.ge-sagt.de\/wp-content\/uploads\/2015\/01\/Spa\u0308tzle-Rezept.jpg\" data-orig-size=\"329,364\" data-comments-opened=\"1\" data-image-meta=\"{&quot;aperture&quot;:&quot;0&quot;,&quot;credit&quot;:&quot;&quot;,&quot;camera&quot;:&quot;&quot;,&quot;caption&quot;:&quot;&quot;,&quot;created_timestamp&quot;:&quot;0&quot;,&quot;copyright&quot;:&quot;&quot;,&quot;focal_length&quot;:&quot;0&quot;,&quot;iso&quot;:&quot;0&quot;,&quot;shutter_speed&quot;:&quot;0&quot;,&quot;title&quot;:&quot;&quot;}\" data-image-title=\"Spa\u0308tzle Rezept\" data-image-description=\"\" data-image-caption=\"\" data-large-file=\"https:\/\/www.ge-sagt.de\/wp-content\/uploads\/2015\/01\/Spa\u0308tzle-Rezept.jpg\" class=\"aligncenter size-full wp-image-2105\" src=\"http:\/\/www.ge-sagt.de\/wp-content\/uploads\/2015\/01\/Spa\u0308tzle-Rezept.jpg\" alt=\"Spa\u0308tzle Rezept\" width=\"329\" height=\"364\" \/><\/p>\n<p>&nbsp;<\/p>\n<p><img decoding=\"async\" data-attachment-id=\"2047\" data-permalink=\"https:\/\/www.ge-sagt.de\/index.php\/ge-kocht-selbst-gemachte-kaese-spaetzle\/spa%cc%88tzle-mit-zwiebel-und-presse-gesagt\/\" data-orig-file=\"https:\/\/www.ge-sagt.de\/wp-content\/uploads\/2014\/12\/Spa\u0308tzle-mit-Zwiebel-und-Presse-gesagt.jpg\" data-orig-size=\"800,550\" data-comments-opened=\"1\" data-image-meta=\"{&quot;aperture&quot;:&quot;1.8&quot;,&quot;credit&quot;:&quot;&quot;,&quot;camera&quot;:&quot;Canon EOS 1000D&quot;,&quot;caption&quot;:&quot;&quot;,&quot;created_timestamp&quot;:&quot;1395585790&quot;,&quot;copyright&quot;:&quot;&quot;,&quot;focal_length&quot;:&quot;50&quot;,&quot;iso&quot;:&quot;200&quot;,&quot;shutter_speed&quot;:&quot;0.02&quot;,&quot;title&quot;:&quot;&quot;}\" data-image-title=\"Spa\u0308tzle mit Zwiebel und Presse gesagt\" data-image-description=\"\" data-image-caption=\"\" data-large-file=\"https:\/\/www.ge-sagt.de\/wp-content\/uploads\/2014\/12\/Spa\u0308tzle-mit-Zwiebel-und-Presse-gesagt.jpg\" class=\"aligncenter wp-image-2047 size-medium\" src=\"http:\/\/www.ge-sagt.de\/wp-content\/uploads\/2014\/12\/Spa\u0308tzle-mit-Zwiebel-und-Presse-gesagt-600x412.jpg\" alt=\"selbst gemachte K\u00e4se-Sp\u00e4tzle\" width=\"600\" height=\"412\" srcset=\"https:\/\/www.ge-sagt.de\/wp-content\/uploads\/2014\/12\/Spa\u0308tzle-mit-Zwiebel-und-Presse-gesagt-600x412.jpg 600w, https:\/\/www.ge-sagt.de\/wp-content\/uploads\/2014\/12\/Spa\u0308tzle-mit-Zwiebel-und-Presse-gesagt.jpg 800w\" sizes=\"(max-width: 600px) 100vw, 600px\" \/><\/p>\n<p style=\"text-align: justify;\">Der Teig wird bei uns mit dem K\u00fcchenmixer zubereitet (Knethaken verwenden!) &#8211; zun\u00e4chst das Mehl mit den Eiern und Salz verr\u00fchren und peu-\u00e1-peu Wasser hinzugeben bis eine klebrige, puddingartige Konsistenz erreicht ist. Wasser mit Kohlens\u00e4ure zu verwenden, h\u00e4lt mein Mann als Badener f\u00fcr &#8222;schw\u00e4bischen Firlefanz&#8220;, der Teig wird nicht fluffiger wenn die Kohlens\u00e4ure eh rausger\u00fchrt wird.<br \/>\nDann wird der Teig mit der Sp\u00e4tzlepresse in siedendes Salzwasser gepresst. Sobald die Sp\u00e4tzle gar sind, schwimmen sie an die Wasseroberfl\u00e4che und k\u00f6nnen dort ganz einfach mit einer Schaumkelle abgesch\u00f6pft werden. Anschlie\u00dfend geben wir sie in einen Topf mit kaltem Wasser. Dadurch kleben die Sp\u00e4tzle nicht so\u00a0stark aneinander. Schlie\u00dflich werden sie abgegossen und k\u00f6nnen direkt weiter verarbeitet werden zu K\u00e4sesp\u00e4tzle. Oder man benutzt sie pur als Beilage.<\/p>\n<p style=\"text-align: justify;\">Wenn Ihr K\u00e4sesp\u00e4tzle machen wollt, ist der K\u00e4se tats\u00e4chlich der ausschlaggebende Geschmackstr\u00e4ger.\u00a0 F\u00fcr richtig geschmackvolle K\u00e4sesp\u00e4tzle sollte man also eher nicht den fertig geriebenen T\u00fctenk\u00e4se verwenden, sondern vielleicht lieber selbst ein bisschen original Emmentaler oder Greyerzer reiben. Ich empfehle eine Mischung aus beiden Sorten, entweder 1:1 f\u00fcr einen st\u00e4rkeren Geschmack oder 2:1 wer es etwas milder bevorzugt.\u00a0 Bergk\u00e4se geht nat\u00fcrlich auch. Zun\u00e4chst werden die Zwiebeln geviertelt und in d\u00fcnne Ringe geschnitten. Dann werden sie in einer gro\u00dfen Pfanne in Butterschmalz goldbraun angebraten. Wer mag kann nat\u00fcrlich noch W\u00fcrfel von Schinkenspeck hinzuf\u00fcgen. Dann werden die Sp\u00e4tzle hinzu gegeben und gut durchgemischt. Pfeffern und leicht Salzen und dann den K\u00e4se zugeben. Alles noch mal gut mischen und so lange weiter anbraten, bis der K\u00e4se komplett geschmolzen ist. Dazu vielleicht noch einen frischen Salat und schon ist dieses wunderbare Winteressen fertig! Ach, ich liebe selbst gemacht Sp\u00e4tzle. Habt Ihr es schon mal probiert?<\/p>\n<p>Liebe Gr\u00fc\u00dfe und Guten Appetit,<\/p>\n<p>Gesa<\/p>\n<p>&nbsp;<\/p>\n<p><img decoding=\"async\" data-attachment-id=\"2046\" data-permalink=\"https:\/\/www.ge-sagt.de\/index.php\/ge-kocht-selbst-gemachte-kaese-spaetzle\/spa%cc%88tzle-mit-zwiebel-und-presse-hell-gesagt\/\" data-orig-file=\"https:\/\/www.ge-sagt.de\/wp-content\/uploads\/2014\/12\/Spa\u0308tzle-mit-Zwiebel-und-Presse-hell-gesagt.jpg\" data-orig-size=\"800,533\" data-comments-opened=\"1\" data-image-meta=\"{&quot;aperture&quot;:&quot;1.8&quot;,&quot;credit&quot;:&quot;&quot;,&quot;camera&quot;:&quot;Canon EOS 1000D&quot;,&quot;caption&quot;:&quot;&quot;,&quot;created_timestamp&quot;:&quot;1395585980&quot;,&quot;copyright&quot;:&quot;&quot;,&quot;focal_length&quot;:&quot;50&quot;,&quot;iso&quot;:&quot;500&quot;,&quot;shutter_speed&quot;:&quot;0.02&quot;,&quot;title&quot;:&quot;&quot;}\" data-image-title=\"Spa\u0308tzle mit Zwiebel und Presse hell gesagt\" data-image-description=\"\" data-image-caption=\"\" data-large-file=\"https:\/\/www.ge-sagt.de\/wp-content\/uploads\/2014\/12\/Spa\u0308tzle-mit-Zwiebel-und-Presse-hell-gesagt.jpg\" class=\"aligncenter wp-image-2046 size-medium\" src=\"http:\/\/www.ge-sagt.de\/wp-content\/uploads\/2014\/12\/Spa\u0308tzle-mit-Zwiebel-und-Presse-hell-gesagt-600x399.jpg\" alt=\"selbst gemachte K\u00e4se-Sp\u00e4tzle\" width=\"600\" height=\"399\" srcset=\"https:\/\/www.ge-sagt.de\/wp-content\/uploads\/2014\/12\/Spa\u0308tzle-mit-Zwiebel-und-Presse-hell-gesagt-600x399.jpg 600w, https:\/\/www.ge-sagt.de\/wp-content\/uploads\/2014\/12\/Spa\u0308tzle-mit-Zwiebel-und-Presse-hell-gesagt.jpg 800w\" sizes=\"(max-width: 600px) 100vw, 600px\" \/><\/p>\n","protected":false},"excerpt":{"rendered":"<p>Aber jetzt muss es hier auch mal wieder los gehen, heute gibt es selbst gemachte K\u00e4se-Sp\u00e4tzle! Was ist denn hier passiert in der letzten Zeit? So ruhig? Da muss man jetzt aber wirklich mal durchgreifen! Auf an den Herd und kochen! Und bei diesem Wetter geht doch nichts \u00fcber so richtig z\u00fcnftiges Soulfood &#8211; K\u00e4sesp\u00e4tzle [&hellip;]<\/p>\n","protected":false},"author":2,"featured_media":2047,"comment_status":"open","ping_status":"open","sticky":false,"template":"","format":"standard","meta":{"jetpack_post_was_ever_published":false,"_jetpack_newsletter_access":"","_jetpack_dont_email_post_to_subs":true,"_jetpack_newsletter_tier_id":0,"_jetpack_memberships_contains_paywalled_content":false,"_jetpack_memberships_contains_paid_content":false,"footnotes":"","jetpack_publicize_message":"","jetpack_publicize_feature_enabled":true,"jetpack_social_post_already_shared":true,"jetpack_social_options":{"image_generator_settings":{"template":"highway","default_image_id":0,"font":"","enabled":false},"version":2}},"categories":[10,4],"tags":[248,437,436,439,438],"class_list":["post-2101","post","type-post","status-publish","format-standard","has-post-thumbnail","hentry","category-ge-kocht","category-ge-tan","tag-kaese","tag-soulfood","tag-spaetzle","tag-spaetzlepresse","tag-winteressen"],"yoast_head":"<!-- This site is optimized with the Yoast SEO plugin v27.5 - https:\/\/yoast.com\/product\/yoast-seo-wordpress\/ -->\n<title>Ge-kocht: selbst gemachte K\u00e4se-Sp\u00e4tzle<\/title>\n<meta name=\"description\" content=\"In der Rubrik Ge-kocht findet ihr hier ein Rezept f\u00fcr selbst gemachte K\u00e4se-Sp\u00e4tzle\" \/>\n<meta name=\"robots\" content=\"index, follow, max-snippet:-1, max-image-preview:large, max-video-preview:-1\" \/>\n<link rel=\"canonical\" href=\"https:\/\/www.ge-sagt.de\/index.php\/ge-kocht-selbst-gemachte-kaese-spaetzle\/\" \/>\n<meta property=\"og:locale\" content=\"de_DE\" \/>\n<meta property=\"og:type\" content=\"article\" \/>\n<meta property=\"og:title\" content=\"Ge-kocht: selbst gemachte K\u00e4se-Sp\u00e4tzle\" \/>\n<meta property=\"og:description\" content=\"In der Rubrik Ge-kocht findet ihr hier ein Rezept f\u00fcr selbst gemachte K\u00e4se-Sp\u00e4tzle\" \/>\n<meta property=\"og:url\" content=\"https:\/\/www.ge-sagt.de\/index.php\/ge-kocht-selbst-gemachte-kaese-spaetzle\/\" \/>\n<meta property=\"og:site_name\" content=\"ge-sagt.de\" \/>\n<meta property=\"article:published_time\" content=\"2015-01-27T19:41:29+00:00\" \/>\n<meta property=\"article:modified_time\" content=\"2016-10-25T12:06:22+00:00\" \/>\n<meta property=\"og:image\" content=\"https:\/\/www.ge-sagt.de\/wp-content\/uploads\/2014\/12\/Spa\u0308tzle-mit-Zwiebel-und-Presse-gesagt.jpg\" \/>\n\t<meta property=\"og:image:width\" content=\"800\" \/>\n\t<meta property=\"og:image:height\" content=\"550\" \/>\n\t<meta property=\"og:image:type\" content=\"image\/jpeg\" \/>\n<meta name=\"author\" content=\"Gesa\" \/>\n<meta name=\"twitter:label1\" content=\"Verfasst von\" \/>\n\t<meta name=\"twitter:data1\" content=\"Gesa\" \/>\n\t<meta name=\"twitter:label2\" content=\"Gesch\u00e4tzte Lesezeit\" \/>\n\t<meta name=\"twitter:data2\" content=\"2\u00a0Minuten\" \/>\n<script type=\"application\/ld+json\" class=\"yoast-schema-graph\">{\"@context\":\"https:\\\/\\\/schema.org\",\"@graph\":[{\"@type\":\"Article\",\"@id\":\"https:\\\/\\\/www.ge-sagt.de\\\/index.php\\\/ge-kocht-selbst-gemachte-kaese-spaetzle\\\/#article\",\"isPartOf\":{\"@id\":\"https:\\\/\\\/www.ge-sagt.de\\\/index.php\\\/ge-kocht-selbst-gemachte-kaese-spaetzle\\\/\"},\"author\":{\"name\":\"Gesa\",\"@id\":\"https:\\\/\\\/www.ge-sagt.de\\\/#\\\/schema\\\/person\\\/f6ec6da1209901fb058ae74d414f295d\"},\"headline\":\"Ge-kocht: selbst gemachte K\u00e4se-Sp\u00e4tzle\",\"datePublished\":\"2015-01-27T19:41:29+00:00\",\"dateModified\":\"2016-10-25T12:06:22+00:00\",\"mainEntityOfPage\":{\"@id\":\"https:\\\/\\\/www.ge-sagt.de\\\/index.php\\\/ge-kocht-selbst-gemachte-kaese-spaetzle\\\/\"},\"wordCount\":503,\"commentCount\":2,\"image\":{\"@id\":\"https:\\\/\\\/www.ge-sagt.de\\\/index.php\\\/ge-kocht-selbst-gemachte-kaese-spaetzle\\\/#primaryimage\"},\"thumbnailUrl\":\"https:\\\/\\\/www.ge-sagt.de\\\/wp-content\\\/uploads\\\/2014\\\/12\\\/Spa\u0308tzle-mit-Zwiebel-und-Presse-gesagt.jpg\",\"keywords\":[\"K\u00e4se\",\"Soulfood\",\"Sp\u00e4tzle\",\"Sp\u00e4tzlepresse\",\"Winteressen\"],\"articleSection\":[\"Ge-kocht\",\"Ge-tan\"],\"inLanguage\":\"de\",\"potentialAction\":[{\"@type\":\"CommentAction\",\"name\":\"Comment\",\"target\":[\"https:\\\/\\\/www.ge-sagt.de\\\/index.php\\\/ge-kocht-selbst-gemachte-kaese-spaetzle\\\/#respond\"]}]},{\"@type\":\"WebPage\",\"@id\":\"https:\\\/\\\/www.ge-sagt.de\\\/index.php\\\/ge-kocht-selbst-gemachte-kaese-spaetzle\\\/\",\"url\":\"https:\\\/\\\/www.ge-sagt.de\\\/index.php\\\/ge-kocht-selbst-gemachte-kaese-spaetzle\\\/\",\"name\":\"Ge-kocht: selbst gemachte K\u00e4se-Sp\u00e4tzle\",\"isPartOf\":{\"@id\":\"https:\\\/\\\/www.ge-sagt.de\\\/#website\"},\"primaryImageOfPage\":{\"@id\":\"https:\\\/\\\/www.ge-sagt.de\\\/index.php\\\/ge-kocht-selbst-gemachte-kaese-spaetzle\\\/#primaryimage\"},\"image\":{\"@id\":\"https:\\\/\\\/www.ge-sagt.de\\\/index.php\\\/ge-kocht-selbst-gemachte-kaese-spaetzle\\\/#primaryimage\"},\"thumbnailUrl\":\"https:\\\/\\\/www.ge-sagt.de\\\/wp-content\\\/uploads\\\/2014\\\/12\\\/Spa\u0308tzle-mit-Zwiebel-und-Presse-gesagt.jpg\",\"datePublished\":\"2015-01-27T19:41:29+00:00\",\"dateModified\":\"2016-10-25T12:06:22+00:00\",\"author\":{\"@id\":\"https:\\\/\\\/www.ge-sagt.de\\\/#\\\/schema\\\/person\\\/f6ec6da1209901fb058ae74d414f295d\"},\"description\":\"In der Rubrik Ge-kocht findet ihr hier ein Rezept f\u00fcr selbst gemachte K\u00e4se-Sp\u00e4tzle\",\"breadcrumb\":{\"@id\":\"https:\\\/\\\/www.ge-sagt.de\\\/index.php\\\/ge-kocht-selbst-gemachte-kaese-spaetzle\\\/#breadcrumb\"},\"inLanguage\":\"de\",\"potentialAction\":[{\"@type\":\"ReadAction\",\"target\":[\"https:\\\/\\\/www.ge-sagt.de\\\/index.php\\\/ge-kocht-selbst-gemachte-kaese-spaetzle\\\/\"]}]},{\"@type\":\"ImageObject\",\"inLanguage\":\"de\",\"@id\":\"https:\\\/\\\/www.ge-sagt.de\\\/index.php\\\/ge-kocht-selbst-gemachte-kaese-spaetzle\\\/#primaryimage\",\"url\":\"https:\\\/\\\/www.ge-sagt.de\\\/wp-content\\\/uploads\\\/2014\\\/12\\\/Spa\u0308tzle-mit-Zwiebel-und-Presse-gesagt.jpg\",\"contentUrl\":\"https:\\\/\\\/www.ge-sagt.de\\\/wp-content\\\/uploads\\\/2014\\\/12\\\/Spa\u0308tzle-mit-Zwiebel-und-Presse-gesagt.jpg\",\"width\":800,\"height\":550},{\"@type\":\"BreadcrumbList\",\"@id\":\"https:\\\/\\\/www.ge-sagt.de\\\/index.php\\\/ge-kocht-selbst-gemachte-kaese-spaetzle\\\/#breadcrumb\",\"itemListElement\":[{\"@type\":\"ListItem\",\"position\":1,\"name\":\"Home\",\"item\":\"https:\\\/\\\/www.ge-sagt.de\\\/\"},{\"@type\":\"ListItem\",\"position\":2,\"name\":\"Ge-kocht: selbst gemachte K\u00e4se-Sp\u00e4tzle\"}]},{\"@type\":\"WebSite\",\"@id\":\"https:\\\/\\\/www.ge-sagt.de\\\/#website\",\"url\":\"https:\\\/\\\/www.ge-sagt.de\\\/\",\"name\":\"ge-sagt.de\",\"description\":\"Gesa denkt, sagt und tut auf diesem Blog\",\"potentialAction\":[{\"@type\":\"SearchAction\",\"target\":{\"@type\":\"EntryPoint\",\"urlTemplate\":\"https:\\\/\\\/www.ge-sagt.de\\\/?s={search_term_string}\"},\"query-input\":{\"@type\":\"PropertyValueSpecification\",\"valueRequired\":true,\"valueName\":\"search_term_string\"}}],\"inLanguage\":\"de\"},{\"@type\":\"Person\",\"@id\":\"https:\\\/\\\/www.ge-sagt.de\\\/#\\\/schema\\\/person\\\/f6ec6da1209901fb058ae74d414f295d\",\"name\":\"Gesa\",\"image\":{\"@type\":\"ImageObject\",\"inLanguage\":\"de\",\"@id\":\"https:\\\/\\\/secure.gravatar.com\\\/avatar\\\/b2210b745bd73a1286fa46a53ee66332ba91d4de884ca4cdeaa854740a7b03a0?s=96&d=mm&r=g\",\"url\":\"https:\\\/\\\/secure.gravatar.com\\\/avatar\\\/b2210b745bd73a1286fa46a53ee66332ba91d4de884ca4cdeaa854740a7b03a0?s=96&d=mm&r=g\",\"contentUrl\":\"https:\\\/\\\/secure.gravatar.com\\\/avatar\\\/b2210b745bd73a1286fa46a53ee66332ba91d4de884ca4cdeaa854740a7b03a0?s=96&d=mm&r=g\",\"caption\":\"Gesa\"},\"url\":\"https:\\\/\\\/www.ge-sagt.de\\\/index.php\\\/author\\\/gesa\\\/\"}]}<\/script>\n<!-- \/ Yoast SEO plugin. -->","yoast_head_json":{"title":"Ge-kocht: selbst gemachte K\u00e4se-Sp\u00e4tzle","description":"In der Rubrik Ge-kocht findet ihr hier ein Rezept f\u00fcr selbst gemachte K\u00e4se-Sp\u00e4tzle","robots":{"index":"index","follow":"follow","max-snippet":"max-snippet:-1","max-image-preview":"max-image-preview:large","max-video-preview":"max-video-preview:-1"},"canonical":"https:\/\/www.ge-sagt.de\/index.php\/ge-kocht-selbst-gemachte-kaese-spaetzle\/","og_locale":"de_DE","og_type":"article","og_title":"Ge-kocht: selbst gemachte K\u00e4se-Sp\u00e4tzle","og_description":"In der Rubrik Ge-kocht findet ihr hier ein Rezept f\u00fcr selbst gemachte K\u00e4se-Sp\u00e4tzle","og_url":"https:\/\/www.ge-sagt.de\/index.php\/ge-kocht-selbst-gemachte-kaese-spaetzle\/","og_site_name":"ge-sagt.de","article_published_time":"2015-01-27T19:41:29+00:00","article_modified_time":"2016-10-25T12:06:22+00:00","og_image":[{"width":800,"height":550,"url":"https:\/\/www.ge-sagt.de\/wp-content\/uploads\/2014\/12\/Spa\u0308tzle-mit-Zwiebel-und-Presse-gesagt.jpg","type":"image\/jpeg"}],"author":"Gesa","twitter_misc":{"Verfasst von":"Gesa","Gesch\u00e4tzte Lesezeit":"2\u00a0Minuten"},"schema":{"@context":"https:\/\/schema.org","@graph":[{"@type":"Article","@id":"https:\/\/www.ge-sagt.de\/index.php\/ge-kocht-selbst-gemachte-kaese-spaetzle\/#article","isPartOf":{"@id":"https:\/\/www.ge-sagt.de\/index.php\/ge-kocht-selbst-gemachte-kaese-spaetzle\/"},"author":{"name":"Gesa","@id":"https:\/\/www.ge-sagt.de\/#\/schema\/person\/f6ec6da1209901fb058ae74d414f295d"},"headline":"Ge-kocht: selbst gemachte K\u00e4se-Sp\u00e4tzle","datePublished":"2015-01-27T19:41:29+00:00","dateModified":"2016-10-25T12:06:22+00:00","mainEntityOfPage":{"@id":"https:\/\/www.ge-sagt.de\/index.php\/ge-kocht-selbst-gemachte-kaese-spaetzle\/"},"wordCount":503,"commentCount":2,"image":{"@id":"https:\/\/www.ge-sagt.de\/index.php\/ge-kocht-selbst-gemachte-kaese-spaetzle\/#primaryimage"},"thumbnailUrl":"https:\/\/www.ge-sagt.de\/wp-content\/uploads\/2014\/12\/Spa\u0308tzle-mit-Zwiebel-und-Presse-gesagt.jpg","keywords":["K\u00e4se","Soulfood","Sp\u00e4tzle","Sp\u00e4tzlepresse","Winteressen"],"articleSection":["Ge-kocht","Ge-tan"],"inLanguage":"de","potentialAction":[{"@type":"CommentAction","name":"Comment","target":["https:\/\/www.ge-sagt.de\/index.php\/ge-kocht-selbst-gemachte-kaese-spaetzle\/#respond"]}]},{"@type":"WebPage","@id":"https:\/\/www.ge-sagt.de\/index.php\/ge-kocht-selbst-gemachte-kaese-spaetzle\/","url":"https:\/\/www.ge-sagt.de\/index.php\/ge-kocht-selbst-gemachte-kaese-spaetzle\/","name":"Ge-kocht: selbst gemachte K\u00e4se-Sp\u00e4tzle","isPartOf":{"@id":"https:\/\/www.ge-sagt.de\/#website"},"primaryImageOfPage":{"@id":"https:\/\/www.ge-sagt.de\/index.php\/ge-kocht-selbst-gemachte-kaese-spaetzle\/#primaryimage"},"image":{"@id":"https:\/\/www.ge-sagt.de\/index.php\/ge-kocht-selbst-gemachte-kaese-spaetzle\/#primaryimage"},"thumbnailUrl":"https:\/\/www.ge-sagt.de\/wp-content\/uploads\/2014\/12\/Spa\u0308tzle-mit-Zwiebel-und-Presse-gesagt.jpg","datePublished":"2015-01-27T19:41:29+00:00","dateModified":"2016-10-25T12:06:22+00:00","author":{"@id":"https:\/\/www.ge-sagt.de\/#\/schema\/person\/f6ec6da1209901fb058ae74d414f295d"},"description":"In der Rubrik Ge-kocht findet ihr hier ein Rezept f\u00fcr selbst gemachte K\u00e4se-Sp\u00e4tzle","breadcrumb":{"@id":"https:\/\/www.ge-sagt.de\/index.php\/ge-kocht-selbst-gemachte-kaese-spaetzle\/#breadcrumb"},"inLanguage":"de","potentialAction":[{"@type":"ReadAction","target":["https:\/\/www.ge-sagt.de\/index.php\/ge-kocht-selbst-gemachte-kaese-spaetzle\/"]}]},{"@type":"ImageObject","inLanguage":"de","@id":"https:\/\/www.ge-sagt.de\/index.php\/ge-kocht-selbst-gemachte-kaese-spaetzle\/#primaryimage","url":"https:\/\/www.ge-sagt.de\/wp-content\/uploads\/2014\/12\/Spa\u0308tzle-mit-Zwiebel-und-Presse-gesagt.jpg","contentUrl":"https:\/\/www.ge-sagt.de\/wp-content\/uploads\/2014\/12\/Spa\u0308tzle-mit-Zwiebel-und-Presse-gesagt.jpg","width":800,"height":550},{"@type":"BreadcrumbList","@id":"https:\/\/www.ge-sagt.de\/index.php\/ge-kocht-selbst-gemachte-kaese-spaetzle\/#breadcrumb","itemListElement":[{"@type":"ListItem","position":1,"name":"Home","item":"https:\/\/www.ge-sagt.de\/"},{"@type":"ListItem","position":2,"name":"Ge-kocht: selbst gemachte K\u00e4se-Sp\u00e4tzle"}]},{"@type":"WebSite","@id":"https:\/\/www.ge-sagt.de\/#website","url":"https:\/\/www.ge-sagt.de\/","name":"ge-sagt.de","description":"Gesa denkt, sagt und tut auf diesem Blog","potentialAction":[{"@type":"SearchAction","target":{"@type":"EntryPoint","urlTemplate":"https:\/\/www.ge-sagt.de\/?s={search_term_string}"},"query-input":{"@type":"PropertyValueSpecification","valueRequired":true,"valueName":"search_term_string"}}],"inLanguage":"de"},{"@type":"Person","@id":"https:\/\/www.ge-sagt.de\/#\/schema\/person\/f6ec6da1209901fb058ae74d414f295d","name":"Gesa","image":{"@type":"ImageObject","inLanguage":"de","@id":"https:\/\/secure.gravatar.com\/avatar\/b2210b745bd73a1286fa46a53ee66332ba91d4de884ca4cdeaa854740a7b03a0?s=96&d=mm&r=g","url":"https:\/\/secure.gravatar.com\/avatar\/b2210b745bd73a1286fa46a53ee66332ba91d4de884ca4cdeaa854740a7b03a0?s=96&d=mm&r=g","contentUrl":"https:\/\/secure.gravatar.com\/avatar\/b2210b745bd73a1286fa46a53ee66332ba91d4de884ca4cdeaa854740a7b03a0?s=96&d=mm&r=g","caption":"Gesa"},"url":"https:\/\/www.ge-sagt.de\/index.php\/author\/gesa\/"}]}},"jetpack_publicize_connections":[],"jetpack_featured_media_url":"https:\/\/www.ge-sagt.de\/wp-content\/uploads\/2014\/12\/Spa\u0308tzle-mit-Zwiebel-und-Presse-gesagt.jpg","jetpack_shortlink":"https:\/\/wp.me\/p3aAW4-xT","jetpack_sharing_enabled":true,"_links":{"self":[{"href":"https:\/\/www.ge-sagt.de\/index.php\/wp-json\/wp\/v2\/posts\/2101","targetHints":{"allow":["GET"]}}],"collection":[{"href":"https:\/\/www.ge-sagt.de\/index.php\/wp-json\/wp\/v2\/posts"}],"about":[{"href":"https:\/\/www.ge-sagt.de\/index.php\/wp-json\/wp\/v2\/types\/post"}],"author":[{"embeddable":true,"href":"https:\/\/www.ge-sagt.de\/index.php\/wp-json\/wp\/v2\/users\/2"}],"replies":[{"embeddable":true,"href":"https:\/\/www.ge-sagt.de\/index.php\/wp-json\/wp\/v2\/comments?post=2101"}],"version-history":[{"count":6,"href":"https:\/\/www.ge-sagt.de\/index.php\/wp-json\/wp\/v2\/posts\/2101\/revisions"}],"predecessor-version":[{"id":2360,"href":"https:\/\/www.ge-sagt.de\/index.php\/wp-json\/wp\/v2\/posts\/2101\/revisions\/2360"}],"wp:featuredmedia":[{"embeddable":true,"href":"https:\/\/www.ge-sagt.de\/index.php\/wp-json\/wp\/v2\/media\/2047"}],"wp:attachment":[{"href":"https:\/\/www.ge-sagt.de\/index.php\/wp-json\/wp\/v2\/media?parent=2101"}],"wp:term":[{"taxonomy":"category","embeddable":true,"href":"https:\/\/www.ge-sagt.de\/index.php\/wp-json\/wp\/v2\/categories?post=2101"},{"taxonomy":"post_tag","embeddable":true,"href":"https:\/\/www.ge-sagt.de\/index.php\/wp-json\/wp\/v2\/tags?post=2101"}],"curies":[{"name":"wp","href":"https:\/\/api.w.org\/{rel}","templated":true}]}}