{"id":2087,"date":"2015-01-06T21:44:11","date_gmt":"2015-01-06T20:44:11","guid":{"rendered":"http:\/\/www.ge-sagt.de\/?p=2087"},"modified":"2016-10-25T14:06:22","modified_gmt":"2016-10-25T12:06:22","slug":"ge-dacht-tschuess-2014","status":"publish","type":"post","link":"https:\/\/www.ge-sagt.de\/index.php\/ge-dacht-tschuess-2014\/","title":{"rendered":"Ge-dacht: Tsch\u00fcss 2014"},"content":{"rendered":"<p><img decoding=\"async\" data-attachment-id=\"2096\" data-permalink=\"https:\/\/www.ge-sagt.de\/index.php\/ge-dacht-tschuess-2014\/feuerwerk\/\" data-orig-file=\"https:\/\/www.ge-sagt.de\/wp-content\/uploads\/2015\/01\/Feuerwerk.jpg\" data-orig-size=\"800,792\" data-comments-opened=\"1\" data-image-meta=\"{&quot;aperture&quot;:&quot;2.2&quot;,&quot;credit&quot;:&quot;&quot;,&quot;camera&quot;:&quot;SM-N910F&quot;,&quot;caption&quot;:&quot;&quot;,&quot;created_timestamp&quot;:&quot;1420071597&quot;,&quot;copyright&quot;:&quot;&quot;,&quot;focal_length&quot;:&quot;4.8&quot;,&quot;iso&quot;:&quot;0&quot;,&quot;shutter_speed&quot;:&quot;0&quot;,&quot;title&quot;:&quot;&quot;}\" data-image-title=\"Feuerwerk\" data-image-description=\"\" data-image-caption=\"\" data-large-file=\"https:\/\/www.ge-sagt.de\/wp-content\/uploads\/2015\/01\/Feuerwerk.jpg\" class=\"aligncenter size-medium wp-image-2096\" src=\"http:\/\/www.ge-sagt.de\/wp-content\/uploads\/2015\/01\/Feuerwerk-600x594.jpg\" alt=\"Feuerwerk\" width=\"600\" height=\"594\" srcset=\"https:\/\/www.ge-sagt.de\/wp-content\/uploads\/2015\/01\/Feuerwerk-52x50.jpg 52w, https:\/\/www.ge-sagt.de\/wp-content\/uploads\/2015\/01\/Feuerwerk-66x66.jpg 66w, https:\/\/www.ge-sagt.de\/wp-content\/uploads\/2015\/01\/Feuerwerk-150x150.jpg 150w, https:\/\/www.ge-sagt.de\/wp-content\/uploads\/2015\/01\/Feuerwerk-600x594.jpg 600w, https:\/\/www.ge-sagt.de\/wp-content\/uploads\/2015\/01\/Feuerwerk.jpg 800w\" sizes=\"(max-width: 600px) 100vw, 600px\" \/><\/p>\n<p>Liebes 2014,<\/p>\n<p style=\"text-align: justify;\">\u00a0es ist schon wieder soweit, Du hast Dich auf den Weg gemacht uns zu verlassen. \u00c4hnlich wie bei <a title=\"Tsch\u00fcss 2013 Artikel\" href=\"http:\/\/www.ge-sagt.de\/index.php\/ge-dacht-tschuess-2013\/\" target=\"_blank\">2013<\/a> m\u00f6chte ich auch Dir einen pers\u00f6nlichen Abschiedsgru\u00df widmen. Schade das Du gehen musst. R\u00fcckblickend betrachtet warst Du so herrlich unaufgeregt, so gen\u00fcgsam still und leise. Nat\u00fcrlich gab es ein paar tolle Highlights: Ich glaube ich konnte an der einen oder anderen Stelle begeistern. Beruflich wie auch privat. Und trotzdem konnte ich dabei bei mir selbst bleiben. Ich bin sehr froh \u00fcber meinen kleinen Blog und es macht mir mit dem neuen Layout noch so viel mehr Spa\u00df! Und trotzdem habe ich die Balance geschafft mich nicht zu sehr unter Druck zu setzen und auch mal eine Woche gar nicht zu posten- ich bin mit mir jetzt im Reinen und denke mir:\u00a0\u00a0Wenn dann bitte auch ein echter Beitrag und kein L\u00fcckenf\u00fcller. Es ist ja mein Hobby und Familie und Beruf gehen nun mal vor. Begeistern konnte ich auf\u00a0 meinem Blog \u00fcbrigens haupts\u00e4chlich mit meinen DIY Beitr\u00e4gen. Meistgelesen waren 2014 die Beitr\u00e4ge zum <a title=\"Ge-bastelt: DIY Schmetterlings-Mobile\" href=\"http:\/\/www.ge-sagt.de\/index.php\/ge-bastelt-diy-schmetterlings-mobile\/\" target=\"_blank\">Schmetterlings-Mobile<\/a>, den <a title=\"Ge-bastelt: DIY Dreiecksverpackung\" href=\"http:\/\/www.ge-sagt.de\/index.php\/ge-bastelt-dreiecksverpackung\/\" target=\"_blank\">Dreiecks-Verpackungen<\/a> und der <a title=\"Ge-strickt: Stricken ist mein neues Yoga\" href=\"http:\/\/www.ge-sagt.de\/index.php\/ge-strickt\/\" target=\"_blank\">Strickanleitung<\/a>.<\/p>\n<div class=\"fusion-fullwidth fullwidth-box fusion-builder-row-1 hundred-percent-fullwidth non-hundred-percent-height-scrolling\" style=\"--awb-border-radius-top-left:0px;--awb-border-radius-top-right:0px;--awb-border-radius-bottom-right:0px;--awb-border-radius-bottom-left:0px;--awb-overflow:visible;--awb-flex-wrap:wrap;\" ><div class=\"fusion-builder-row fusion-row\"><div class=\"fusion-layout-column fusion_builder_column fusion-builder-column-0 fusion_builder_column_1_1 1_1 fusion-one-full fusion-column-first fusion-column-last fusion-column-no-min-height\" style=\"--awb-bg-size:cover;--awb-margin-bottom:0px;\"><div class=\"fusion-column-wrapper fusion-flex-column-wrapper-legacy\"><div class=\"tiled-gallery type-rectangular tiled-gallery-unresized\" data-original-width=\"1100\" data-carousel-extra='{&quot;blog_id&quot;:1,&quot;permalink&quot;:&quot;https:\\\/\\\/www.ge-sagt.de\\\/index.php\\\/ge-dacht-tschuess-2014\\\/&quot;,&quot;likes_blog_id&quot;:46854272}' itemscope itemtype=\"http:\/\/schema.org\/ImageGallery\" > <div class=\"gallery-row\" style=\"width: 1100px; height: 300px;\" data-original-width=\"1100\" data-original-height=\"300\" > <div class=\"gallery-group images-1\" style=\"width: 449px; height: 300px;\" data-original-width=\"449\" data-original-height=\"300\" > <div class=\"tiled-gallery-item tiled-gallery-item-large\" itemprop=\"associatedMedia\" itemscope itemtype=\"http:\/\/schema.org\/ImageObject\"> <a href=\"https:\/\/www.ge-sagt.de\/index.php\/ge-bastelt-diy-schmetterlings-mobile\/schnetterling5\/\" border=\"0\" itemprop=\"url\"> <meta itemprop=\"width\" content=\"445\"> <meta itemprop=\"height\" content=\"296\"> <img decoding=\"async\" class=\"\" data-attachment-id=\"968\" data-orig-file=\"https:\/\/www.ge-sagt.de\/wp-content\/uploads\/2013\/10\/schnetterling5.jpg\" data-orig-size=\"800,533\" data-comments-opened=\"1\" data-image-meta=\"{&quot;aperture&quot;:&quot;1.8&quot;,&quot;credit&quot;:&quot;&quot;,&quot;camera&quot;:&quot;Canon EOS 1000D&quot;,&quot;caption&quot;:&quot;&quot;,&quot;created_timestamp&quot;:&quot;1381068518&quot;,&quot;copyright&quot;:&quot;&quot;,&quot;focal_length&quot;:&quot;50&quot;,&quot;iso&quot;:&quot;200&quot;,&quot;shutter_speed&quot;:&quot;0.0125&quot;,&quot;title&quot;:&quot;&quot;}\" data-image-title=\"schnetterling5\" data-image-description=\"\" data-medium-file=\"https:\/\/www.ge-sagt.de\/wp-content\/uploads\/2013\/10\/schnetterling5-600x399.jpg\" data-large-file=\"https:\/\/www.ge-sagt.de\/wp-content\/uploads\/2013\/10\/schnetterling5.jpg\" src=\"https:\/\/i0.wp.com\/www.ge-sagt.de\/wp-content\/uploads\/2013\/10\/schnetterling5.jpg?w=445&#038;h=296&#038;ssl=1\" srcset=\"https:\/\/www.ge-sagt.de\/wp-content\/uploads\/2013\/10\/schnetterling5-450x300.jpg 450w, https:\/\/www.ge-sagt.de\/wp-content\/uploads\/2013\/10\/schnetterling5-600x399.jpg 600w, https:\/\/www.ge-sagt.de\/wp-content\/uploads\/2013\/10\/schnetterling5.jpg 800w\" width=\"445\" height=\"296\" loading=\"lazy\" data-original-width=\"445\" data-original-height=\"296\" itemprop=\"http:\/\/schema.org\/image\" title=\"schnetterling5\" alt=\"Schmetterlings-Mobile\" style=\"width: 445px; height: 296px;\" \/> <\/a> <div class=\"tiled-gallery-caption\" itemprop=\"caption description\"> Schmetterlings-Mobile <\/div> <\/div> <\/div> <!-- close group --> <div class=\"gallery-group images-1\" style=\"width: 449px; height: 300px;\" data-original-width=\"449\" data-original-height=\"300\" > <div class=\"tiled-gallery-item tiled-gallery-item-large\" itemprop=\"associatedMedia\" itemscope itemtype=\"http:\/\/schema.org\/ImageObject\"> <a href=\"https:\/\/www.ge-sagt.de\/index.php\/ge-strickt\/stricken-3\/\" border=\"0\" itemprop=\"url\"> <meta itemprop=\"width\" content=\"445\"> <meta itemprop=\"height\" content=\"296\"> <img decoding=\"async\" class=\"\" data-attachment-id=\"1318\" data-orig-file=\"https:\/\/www.ge-sagt.de\/wp-content\/uploads\/2014\/01\/stricken-3.jpg\" data-orig-size=\"800,533\" data-comments-opened=\"1\" data-image-meta=\"{&quot;aperture&quot;:&quot;1.8&quot;,&quot;credit&quot;:&quot;&quot;,&quot;camera&quot;:&quot;Canon EOS 1000D&quot;,&quot;caption&quot;:&quot;&quot;,&quot;created_timestamp&quot;:&quot;1389016660&quot;,&quot;copyright&quot;:&quot;&quot;,&quot;focal_length&quot;:&quot;50&quot;,&quot;iso&quot;:&quot;800&quot;,&quot;shutter_speed&quot;:&quot;0.02&quot;,&quot;title&quot;:&quot;&quot;}\" data-image-title=\"stricken 3\" data-image-description=\"\" data-medium-file=\"https:\/\/www.ge-sagt.de\/wp-content\/uploads\/2014\/01\/stricken-3-600x399.jpg\" data-large-file=\"https:\/\/www.ge-sagt.de\/wp-content\/uploads\/2014\/01\/stricken-3.jpg\" src=\"https:\/\/i0.wp.com\/www.ge-sagt.de\/wp-content\/uploads\/2014\/01\/stricken-3.jpg?w=445&#038;h=296&#038;ssl=1\" srcset=\"https:\/\/www.ge-sagt.de\/wp-content\/uploads\/2014\/01\/stricken-3-450x300.jpg 450w, https:\/\/www.ge-sagt.de\/wp-content\/uploads\/2014\/01\/stricken-3-600x399.jpg 600w, https:\/\/www.ge-sagt.de\/wp-content\/uploads\/2014\/01\/stricken-3.jpg 800w\" width=\"445\" height=\"296\" loading=\"lazy\" data-original-width=\"445\" data-original-height=\"296\" itemprop=\"http:\/\/schema.org\/image\" title=\"stricken 3\" alt=\"Stricken ist mein neues Yoga\" style=\"width: 445px; height: 296px;\" \/> <\/a> <div class=\"tiled-gallery-caption\" itemprop=\"caption description\"> Stricken ist mein neues Yoga <\/div> <\/div> <\/div> <!-- close group --> <div class=\"gallery-group images-1\" style=\"width: 202px; height: 300px;\" data-original-width=\"202\" data-original-height=\"300\" > <div class=\"tiled-gallery-item tiled-gallery-item-small\" itemprop=\"associatedMedia\" itemscope itemtype=\"http:\/\/schema.org\/ImageObject\"> <a href=\"https:\/\/www.ge-sagt.de\/index.php\/ge-bastelt-dreiecksverpackung\/dreieck3\/\" border=\"0\" itemprop=\"url\"> <meta itemprop=\"width\" content=\"198\"> <meta itemprop=\"height\" content=\"296\"> <img decoding=\"async\" class=\"\" data-attachment-id=\"655\" data-orig-file=\"https:\/\/www.ge-sagt.de\/wp-content\/uploads\/2013\/09\/dreieck3.jpg\" data-orig-size=\"445,666\" data-comments-opened=\"1\" data-image-meta=\"{&quot;aperture&quot;:&quot;0&quot;,&quot;credit&quot;:&quot;&quot;,&quot;camera&quot;:&quot;&quot;,&quot;caption&quot;:&quot;&quot;,&quot;created_timestamp&quot;:&quot;0&quot;,&quot;copyright&quot;:&quot;&quot;,&quot;focal_length&quot;:&quot;0&quot;,&quot;iso&quot;:&quot;0&quot;,&quot;shutter_speed&quot;:&quot;0&quot;,&quot;title&quot;:&quot;&quot;}\" data-image-title=\"dreieck3\" data-image-description=\"\" data-medium-file=\"https:\/\/www.ge-sagt.de\/wp-content\/uploads\/2013\/09\/dreieck3.jpg\" data-large-file=\"https:\/\/www.ge-sagt.de\/wp-content\/uploads\/2013\/09\/dreieck3.jpg\" src=\"https:\/\/i0.wp.com\/www.ge-sagt.de\/wp-content\/uploads\/2013\/09\/dreieck3.jpg?w=198&#038;h=296&#038;ssl=1\" srcset=\"https:\/\/www.ge-sagt.de\/wp-content\/uploads\/2013\/09\/dreieck3-200x300.jpg 200w, https:\/\/www.ge-sagt.de\/wp-content\/uploads\/2013\/09\/dreieck3.jpg 445w\" width=\"198\" height=\"296\" loading=\"lazy\" data-original-width=\"198\" data-original-height=\"296\" itemprop=\"http:\/\/schema.org\/image\" title=\"dreieck3\" alt=\"Dreiecks-Verpackung\" style=\"width: 198px; height: 296px;\" \/> <\/a> <div class=\"tiled-gallery-caption\" itemprop=\"caption description\"> Dreiecks-Verpackung <\/div> <\/div> <\/div> <!-- close group --> <\/div> <!-- close row --> <\/div>\n<p style=\"text-align: justify;\">Und ich wurde auch begeistert. Ich konnte 2014 an 2 tollen Konferenzen teilnehmen und habe die \u00a0Republica und die Blogst besucht. Was f\u00fcr Erlebnisse! So warst Du ,2014, irgendwie mein Kontaktjahr. Ich habe so viele neue Leute kennen gelernt, dass ich wirklich total \u00fcberw\u00e4ltigt bin. Und ich habe gemerkt wie wichtig mir gerade diese Komponente ist. Fr\u00fcher habe ich mich oft als den zur\u00fcckhaltenden, sch\u00fcchternen Typ gesehen der auch gerne mal ein paar Tage alleine vor sich hin wurschtelt. Heute wei\u00df ich, dass ich den Austausch und die Interaktion mit Menschen besonders liebe und brauche. So w\u00fcnsche ich mir f\u00fcr das neue Jahr nicht nur ganz viele Kontakte, sondern auch ein paar best\u00e4ndige Partner und Austauschm\u00f6glichkeiten.<\/p>\n<p style=\"text-align: justify;\">F\u00fcr 2014 habe ich mir gew\u00fcnscht viel zu Lachen und meiner Tochter mit Zuversicht das Gl\u00fcck des Lebens zu zeigen. Ich glaube ich habe mich redlich bem\u00fcht. Und ich bin unendlich dankbar, dass unsere Tochter einfach wirklich Lebensfreude pur ist und lebt. Manchmal ist\u00a0mein Vorhaben\u00a0an den T\u00fccken des Alltags gescheitert. Aber ich glaube so ist das nun mal. Ich versuche es also dieses Jahr wieder&#8230;.<\/p>\n<p style=\"text-align: justify;\">Ach 2014, ich glaube Du hast im Zeichen der Akzeptanz und Gelassenheit gestanden. Selbst Deinen T\u00fccken konnte ich dieses Jahr ganz gut stand halten. Zumindest w\u00fcrde ich sagen, dass keine bleibenden Sch\u00e4den entstanden sind. Und es gab genug Zeit auch ein paar Pl\u00e4ne zu schmieden und sich auf Zuk\u00fcnftiges zu freuen.\u00a0Ich glaube\u00a0und hoffe Du warst der ideale Wegbereiter f\u00fcr 2015.\u00a0Daher verabschiede ich Dich mit\u00a0einer herzlichen Umarmung und leichter\u00a0Wehmut- alles in\u00a0allem warst Du wirklich\u00a0in Ordnung \ud83d\ude09<\/p>\n<p style=\"text-align: justify;\">Hallo 2015! Ich freue mich so richtig auf Dich!\u00a0Durch 2014 habe ich Lust bekommen dieses Jahr richtig was zu bewegen und was in die Hand zu nehmen! Ich bin voller Tatendrang. Was es werden wird? Ich wei\u00df es noch nicht, aber ich freue mich auf Spontanit\u00e4t und Freude. Ich habe Lust auf Vieles und f\u00fchle mich bereit f\u00fcr die Dinge die da kommen m\u00f6gen! Juhu!<\/p>\n<p style=\"text-align: justify;\">Auf geht&#8217;s!<\/p>\n<p style=\"text-align: justify;\">Liebe Gr\u00fc\u00dfe<\/p>\n<p style=\"text-align: justify;\">Gesa<\/p>\n<p>&nbsp;<div class=\"fusion-clearfix\"><\/div><\/div><\/div><\/div><\/div>\n","protected":false},"excerpt":{"rendered":"<p>Liebes 2014, \u00a0es ist schon wieder soweit, Du hast Dich auf den Weg gemacht uns zu verlassen. \u00c4hnlich wie bei 2013 m\u00f6chte ich auch Dir einen pers\u00f6nlichen Abschiedsgru\u00df widmen. Schade das Du gehen musst. R\u00fcckblickend betrachtet warst Du so herrlich unaufgeregt, so gen\u00fcgsam still und leise. Nat\u00fcrlich gab es ein paar tolle Highlights: Ich glaube [&hellip;]<\/p>\n","protected":false},"author":2,"featured_media":0,"comment_status":"open","ping_status":"open","sticky":false,"template":"","format":"standard","meta":{"jetpack_post_was_ever_published":false,"_jetpack_newsletter_access":"","_jetpack_dont_email_post_to_subs":true,"_jetpack_newsletter_tier_id":0,"_jetpack_memberships_contains_paywalled_content":false,"_jetpack_memberships_contains_paid_content":false,"footnotes":"","jetpack_publicize_message":"","jetpack_publicize_feature_enabled":true,"jetpack_social_post_already_shared":true,"jetpack_social_options":{"image_generator_settings":{"template":"highway","default_image_id":0,"font":"","enabled":false},"version":2}},"categories":[1,5],"tags":[],"class_list":["post-2087","post","type-post","status-publish","format-standard","hentry","category-allgemein","category-ge-dacht"],"yoast_head":"<!-- This site is optimized with the Yoast SEO plugin v27.4 - https:\/\/yoast.com\/product\/yoast-seo-wordpress\/ -->\n<title>Ge-dacht: Tsch\u00fcss 2014<\/title>\n<meta name=\"description\" content=\"Ge-dacht: Tsch\u00fcss 2014 - ein kleiner R\u00fcckblick\" \/>\n<meta name=\"robots\" content=\"index, follow, max-snippet:-1, max-image-preview:large, max-video-preview:-1\" \/>\n<link rel=\"canonical\" href=\"https:\/\/www.ge-sagt.de\/index.php\/ge-dacht-tschuess-2014\/\" \/>\n<meta property=\"og:locale\" content=\"de_DE\" \/>\n<meta property=\"og:type\" content=\"article\" \/>\n<meta property=\"og:title\" content=\"Ge-dacht: Tsch\u00fcss 2014\" \/>\n<meta property=\"og:description\" content=\"Ge-dacht: Tsch\u00fcss 2014 - ein kleiner R\u00fcckblick\" \/>\n<meta property=\"og:url\" content=\"https:\/\/www.ge-sagt.de\/index.php\/ge-dacht-tschuess-2014\/\" \/>\n<meta property=\"og:site_name\" content=\"ge-sagt.de\" \/>\n<meta property=\"article:published_time\" content=\"2015-01-06T20:44:11+00:00\" \/>\n<meta property=\"article:modified_time\" content=\"2016-10-25T12:06:22+00:00\" \/>\n<meta property=\"og:image\" content=\"http:\/\/www.ge-sagt.de\/wp-content\/uploads\/2015\/01\/Feuerwerk-600x594.jpg\" \/>\n<meta name=\"author\" content=\"Gesa\" \/>\n<meta name=\"twitter:label1\" content=\"Verfasst von\" \/>\n\t<meta name=\"twitter:data1\" content=\"Gesa\" \/>\n\t<meta name=\"twitter:label2\" content=\"Gesch\u00e4tzte Lesezeit\" \/>\n\t<meta name=\"twitter:data2\" content=\"3\u00a0Minuten\" \/>\n<script type=\"application\/ld+json\" class=\"yoast-schema-graph\">{\"@context\":\"https:\\\/\\\/schema.org\",\"@graph\":[{\"@type\":\"Article\",\"@id\":\"https:\\\/\\\/www.ge-sagt.de\\\/index.php\\\/ge-dacht-tschuess-2014\\\/#article\",\"isPartOf\":{\"@id\":\"https:\\\/\\\/www.ge-sagt.de\\\/index.php\\\/ge-dacht-tschuess-2014\\\/\"},\"author\":{\"name\":\"Gesa\",\"@id\":\"https:\\\/\\\/www.ge-sagt.de\\\/#\\\/schema\\\/person\\\/f6ec6da1209901fb058ae74d414f295d\"},\"headline\":\"Ge-dacht: Tsch\u00fcss 2014\",\"datePublished\":\"2015-01-06T20:44:11+00:00\",\"dateModified\":\"2016-10-25T12:06:22+00:00\",\"mainEntityOfPage\":{\"@id\":\"https:\\\/\\\/www.ge-sagt.de\\\/index.php\\\/ge-dacht-tschuess-2014\\\/\"},\"wordCount\":618,\"commentCount\":0,\"image\":{\"@id\":\"https:\\\/\\\/www.ge-sagt.de\\\/index.php\\\/ge-dacht-tschuess-2014\\\/#primaryimage\"},\"thumbnailUrl\":\"http:\\\/\\\/www.ge-sagt.de\\\/wp-content\\\/uploads\\\/2015\\\/01\\\/Feuerwerk-600x594.jpg\",\"articleSection\":{\"1\":\"Ge-dacht\"},\"inLanguage\":\"de\",\"potentialAction\":[{\"@type\":\"CommentAction\",\"name\":\"Comment\",\"target\":[\"https:\\\/\\\/www.ge-sagt.de\\\/index.php\\\/ge-dacht-tschuess-2014\\\/#respond\"]}]},{\"@type\":\"WebPage\",\"@id\":\"https:\\\/\\\/www.ge-sagt.de\\\/index.php\\\/ge-dacht-tschuess-2014\\\/\",\"url\":\"https:\\\/\\\/www.ge-sagt.de\\\/index.php\\\/ge-dacht-tschuess-2014\\\/\",\"name\":\"Ge-dacht: Tsch\u00fcss 2014\",\"isPartOf\":{\"@id\":\"https:\\\/\\\/www.ge-sagt.de\\\/#website\"},\"primaryImageOfPage\":{\"@id\":\"https:\\\/\\\/www.ge-sagt.de\\\/index.php\\\/ge-dacht-tschuess-2014\\\/#primaryimage\"},\"image\":{\"@id\":\"https:\\\/\\\/www.ge-sagt.de\\\/index.php\\\/ge-dacht-tschuess-2014\\\/#primaryimage\"},\"thumbnailUrl\":\"http:\\\/\\\/www.ge-sagt.de\\\/wp-content\\\/uploads\\\/2015\\\/01\\\/Feuerwerk-600x594.jpg\",\"datePublished\":\"2015-01-06T20:44:11+00:00\",\"dateModified\":\"2016-10-25T12:06:22+00:00\",\"author\":{\"@id\":\"https:\\\/\\\/www.ge-sagt.de\\\/#\\\/schema\\\/person\\\/f6ec6da1209901fb058ae74d414f295d\"},\"description\":\"Ge-dacht: Tsch\u00fcss 2014 - ein kleiner R\u00fcckblick\",\"breadcrumb\":{\"@id\":\"https:\\\/\\\/www.ge-sagt.de\\\/index.php\\\/ge-dacht-tschuess-2014\\\/#breadcrumb\"},\"inLanguage\":\"de\",\"potentialAction\":[{\"@type\":\"ReadAction\",\"target\":[\"https:\\\/\\\/www.ge-sagt.de\\\/index.php\\\/ge-dacht-tschuess-2014\\\/\"]}]},{\"@type\":\"ImageObject\",\"inLanguage\":\"de\",\"@id\":\"https:\\\/\\\/www.ge-sagt.de\\\/index.php\\\/ge-dacht-tschuess-2014\\\/#primaryimage\",\"url\":\"https:\\\/\\\/www.ge-sagt.de\\\/wp-content\\\/uploads\\\/2015\\\/01\\\/Feuerwerk.jpg\",\"contentUrl\":\"https:\\\/\\\/www.ge-sagt.de\\\/wp-content\\\/uploads\\\/2015\\\/01\\\/Feuerwerk.jpg\",\"width\":800,\"height\":792},{\"@type\":\"BreadcrumbList\",\"@id\":\"https:\\\/\\\/www.ge-sagt.de\\\/index.php\\\/ge-dacht-tschuess-2014\\\/#breadcrumb\",\"itemListElement\":[{\"@type\":\"ListItem\",\"position\":1,\"name\":\"Home\",\"item\":\"https:\\\/\\\/www.ge-sagt.de\\\/\"},{\"@type\":\"ListItem\",\"position\":2,\"name\":\"Ge-dacht: Tsch\u00fcss 2014\"}]},{\"@type\":\"WebSite\",\"@id\":\"https:\\\/\\\/www.ge-sagt.de\\\/#website\",\"url\":\"https:\\\/\\\/www.ge-sagt.de\\\/\",\"name\":\"ge-sagt.de\",\"description\":\"Gesa denkt, sagt und tut auf diesem Blog\",\"potentialAction\":[{\"@type\":\"SearchAction\",\"target\":{\"@type\":\"EntryPoint\",\"urlTemplate\":\"https:\\\/\\\/www.ge-sagt.de\\\/?s={search_term_string}\"},\"query-input\":{\"@type\":\"PropertyValueSpecification\",\"valueRequired\":true,\"valueName\":\"search_term_string\"}}],\"inLanguage\":\"de\"},{\"@type\":\"Person\",\"@id\":\"https:\\\/\\\/www.ge-sagt.de\\\/#\\\/schema\\\/person\\\/f6ec6da1209901fb058ae74d414f295d\",\"name\":\"Gesa\",\"image\":{\"@type\":\"ImageObject\",\"inLanguage\":\"de\",\"@id\":\"https:\\\/\\\/secure.gravatar.com\\\/avatar\\\/b2210b745bd73a1286fa46a53ee66332ba91d4de884ca4cdeaa854740a7b03a0?s=96&d=mm&r=g\",\"url\":\"https:\\\/\\\/secure.gravatar.com\\\/avatar\\\/b2210b745bd73a1286fa46a53ee66332ba91d4de884ca4cdeaa854740a7b03a0?s=96&d=mm&r=g\",\"contentUrl\":\"https:\\\/\\\/secure.gravatar.com\\\/avatar\\\/b2210b745bd73a1286fa46a53ee66332ba91d4de884ca4cdeaa854740a7b03a0?s=96&d=mm&r=g\",\"caption\":\"Gesa\"},\"url\":\"https:\\\/\\\/www.ge-sagt.de\\\/index.php\\\/author\\\/gesa\\\/\"}]}<\/script>\n<!-- \/ Yoast SEO plugin. -->","yoast_head_json":{"title":"Ge-dacht: Tsch\u00fcss 2014","description":"Ge-dacht: Tsch\u00fcss 2014 - ein kleiner R\u00fcckblick","robots":{"index":"index","follow":"follow","max-snippet":"max-snippet:-1","max-image-preview":"max-image-preview:large","max-video-preview":"max-video-preview:-1"},"canonical":"https:\/\/www.ge-sagt.de\/index.php\/ge-dacht-tschuess-2014\/","og_locale":"de_DE","og_type":"article","og_title":"Ge-dacht: Tsch\u00fcss 2014","og_description":"Ge-dacht: Tsch\u00fcss 2014 - ein kleiner R\u00fcckblick","og_url":"https:\/\/www.ge-sagt.de\/index.php\/ge-dacht-tschuess-2014\/","og_site_name":"ge-sagt.de","article_published_time":"2015-01-06T20:44:11+00:00","article_modified_time":"2016-10-25T12:06:22+00:00","og_image":[{"url":"http:\/\/www.ge-sagt.de\/wp-content\/uploads\/2015\/01\/Feuerwerk-600x594.jpg","type":"","width":"","height":""}],"author":"Gesa","twitter_misc":{"Verfasst von":"Gesa","Gesch\u00e4tzte Lesezeit":"3\u00a0Minuten"},"schema":{"@context":"https:\/\/schema.org","@graph":[{"@type":"Article","@id":"https:\/\/www.ge-sagt.de\/index.php\/ge-dacht-tschuess-2014\/#article","isPartOf":{"@id":"https:\/\/www.ge-sagt.de\/index.php\/ge-dacht-tschuess-2014\/"},"author":{"name":"Gesa","@id":"https:\/\/www.ge-sagt.de\/#\/schema\/person\/f6ec6da1209901fb058ae74d414f295d"},"headline":"Ge-dacht: Tsch\u00fcss 2014","datePublished":"2015-01-06T20:44:11+00:00","dateModified":"2016-10-25T12:06:22+00:00","mainEntityOfPage":{"@id":"https:\/\/www.ge-sagt.de\/index.php\/ge-dacht-tschuess-2014\/"},"wordCount":618,"commentCount":0,"image":{"@id":"https:\/\/www.ge-sagt.de\/index.php\/ge-dacht-tschuess-2014\/#primaryimage"},"thumbnailUrl":"http:\/\/www.ge-sagt.de\/wp-content\/uploads\/2015\/01\/Feuerwerk-600x594.jpg","articleSection":{"1":"Ge-dacht"},"inLanguage":"de","potentialAction":[{"@type":"CommentAction","name":"Comment","target":["https:\/\/www.ge-sagt.de\/index.php\/ge-dacht-tschuess-2014\/#respond"]}]},{"@type":"WebPage","@id":"https:\/\/www.ge-sagt.de\/index.php\/ge-dacht-tschuess-2014\/","url":"https:\/\/www.ge-sagt.de\/index.php\/ge-dacht-tschuess-2014\/","name":"Ge-dacht: Tsch\u00fcss 2014","isPartOf":{"@id":"https:\/\/www.ge-sagt.de\/#website"},"primaryImageOfPage":{"@id":"https:\/\/www.ge-sagt.de\/index.php\/ge-dacht-tschuess-2014\/#primaryimage"},"image":{"@id":"https:\/\/www.ge-sagt.de\/index.php\/ge-dacht-tschuess-2014\/#primaryimage"},"thumbnailUrl":"http:\/\/www.ge-sagt.de\/wp-content\/uploads\/2015\/01\/Feuerwerk-600x594.jpg","datePublished":"2015-01-06T20:44:11+00:00","dateModified":"2016-10-25T12:06:22+00:00","author":{"@id":"https:\/\/www.ge-sagt.de\/#\/schema\/person\/f6ec6da1209901fb058ae74d414f295d"},"description":"Ge-dacht: Tsch\u00fcss 2014 - ein kleiner R\u00fcckblick","breadcrumb":{"@id":"https:\/\/www.ge-sagt.de\/index.php\/ge-dacht-tschuess-2014\/#breadcrumb"},"inLanguage":"de","potentialAction":[{"@type":"ReadAction","target":["https:\/\/www.ge-sagt.de\/index.php\/ge-dacht-tschuess-2014\/"]}]},{"@type":"ImageObject","inLanguage":"de","@id":"https:\/\/www.ge-sagt.de\/index.php\/ge-dacht-tschuess-2014\/#primaryimage","url":"https:\/\/www.ge-sagt.de\/wp-content\/uploads\/2015\/01\/Feuerwerk.jpg","contentUrl":"https:\/\/www.ge-sagt.de\/wp-content\/uploads\/2015\/01\/Feuerwerk.jpg","width":800,"height":792},{"@type":"BreadcrumbList","@id":"https:\/\/www.ge-sagt.de\/index.php\/ge-dacht-tschuess-2014\/#breadcrumb","itemListElement":[{"@type":"ListItem","position":1,"name":"Home","item":"https:\/\/www.ge-sagt.de\/"},{"@type":"ListItem","position":2,"name":"Ge-dacht: Tsch\u00fcss 2014"}]},{"@type":"WebSite","@id":"https:\/\/www.ge-sagt.de\/#website","url":"https:\/\/www.ge-sagt.de\/","name":"ge-sagt.de","description":"Gesa denkt, sagt und tut auf diesem Blog","potentialAction":[{"@type":"SearchAction","target":{"@type":"EntryPoint","urlTemplate":"https:\/\/www.ge-sagt.de\/?s={search_term_string}"},"query-input":{"@type":"PropertyValueSpecification","valueRequired":true,"valueName":"search_term_string"}}],"inLanguage":"de"},{"@type":"Person","@id":"https:\/\/www.ge-sagt.de\/#\/schema\/person\/f6ec6da1209901fb058ae74d414f295d","name":"Gesa","image":{"@type":"ImageObject","inLanguage":"de","@id":"https:\/\/secure.gravatar.com\/avatar\/b2210b745bd73a1286fa46a53ee66332ba91d4de884ca4cdeaa854740a7b03a0?s=96&d=mm&r=g","url":"https:\/\/secure.gravatar.com\/avatar\/b2210b745bd73a1286fa46a53ee66332ba91d4de884ca4cdeaa854740a7b03a0?s=96&d=mm&r=g","contentUrl":"https:\/\/secure.gravatar.com\/avatar\/b2210b745bd73a1286fa46a53ee66332ba91d4de884ca4cdeaa854740a7b03a0?s=96&d=mm&r=g","caption":"Gesa"},"url":"https:\/\/www.ge-sagt.de\/index.php\/author\/gesa\/"}]}},"jetpack_publicize_connections":[],"jetpack_featured_media_url":"","jetpack_shortlink":"https:\/\/wp.me\/p3aAW4-xF","jetpack_sharing_enabled":true,"_links":{"self":[{"href":"https:\/\/www.ge-sagt.de\/index.php\/wp-json\/wp\/v2\/posts\/2087","targetHints":{"allow":["GET"]}}],"collection":[{"href":"https:\/\/www.ge-sagt.de\/index.php\/wp-json\/wp\/v2\/posts"}],"about":[{"href":"https:\/\/www.ge-sagt.de\/index.php\/wp-json\/wp\/v2\/types\/post"}],"author":[{"embeddable":true,"href":"https:\/\/www.ge-sagt.de\/index.php\/wp-json\/wp\/v2\/users\/2"}],"replies":[{"embeddable":true,"href":"https:\/\/www.ge-sagt.de\/index.php\/wp-json\/wp\/v2\/comments?post=2087"}],"version-history":[{"count":11,"href":"https:\/\/www.ge-sagt.de\/index.php\/wp-json\/wp\/v2\/posts\/2087\/revisions"}],"predecessor-version":[{"id":2399,"href":"https:\/\/www.ge-sagt.de\/index.php\/wp-json\/wp\/v2\/posts\/2087\/revisions\/2399"}],"wp:attachment":[{"href":"https:\/\/www.ge-sagt.de\/index.php\/wp-json\/wp\/v2\/media?parent=2087"}],"wp:term":[{"taxonomy":"category","embeddable":true,"href":"https:\/\/www.ge-sagt.de\/index.php\/wp-json\/wp\/v2\/categories?post=2087"},{"taxonomy":"post_tag","embeddable":true,"href":"https:\/\/www.ge-sagt.de\/index.php\/wp-json\/wp\/v2\/tags?post=2087"}],"curies":[{"name":"wp","href":"https:\/\/api.w.org\/{rel}","templated":true}]}}