{"id":2003,"date":"2014-12-01T21:37:28","date_gmt":"2014-12-01T20:37:28","guid":{"rendered":"http:\/\/www.ge-sagt.de\/?p=2003"},"modified":"2016-10-25T14:06:22","modified_gmt":"2016-10-25T12:06:22","slug":"ge-backen-schneeflocken-kekse","status":"publish","type":"post","link":"https:\/\/www.ge-sagt.de\/index.php\/ge-backen-schneeflocken-kekse\/","title":{"rendered":"Ge-backen: Schneeflocken Kekse"},"content":{"rendered":"<p><img decoding=\"async\" data-attachment-id=\"2007\" data-permalink=\"https:\/\/www.ge-sagt.de\/index.php\/ge-backen-schneeflocken-kekse\/engel-keks-2\/\" data-orig-file=\"https:\/\/www.ge-sagt.de\/wp-content\/uploads\/2014\/12\/engel-keks-2.jpg\" data-orig-size=\"800,679\" data-comments-opened=\"1\" data-image-meta=\"{&quot;aperture&quot;:&quot;2.8&quot;,&quot;credit&quot;:&quot;&quot;,&quot;camera&quot;:&quot;Canon EOS 1000D&quot;,&quot;caption&quot;:&quot;&quot;,&quot;created_timestamp&quot;:&quot;1385902139&quot;,&quot;copyright&quot;:&quot;&quot;,&quot;focal_length&quot;:&quot;50&quot;,&quot;iso&quot;:&quot;640&quot;,&quot;shutter_speed&quot;:&quot;0.02&quot;,&quot;title&quot;:&quot;&quot;}\" data-image-title=\"Schneeflocken Kekse frisch gebacken mit Rezept\" data-image-description=\"\" data-image-caption=\"\" data-large-file=\"https:\/\/www.ge-sagt.de\/wp-content\/uploads\/2014\/12\/engel-keks-2.jpg\" class=\"aligncenter wp-image-2007 size-medium\" src=\"http:\/\/www.ge-sagt.de\/wp-content\/uploads\/2014\/12\/engel-keks-2-600x509.jpg\" alt=\"Schneeflocken Kekse frisch gebacken mit Rezept\" width=\"600\" height=\"509\" srcset=\"https:\/\/www.ge-sagt.de\/wp-content\/uploads\/2014\/12\/engel-keks-2-600x509.jpg 600w, https:\/\/www.ge-sagt.de\/wp-content\/uploads\/2014\/12\/engel-keks-2.jpg 800w\" sizes=\"(max-width: 600px) 100vw, 600px\" \/><\/p>\n<p>&nbsp;<\/p>\n<p style=\"text-align: justify;\">Ja, auch bei uns kommt Weihnachtsstimmung auf und wir haben am Wochenende diese Schneeflocken Kekse ge-backen.\u00a0Allerdings bin ich \u00fcberhaupt kein Fan von Kekse backen. Nein, das stimmt so eigentlich nicht. Ich liebe es Kekse zu essen und ich liebe die Vorstellung, gem\u00fctlich in der Vorweihnachtszeit Kekse zu backen &#8211; aber ich kann es irgendwie nicht.<\/p>\n<p style=\"text-align: justify;\">Wenn ich erw\u00e4hne, dass ich am Wochenende Kekse backen m\u00f6chte, bekommt mein Mann ein bisschen Panik, denn er und auch ich k\u00f6nnen uns an so einige Keksback-Miseren erinnern.\u00a0 Kekse selber backen und ich sind nicht kompatibel. Was eigentlich komisch ist, denn ich liebe es zu backen. Kuchen, Torten, Muffins, alles super und es macht mir Freude. Und meistens gelingt es. Aber Kekse? Klappt nicht. Und um ehrlich zu sein, habe ich es bis jetzt noch sehr vorsichtig formuliert. Bevor unsere Tochter auf die Welt kam und ich noch keine R\u00fccksicht auf unschuldige kleine Kinderseelen nehmen musste, flog bei uns schon mal der ein oder andere Keksteig begleitet von einer riesengro\u00dfen und lauten Schimpftirade quer durch die K\u00fcche. Ich habe es schon etliche Jahre immer wieder aufs neue probiert, und es ist schon sehr oft in einer Katastrophe geendet. Aber ein paar wenige Rezepte funktionieren dann auch bei mir. Ich gebe ja auch nicht so schnell auf und probiere es jedes Mal aufs neue.<br \/>\nJetzt auch mit der Unterst\u00fctzung kleiner Kinderh\u00e4nde. Da klappt es deutlich besser, aber der Anspruch ist ja auch ein anderer. Wenn ich mit meiner Tochter backe, ist der Weg das Ziel, also das Backen und Verzieren. Wenn ich alleine backe, will ich nat\u00fcrlich ein tolles, h\u00fcbsches und schmackhaftes Endergebnis &#8211; da steht mir mein Perfektionismus schon manchmal ein wenig im Weg.<\/p>\n<p><img decoding=\"async\" data-attachment-id=\"2008\" data-permalink=\"https:\/\/www.ge-sagt.de\/index.php\/ge-backen-schneeflocken-kekse\/engel-keks-1\/\" data-orig-file=\"https:\/\/www.ge-sagt.de\/wp-content\/uploads\/2014\/12\/engel-keks-1.jpg\" data-orig-size=\"800,702\" data-comments-opened=\"1\" data-image-meta=\"{&quot;aperture&quot;:&quot;2.8&quot;,&quot;credit&quot;:&quot;&quot;,&quot;camera&quot;:&quot;Canon EOS 1000D&quot;,&quot;caption&quot;:&quot;&quot;,&quot;created_timestamp&quot;:&quot;1385901979&quot;,&quot;copyright&quot;:&quot;&quot;,&quot;focal_length&quot;:&quot;50&quot;,&quot;iso&quot;:&quot;320&quot;,&quot;shutter_speed&quot;:&quot;0.02&quot;,&quot;title&quot;:&quot;&quot;}\" data-image-title=\"Schneeflocken Kekse in goldener Schale\" data-image-description=\"\" data-image-caption=\"\" data-large-file=\"https:\/\/www.ge-sagt.de\/wp-content\/uploads\/2014\/12\/engel-keks-1.jpg\" class=\"aligncenter wp-image-2008 size-medium\" src=\"http:\/\/www.ge-sagt.de\/wp-content\/uploads\/2014\/12\/engel-keks-1-600x526.jpg\" alt=\"Schneeflocken Kekse in goldener Schale\" width=\"600\" height=\"526\" srcset=\"https:\/\/www.ge-sagt.de\/wp-content\/uploads\/2014\/12\/engel-keks-1-600x526.jpg 600w, https:\/\/www.ge-sagt.de\/wp-content\/uploads\/2014\/12\/engel-keks-1.jpg 800w\" sizes=\"(max-width: 600px) 100vw, 600px\" \/><\/p>\n<p style=\"text-align: justify;\">Bei den Schneeflockenkeksen stimmt alles: Die Zubereitung ist relativ einfach, meine Tochter kann helfen und das Endergebnis ist sehr lecker und sieht sch\u00f6n aus. Vom Geschmack her sind die Kekse sehr sch\u00f6n vanillig, locker und\u00a0eher trocken (trocken klingt so negativ, ist es aber hier nicht. Es geht Richtung Vanille-Kipferl, die w\u00fcrde ich auch als sandig oder trocken bezeichnen, w\u00e4hrend andere Kekse wie Zimtsterne eher saftig sind). Ihr braucht folgende Zutaten:<\/p>\n<p><img decoding=\"async\" data-attachment-id=\"2012\" data-permalink=\"https:\/\/www.ge-sagt.de\/index.php\/ge-backen-schneeflocken-kekse\/rezept-schneeflocken\/\" data-orig-file=\"https:\/\/www.ge-sagt.de\/wp-content\/uploads\/2014\/12\/rezept-schneeflocken.jpg\" data-orig-size=\"378,293\" data-comments-opened=\"1\" data-image-meta=\"{&quot;aperture&quot;:&quot;0&quot;,&quot;credit&quot;:&quot;&quot;,&quot;camera&quot;:&quot;&quot;,&quot;caption&quot;:&quot;&quot;,&quot;created_timestamp&quot;:&quot;0&quot;,&quot;copyright&quot;:&quot;&quot;,&quot;focal_length&quot;:&quot;0&quot;,&quot;iso&quot;:&quot;0&quot;,&quot;shutter_speed&quot;:&quot;0&quot;,&quot;title&quot;:&quot;&quot;}\" data-image-title=\"rezept schneeflocken\" data-image-description=\"\" data-image-caption=\"\" data-large-file=\"https:\/\/www.ge-sagt.de\/wp-content\/uploads\/2014\/12\/rezept-schneeflocken.jpg\" class=\"aligncenter wp-image-2012 size-full\" src=\"http:\/\/www.ge-sagt.de\/wp-content\/uploads\/2014\/12\/rezept-schneeflocken.jpg\" alt=\"rezept schneeflocken\" width=\"378\" height=\"293\" \/><\/p>\n<div style=\"text-align: left;\"><\/div>\n<div style=\"text-align: justify;\">Aus den\u00a0oben genannten\u00a0Zutaten m\u00fcsst Ihr m\u00f6glichst schnell einen glatten Teig kneten. Wie \u00fcblich bei einem Teig, der an M\u00fcrbeteig angelehnt ist, muss er zun\u00e4chst in den K\u00fchlschrank. Ich forme hier bereits l\u00e4ngere Stangen von etwa 3 cm Durchmesser und wickle sie in Frischhaltefolie ein. Nach 30 Minuten k\u00f6nnt Ihr den Teig raus holen und mit einem Messer lauter kleine Scheiben abschneiden. Diese werden nun nur noch zu kleinen ovalen Kugeln geformt und mit etwas Abstand auf ein Backblech mit Backpapier gelegt. Jede Kugel wird nun noch leicht mit einer Gabel flach gedr\u00fcckt, so dass das Zinkenmuster zu sehen ist. \u00a0Bei 160\u00b0C f\u00fcr etwa 15 Minuten backen. Wie es f\u00fcr Schneeflocken \u00fcblich ist, sollen diese Kekse sch\u00f6n wei\u00df bleiben. Ihr m\u00fcsst also darauf achten das die Pl\u00e4tzchen keine Farbe annehmen. Jetzt sind die Schneeflocken fast fertig. Sie m\u00fcssen nur noch auf einem Tortengitter oder \u00e4hnlichem ausk\u00fchlen und k\u00f6nnen dann in Puderzucker gew\u00e4lzt werden. Dies gibt ihnen den finalen Schneeflockenlook.<br \/>\nIch hoffe die Kekse gelingen gut und schmecken Euch so gut wie uns. Und tats\u00e4chlich wird es diesen Winter noch ein weiteres Keksrezept auf dem Blog geben. Denn ich liebe es Kekse zu essen!<\/div>\n<div style=\"text-align: left;\">Hattet Ihr denn schon mal ein totales Keksdilemma?<\/div>\n<div style=\"text-align: left;\">Liebe Gr\u00fc\u00dfe<\/div>\n<div style=\"text-align: left;\">Gesa<\/div>\n","protected":false},"excerpt":{"rendered":"<p>&nbsp; Ja, auch bei uns kommt Weihnachtsstimmung auf und wir haben am Wochenende diese Schneeflocken Kekse ge-backen.\u00a0Allerdings bin ich \u00fcberhaupt kein Fan von Kekse backen. Nein, das stimmt so eigentlich nicht. Ich liebe es Kekse zu essen und ich liebe die Vorstellung, gem\u00fctlich in der Vorweihnachtszeit Kekse zu backen &#8211; aber ich kann es irgendwie [&hellip;]<\/p>\n","protected":false},"author":2,"featured_media":2007,"comment_status":"open","ping_status":"open","sticky":false,"template":"","format":"standard","meta":{"jetpack_post_was_ever_published":false,"_jetpack_newsletter_access":"","_jetpack_dont_email_post_to_subs":true,"_jetpack_newsletter_tier_id":0,"_jetpack_memberships_contains_paywalled_content":false,"_jetpack_memberships_contains_paid_content":false,"footnotes":"","jetpack_publicize_message":"","jetpack_publicize_feature_enabled":true,"jetpack_social_post_already_shared":true,"jetpack_social_options":{"image_generator_settings":{"template":"highway","default_image_id":0,"font":"","enabled":false},"version":2}},"categories":[1,17],"tags":[425,232,182,426,424,280,207],"class_list":["post-2003","post","type-post","status-publish","format-standard","has-post-thumbnail","hentry","category-allgemein","category-ge-backen","tag-backen-mit-kindern","tag-kekse","tag-kinder","tag-puderzucker","tag-schneeflocken","tag-vanille","tag-weihnachten"],"yoast_head":"<!-- This site is optimized with the Yoast SEO plugin v27.5 - https:\/\/yoast.com\/product\/yoast-seo-wordpress\/ -->\n<title>backen von Schneeflocken Keksen<\/title>\n<meta name=\"description\" content=\"Wir haben Schneeflocken Kekse gebacken und Ihr findet das Rezept auf meinem Blog. Vanillig, samtig und unheimlich lecker! Backen mit Kindern\" \/>\n<meta name=\"robots\" content=\"index, follow, max-snippet:-1, max-image-preview:large, max-video-preview:-1\" \/>\n<link rel=\"canonical\" href=\"https:\/\/www.ge-sagt.de\/index.php\/ge-backen-schneeflocken-kekse\/\" \/>\n<meta property=\"og:locale\" content=\"de_DE\" \/>\n<meta property=\"og:type\" content=\"article\" \/>\n<meta property=\"og:title\" content=\"backen von Schneeflocken Keksen\" \/>\n<meta property=\"og:description\" content=\"Wir haben Schneeflocken Kekse gebacken und Ihr findet das Rezept auf meinem Blog. Vanillig, samtig und unheimlich lecker! Backen mit Kindern\" \/>\n<meta property=\"og:url\" content=\"https:\/\/www.ge-sagt.de\/index.php\/ge-backen-schneeflocken-kekse\/\" \/>\n<meta property=\"og:site_name\" content=\"ge-sagt.de\" \/>\n<meta property=\"article:published_time\" content=\"2014-12-01T20:37:28+00:00\" \/>\n<meta property=\"article:modified_time\" content=\"2016-10-25T12:06:22+00:00\" \/>\n<meta property=\"og:image\" content=\"https:\/\/www.ge-sagt.de\/wp-content\/uploads\/2014\/12\/engel-keks-2.jpg\" \/>\n\t<meta property=\"og:image:width\" content=\"800\" \/>\n\t<meta property=\"og:image:height\" content=\"679\" \/>\n\t<meta property=\"og:image:type\" content=\"image\/jpeg\" \/>\n<meta name=\"author\" content=\"Gesa\" \/>\n<meta name=\"twitter:label1\" content=\"Verfasst von\" \/>\n\t<meta name=\"twitter:data1\" content=\"Gesa\" \/>\n\t<meta name=\"twitter:label2\" content=\"Gesch\u00e4tzte Lesezeit\" \/>\n\t<meta name=\"twitter:data2\" content=\"3\u00a0Minuten\" \/>\n<script type=\"application\/ld+json\" class=\"yoast-schema-graph\">{\"@context\":\"https:\\\/\\\/schema.org\",\"@graph\":[{\"@type\":\"Article\",\"@id\":\"https:\\\/\\\/www.ge-sagt.de\\\/index.php\\\/ge-backen-schneeflocken-kekse\\\/#article\",\"isPartOf\":{\"@id\":\"https:\\\/\\\/www.ge-sagt.de\\\/index.php\\\/ge-backen-schneeflocken-kekse\\\/\"},\"author\":{\"name\":\"Gesa\",\"@id\":\"https:\\\/\\\/www.ge-sagt.de\\\/#\\\/schema\\\/person\\\/f6ec6da1209901fb058ae74d414f295d\"},\"headline\":\"Ge-backen: Schneeflocken Kekse\",\"datePublished\":\"2014-12-01T20:37:28+00:00\",\"dateModified\":\"2016-10-25T12:06:22+00:00\",\"mainEntityOfPage\":{\"@id\":\"https:\\\/\\\/www.ge-sagt.de\\\/index.php\\\/ge-backen-schneeflocken-kekse\\\/\"},\"wordCount\":591,\"commentCount\":0,\"image\":{\"@id\":\"https:\\\/\\\/www.ge-sagt.de\\\/index.php\\\/ge-backen-schneeflocken-kekse\\\/#primaryimage\"},\"thumbnailUrl\":\"https:\\\/\\\/www.ge-sagt.de\\\/wp-content\\\/uploads\\\/2014\\\/12\\\/engel-keks-2.jpg\",\"keywords\":[\"backen mit Kindern\",\"Kekse\",\"Kinder\",\"Puderzucker\",\"Schneeflocken\",\"Vanille\",\"Weihnachten\"],\"articleSection\":{\"1\":\"Ge-backen\"},\"inLanguage\":\"de\",\"potentialAction\":[{\"@type\":\"CommentAction\",\"name\":\"Comment\",\"target\":[\"https:\\\/\\\/www.ge-sagt.de\\\/index.php\\\/ge-backen-schneeflocken-kekse\\\/#respond\"]}]},{\"@type\":\"WebPage\",\"@id\":\"https:\\\/\\\/www.ge-sagt.de\\\/index.php\\\/ge-backen-schneeflocken-kekse\\\/\",\"url\":\"https:\\\/\\\/www.ge-sagt.de\\\/index.php\\\/ge-backen-schneeflocken-kekse\\\/\",\"name\":\"backen von Schneeflocken Keksen\",\"isPartOf\":{\"@id\":\"https:\\\/\\\/www.ge-sagt.de\\\/#website\"},\"primaryImageOfPage\":{\"@id\":\"https:\\\/\\\/www.ge-sagt.de\\\/index.php\\\/ge-backen-schneeflocken-kekse\\\/#primaryimage\"},\"image\":{\"@id\":\"https:\\\/\\\/www.ge-sagt.de\\\/index.php\\\/ge-backen-schneeflocken-kekse\\\/#primaryimage\"},\"thumbnailUrl\":\"https:\\\/\\\/www.ge-sagt.de\\\/wp-content\\\/uploads\\\/2014\\\/12\\\/engel-keks-2.jpg\",\"datePublished\":\"2014-12-01T20:37:28+00:00\",\"dateModified\":\"2016-10-25T12:06:22+00:00\",\"author\":{\"@id\":\"https:\\\/\\\/www.ge-sagt.de\\\/#\\\/schema\\\/person\\\/f6ec6da1209901fb058ae74d414f295d\"},\"description\":\"Wir haben Schneeflocken Kekse gebacken und Ihr findet das Rezept auf meinem Blog. Vanillig, samtig und unheimlich lecker! Backen mit Kindern\",\"breadcrumb\":{\"@id\":\"https:\\\/\\\/www.ge-sagt.de\\\/index.php\\\/ge-backen-schneeflocken-kekse\\\/#breadcrumb\"},\"inLanguage\":\"de\",\"potentialAction\":[{\"@type\":\"ReadAction\",\"target\":[\"https:\\\/\\\/www.ge-sagt.de\\\/index.php\\\/ge-backen-schneeflocken-kekse\\\/\"]}]},{\"@type\":\"ImageObject\",\"inLanguage\":\"de\",\"@id\":\"https:\\\/\\\/www.ge-sagt.de\\\/index.php\\\/ge-backen-schneeflocken-kekse\\\/#primaryimage\",\"url\":\"https:\\\/\\\/www.ge-sagt.de\\\/wp-content\\\/uploads\\\/2014\\\/12\\\/engel-keks-2.jpg\",\"contentUrl\":\"https:\\\/\\\/www.ge-sagt.de\\\/wp-content\\\/uploads\\\/2014\\\/12\\\/engel-keks-2.jpg\",\"width\":800,\"height\":679},{\"@type\":\"BreadcrumbList\",\"@id\":\"https:\\\/\\\/www.ge-sagt.de\\\/index.php\\\/ge-backen-schneeflocken-kekse\\\/#breadcrumb\",\"itemListElement\":[{\"@type\":\"ListItem\",\"position\":1,\"name\":\"Home\",\"item\":\"https:\\\/\\\/www.ge-sagt.de\\\/\"},{\"@type\":\"ListItem\",\"position\":2,\"name\":\"Ge-backen: Schneeflocken Kekse\"}]},{\"@type\":\"WebSite\",\"@id\":\"https:\\\/\\\/www.ge-sagt.de\\\/#website\",\"url\":\"https:\\\/\\\/www.ge-sagt.de\\\/\",\"name\":\"ge-sagt.de\",\"description\":\"Gesa denkt, sagt und tut auf diesem Blog\",\"potentialAction\":[{\"@type\":\"SearchAction\",\"target\":{\"@type\":\"EntryPoint\",\"urlTemplate\":\"https:\\\/\\\/www.ge-sagt.de\\\/?s={search_term_string}\"},\"query-input\":{\"@type\":\"PropertyValueSpecification\",\"valueRequired\":true,\"valueName\":\"search_term_string\"}}],\"inLanguage\":\"de\"},{\"@type\":\"Person\",\"@id\":\"https:\\\/\\\/www.ge-sagt.de\\\/#\\\/schema\\\/person\\\/f6ec6da1209901fb058ae74d414f295d\",\"name\":\"Gesa\",\"image\":{\"@type\":\"ImageObject\",\"inLanguage\":\"de\",\"@id\":\"https:\\\/\\\/secure.gravatar.com\\\/avatar\\\/b2210b745bd73a1286fa46a53ee66332ba91d4de884ca4cdeaa854740a7b03a0?s=96&d=mm&r=g\",\"url\":\"https:\\\/\\\/secure.gravatar.com\\\/avatar\\\/b2210b745bd73a1286fa46a53ee66332ba91d4de884ca4cdeaa854740a7b03a0?s=96&d=mm&r=g\",\"contentUrl\":\"https:\\\/\\\/secure.gravatar.com\\\/avatar\\\/b2210b745bd73a1286fa46a53ee66332ba91d4de884ca4cdeaa854740a7b03a0?s=96&d=mm&r=g\",\"caption\":\"Gesa\"},\"url\":\"https:\\\/\\\/www.ge-sagt.de\\\/index.php\\\/author\\\/gesa\\\/\"}]}<\/script>\n<!-- \/ Yoast SEO plugin. -->","yoast_head_json":{"title":"backen von Schneeflocken Keksen","description":"Wir haben Schneeflocken Kekse gebacken und Ihr findet das Rezept auf meinem Blog. Vanillig, samtig und unheimlich lecker! Backen mit Kindern","robots":{"index":"index","follow":"follow","max-snippet":"max-snippet:-1","max-image-preview":"max-image-preview:large","max-video-preview":"max-video-preview:-1"},"canonical":"https:\/\/www.ge-sagt.de\/index.php\/ge-backen-schneeflocken-kekse\/","og_locale":"de_DE","og_type":"article","og_title":"backen von Schneeflocken Keksen","og_description":"Wir haben Schneeflocken Kekse gebacken und Ihr findet das Rezept auf meinem Blog. Vanillig, samtig und unheimlich lecker! Backen mit Kindern","og_url":"https:\/\/www.ge-sagt.de\/index.php\/ge-backen-schneeflocken-kekse\/","og_site_name":"ge-sagt.de","article_published_time":"2014-12-01T20:37:28+00:00","article_modified_time":"2016-10-25T12:06:22+00:00","og_image":[{"width":800,"height":679,"url":"https:\/\/www.ge-sagt.de\/wp-content\/uploads\/2014\/12\/engel-keks-2.jpg","type":"image\/jpeg"}],"author":"Gesa","twitter_misc":{"Verfasst von":"Gesa","Gesch\u00e4tzte Lesezeit":"3\u00a0Minuten"},"schema":{"@context":"https:\/\/schema.org","@graph":[{"@type":"Article","@id":"https:\/\/www.ge-sagt.de\/index.php\/ge-backen-schneeflocken-kekse\/#article","isPartOf":{"@id":"https:\/\/www.ge-sagt.de\/index.php\/ge-backen-schneeflocken-kekse\/"},"author":{"name":"Gesa","@id":"https:\/\/www.ge-sagt.de\/#\/schema\/person\/f6ec6da1209901fb058ae74d414f295d"},"headline":"Ge-backen: Schneeflocken Kekse","datePublished":"2014-12-01T20:37:28+00:00","dateModified":"2016-10-25T12:06:22+00:00","mainEntityOfPage":{"@id":"https:\/\/www.ge-sagt.de\/index.php\/ge-backen-schneeflocken-kekse\/"},"wordCount":591,"commentCount":0,"image":{"@id":"https:\/\/www.ge-sagt.de\/index.php\/ge-backen-schneeflocken-kekse\/#primaryimage"},"thumbnailUrl":"https:\/\/www.ge-sagt.de\/wp-content\/uploads\/2014\/12\/engel-keks-2.jpg","keywords":["backen mit Kindern","Kekse","Kinder","Puderzucker","Schneeflocken","Vanille","Weihnachten"],"articleSection":{"1":"Ge-backen"},"inLanguage":"de","potentialAction":[{"@type":"CommentAction","name":"Comment","target":["https:\/\/www.ge-sagt.de\/index.php\/ge-backen-schneeflocken-kekse\/#respond"]}]},{"@type":"WebPage","@id":"https:\/\/www.ge-sagt.de\/index.php\/ge-backen-schneeflocken-kekse\/","url":"https:\/\/www.ge-sagt.de\/index.php\/ge-backen-schneeflocken-kekse\/","name":"backen von Schneeflocken Keksen","isPartOf":{"@id":"https:\/\/www.ge-sagt.de\/#website"},"primaryImageOfPage":{"@id":"https:\/\/www.ge-sagt.de\/index.php\/ge-backen-schneeflocken-kekse\/#primaryimage"},"image":{"@id":"https:\/\/www.ge-sagt.de\/index.php\/ge-backen-schneeflocken-kekse\/#primaryimage"},"thumbnailUrl":"https:\/\/www.ge-sagt.de\/wp-content\/uploads\/2014\/12\/engel-keks-2.jpg","datePublished":"2014-12-01T20:37:28+00:00","dateModified":"2016-10-25T12:06:22+00:00","author":{"@id":"https:\/\/www.ge-sagt.de\/#\/schema\/person\/f6ec6da1209901fb058ae74d414f295d"},"description":"Wir haben Schneeflocken Kekse gebacken und Ihr findet das Rezept auf meinem Blog. Vanillig, samtig und unheimlich lecker! Backen mit Kindern","breadcrumb":{"@id":"https:\/\/www.ge-sagt.de\/index.php\/ge-backen-schneeflocken-kekse\/#breadcrumb"},"inLanguage":"de","potentialAction":[{"@type":"ReadAction","target":["https:\/\/www.ge-sagt.de\/index.php\/ge-backen-schneeflocken-kekse\/"]}]},{"@type":"ImageObject","inLanguage":"de","@id":"https:\/\/www.ge-sagt.de\/index.php\/ge-backen-schneeflocken-kekse\/#primaryimage","url":"https:\/\/www.ge-sagt.de\/wp-content\/uploads\/2014\/12\/engel-keks-2.jpg","contentUrl":"https:\/\/www.ge-sagt.de\/wp-content\/uploads\/2014\/12\/engel-keks-2.jpg","width":800,"height":679},{"@type":"BreadcrumbList","@id":"https:\/\/www.ge-sagt.de\/index.php\/ge-backen-schneeflocken-kekse\/#breadcrumb","itemListElement":[{"@type":"ListItem","position":1,"name":"Home","item":"https:\/\/www.ge-sagt.de\/"},{"@type":"ListItem","position":2,"name":"Ge-backen: Schneeflocken Kekse"}]},{"@type":"WebSite","@id":"https:\/\/www.ge-sagt.de\/#website","url":"https:\/\/www.ge-sagt.de\/","name":"ge-sagt.de","description":"Gesa denkt, sagt und tut auf diesem Blog","potentialAction":[{"@type":"SearchAction","target":{"@type":"EntryPoint","urlTemplate":"https:\/\/www.ge-sagt.de\/?s={search_term_string}"},"query-input":{"@type":"PropertyValueSpecification","valueRequired":true,"valueName":"search_term_string"}}],"inLanguage":"de"},{"@type":"Person","@id":"https:\/\/www.ge-sagt.de\/#\/schema\/person\/f6ec6da1209901fb058ae74d414f295d","name":"Gesa","image":{"@type":"ImageObject","inLanguage":"de","@id":"https:\/\/secure.gravatar.com\/avatar\/b2210b745bd73a1286fa46a53ee66332ba91d4de884ca4cdeaa854740a7b03a0?s=96&d=mm&r=g","url":"https:\/\/secure.gravatar.com\/avatar\/b2210b745bd73a1286fa46a53ee66332ba91d4de884ca4cdeaa854740a7b03a0?s=96&d=mm&r=g","contentUrl":"https:\/\/secure.gravatar.com\/avatar\/b2210b745bd73a1286fa46a53ee66332ba91d4de884ca4cdeaa854740a7b03a0?s=96&d=mm&r=g","caption":"Gesa"},"url":"https:\/\/www.ge-sagt.de\/index.php\/author\/gesa\/"}]}},"jetpack_publicize_connections":[],"jetpack_featured_media_url":"https:\/\/www.ge-sagt.de\/wp-content\/uploads\/2014\/12\/engel-keks-2.jpg","jetpack_shortlink":"https:\/\/wp.me\/p3aAW4-wj","jetpack_sharing_enabled":true,"_links":{"self":[{"href":"https:\/\/www.ge-sagt.de\/index.php\/wp-json\/wp\/v2\/posts\/2003","targetHints":{"allow":["GET"]}}],"collection":[{"href":"https:\/\/www.ge-sagt.de\/index.php\/wp-json\/wp\/v2\/posts"}],"about":[{"href":"https:\/\/www.ge-sagt.de\/index.php\/wp-json\/wp\/v2\/types\/post"}],"author":[{"embeddable":true,"href":"https:\/\/www.ge-sagt.de\/index.php\/wp-json\/wp\/v2\/users\/2"}],"replies":[{"embeddable":true,"href":"https:\/\/www.ge-sagt.de\/index.php\/wp-json\/wp\/v2\/comments?post=2003"}],"version-history":[{"count":7,"href":"https:\/\/www.ge-sagt.de\/index.php\/wp-json\/wp\/v2\/posts\/2003\/revisions"}],"predecessor-version":[{"id":2014,"href":"https:\/\/www.ge-sagt.de\/index.php\/wp-json\/wp\/v2\/posts\/2003\/revisions\/2014"}],"wp:featuredmedia":[{"embeddable":true,"href":"https:\/\/www.ge-sagt.de\/index.php\/wp-json\/wp\/v2\/media\/2007"}],"wp:attachment":[{"href":"https:\/\/www.ge-sagt.de\/index.php\/wp-json\/wp\/v2\/media?parent=2003"}],"wp:term":[{"taxonomy":"category","embeddable":true,"href":"https:\/\/www.ge-sagt.de\/index.php\/wp-json\/wp\/v2\/categories?post=2003"},{"taxonomy":"post_tag","embeddable":true,"href":"https:\/\/www.ge-sagt.de\/index.php\/wp-json\/wp\/v2\/tags?post=2003"}],"curies":[{"name":"wp","href":"https:\/\/api.w.org\/{rel}","templated":true}]}}