{"id":200,"date":"2013-04-05T19:38:59","date_gmt":"2013-04-05T17:38:59","guid":{"rendered":"http:\/\/www.ge-sagt.de\/?p=200"},"modified":"2016-10-25T14:06:28","modified_gmt":"2016-10-25T12:06:28","slug":"ge-kocht-schinken-lauch-tarte","status":"publish","type":"post","link":"https:\/\/www.ge-sagt.de\/index.php\/ge-kocht-schinken-lauch-tarte\/","title":{"rendered":"Ge-kocht: Schinken-Lauch Tarte"},"content":{"rendered":"<p style=\"text-align: center;\"><img decoding=\"async\" data-attachment-id=\"204\" data-permalink=\"https:\/\/www.ge-sagt.de\/index.php\/ge-kocht-schinken-lauch-tarte\/lauch-tarte\/\" data-orig-file=\"https:\/\/www.ge-sagt.de\/wp-content\/uploads\/2013\/04\/Lauch-Tarte.jpg\" data-orig-size=\"600,748\" data-comments-opened=\"1\" data-image-meta=\"{&quot;aperture&quot;:&quot;2.4&quot;,&quot;credit&quot;:&quot;&quot;,&quot;camera&quot;:&quot;iPhone 4S&quot;,&quot;caption&quot;:&quot;&quot;,&quot;created_timestamp&quot;:&quot;1352838122&quot;,&quot;copyright&quot;:&quot;&quot;,&quot;focal_length&quot;:&quot;4.28&quot;,&quot;iso&quot;:&quot;100&quot;,&quot;shutter_speed&quot;:&quot;0.05&quot;,&quot;title&quot;:&quot;&quot;}\" data-image-title=\"Lauch-Tarte\" data-image-description=\"\" data-image-caption=\"\" data-large-file=\"https:\/\/www.ge-sagt.de\/wp-content\/uploads\/2013\/04\/Lauch-Tarte.jpg\" class=\"aligncenter  wp-image-204\" alt=\"Lauch-Tarte\" src=\"http:\/\/www.ge-sagt.de\/wp-content\/uploads\/2013\/04\/Lauch-Tarte.jpg\" width=\"384\" height=\"478\" srcset=\"https:\/\/www.ge-sagt.de\/wp-content\/uploads\/2013\/04\/Lauch-Tarte-240x300.jpg 240w, https:\/\/www.ge-sagt.de\/wp-content\/uploads\/2013\/04\/Lauch-Tarte.jpg 600w\" sizes=\"(max-width: 384px) 100vw, 384px\" \/><\/p>\n<p>Ist das jetzt Ge-backen oder Ge-kocht?<\/p>\n<p style=\"text-align: justify;\">Nun gut, auf alle F\u00e4lle ist es Ge-gessen, weil die Tarte so lecker und ein tolles Abendessen ist. Wenn man die Tarte noch mit einem Salat und einem sch\u00f6nen Wein kombiniert, dann kann man sie auch wunderbar f\u00fcr ein Essen unter Freunden verwenden. Sie l\u00e4\u00dft sich gut vorbereiten und es bleibt genug Zeit sich um die G\u00e4ste zu k\u00fcmmern!<\/p>\n<p style=\"text-align: justify;\">Als Boden verwende ich einen klassischen M\u00fcrbeteig aus 250g Mehl, 125g weiche Butter 1 Eigelb und 50ml Wasser. Den Teig kann man auch gerne schon etwas w\u00fcrzen, auf alle F\u00e4lle mit Salz, aber auch Pfeffer oder etwas K\u00fcmmel passen sehr gut. Alle Zutaten z\u00fcgig verkneten und dann erst mal in Frischhaltefolie im K\u00fchlschrank ruhen lassen. Ich mache das z.B. auch morgens vor der Arbeit, wenn sich abends G\u00e4ste angek\u00fcndigt haben. Nur muss man daran denken, den Teig rechtzeitig vor dem Ausrollen wieder raus zu legen, etwa 30 Minuten fr\u00fcher ist gut.\u00a0Ausrollen und eine Springform von 26cm nutzen, den Teig schon mal 20 Minuten bei 200\u00b0C blind backen.<\/p>\n<p style=\"text-align: justify;\">F\u00fcr den Belag 3 Stangen Lauch, 1 Zwiebel und 100 g ger\u00e4ucherter, durchwachsener Bauchspeck zusammen mit Salz, Pfeffer und K\u00fcmmel and\u00fcnsten. 300ml Sahne, 3 Eier und 1 Eigelb verr\u00fchren, mit Salz und Pfeffer w\u00fcrzen.<\/p>\n<p style=\"text-align: justify;\">M\u00fcrbeteigboden aus dem Ofen nehmen und den ged\u00fcnsteten Lauch gleichm\u00e4\u00dfig auf dem M\u00fcrbeteigboden verteilen. Sahne-Ei-Guss dar\u00fcber gie\u00dfen und den Kuchen weitere 35 bis 40 Minuten backen. Ca. 10 Minuten abk\u00fchlen lassen, dann in St\u00fccke schneiden und servieren.<\/p>\n<p>Hoffe es hat Euch geschmeckt?<\/p>\n<p>Liebe Gr\u00fc\u00dfe<\/p>\n<p>Ge-sa<\/p>\n<p>&nbsp;<\/p>\n","protected":false},"excerpt":{"rendered":"<p>Ist das jetzt Ge-backen oder Ge-kocht? Nun gut, auf alle F\u00e4lle ist es Ge-gessen, weil die Tarte so lecker und ein tolles Abendessen ist. Wenn man die Tarte noch mit einem Salat und einem sch\u00f6nen Wein kombiniert, dann kann man sie auch wunderbar f\u00fcr ein Essen unter Freunden verwenden. Sie l\u00e4\u00dft sich gut vorbereiten und [&hellip;]<\/p>\n","protected":false},"author":1,"featured_media":204,"comment_status":"open","ping_status":"open","sticky":false,"template":"","format":"standard","meta":{"jetpack_post_was_ever_published":false,"_jetpack_newsletter_access":"","_jetpack_dont_email_post_to_subs":true,"_jetpack_newsletter_tier_id":0,"_jetpack_memberships_contains_paywalled_content":false,"_jetpack_memberships_contains_paid_content":false,"footnotes":"","jetpack_publicize_message":"","jetpack_publicize_feature_enabled":true,"jetpack_social_post_already_shared":true,"jetpack_social_options":{"image_generator_settings":{"template":"highway","default_image_id":0,"font":"","enabled":false},"version":2}},"categories":[17,10,4],"tags":[19],"class_list":["post-200","post","type-post","status-publish","format-standard","has-post-thumbnail","hentry","category-ge-backen","category-ge-kocht","category-ge-tan","tag-tarte-lauch-poree"],"yoast_head":"<!-- This site is optimized with the Yoast SEO plugin v27.5 - https:\/\/yoast.com\/product\/yoast-seo-wordpress\/ -->\n<title>Ge-kocht: Schinken-Lauch Tarte - ge-sagt.de<\/title>\n<meta name=\"robots\" content=\"index, follow, max-snippet:-1, max-image-preview:large, max-video-preview:-1\" \/>\n<link rel=\"canonical\" href=\"https:\/\/www.ge-sagt.de\/index.php\/ge-kocht-schinken-lauch-tarte\/\" \/>\n<meta property=\"og:locale\" content=\"de_DE\" \/>\n<meta property=\"og:type\" content=\"article\" \/>\n<meta property=\"og:title\" content=\"Ge-kocht: Schinken-Lauch Tarte - ge-sagt.de\" \/>\n<meta property=\"og:description\" content=\"Ist das jetzt Ge-backen oder Ge-kocht? Nun gut, auf alle F\u00e4lle ist es Ge-gessen, weil die Tarte so lecker und ein tolles Abendessen ist. Wenn man die Tarte noch mit einem Salat und einem sch\u00f6nen Wein kombiniert, dann kann man sie auch wunderbar f\u00fcr ein Essen unter Freunden verwenden. Sie l\u00e4\u00dft sich gut vorbereiten und [&hellip;]\" \/>\n<meta property=\"og:url\" content=\"https:\/\/www.ge-sagt.de\/index.php\/ge-kocht-schinken-lauch-tarte\/\" \/>\n<meta property=\"og:site_name\" content=\"ge-sagt.de\" \/>\n<meta property=\"article:published_time\" content=\"2013-04-05T17:38:59+00:00\" \/>\n<meta property=\"article:modified_time\" content=\"2016-10-25T12:06:28+00:00\" \/>\n<meta property=\"og:image\" content=\"https:\/\/www.ge-sagt.de\/wp-content\/uploads\/2013\/04\/Lauch-Tarte.jpg\" \/>\n\t<meta property=\"og:image:width\" content=\"600\" \/>\n\t<meta property=\"og:image:height\" content=\"748\" \/>\n\t<meta property=\"og:image:type\" content=\"image\/jpeg\" \/>\n<meta name=\"author\" content=\"admin\" \/>\n<meta name=\"twitter:label1\" content=\"Verfasst von\" \/>\n\t<meta name=\"twitter:data1\" content=\"admin\" \/>\n\t<meta name=\"twitter:label2\" content=\"Gesch\u00e4tzte Lesezeit\" \/>\n\t<meta name=\"twitter:data2\" content=\"1\u00a0Minute\" \/>\n<script type=\"application\/ld+json\" class=\"yoast-schema-graph\">{\"@context\":\"https:\\\/\\\/schema.org\",\"@graph\":[{\"@type\":\"Article\",\"@id\":\"https:\\\/\\\/www.ge-sagt.de\\\/index.php\\\/ge-kocht-schinken-lauch-tarte\\\/#article\",\"isPartOf\":{\"@id\":\"https:\\\/\\\/www.ge-sagt.de\\\/index.php\\\/ge-kocht-schinken-lauch-tarte\\\/\"},\"author\":{\"name\":\"admin\",\"@id\":\"https:\\\/\\\/www.ge-sagt.de\\\/#\\\/schema\\\/person\\\/fd61913b46000e0757925ab261bed244\"},\"headline\":\"Ge-kocht: Schinken-Lauch Tarte\",\"datePublished\":\"2013-04-05T17:38:59+00:00\",\"dateModified\":\"2016-10-25T12:06:28+00:00\",\"mainEntityOfPage\":{\"@id\":\"https:\\\/\\\/www.ge-sagt.de\\\/index.php\\\/ge-kocht-schinken-lauch-tarte\\\/\"},\"wordCount\":276,\"commentCount\":2,\"image\":{\"@id\":\"https:\\\/\\\/www.ge-sagt.de\\\/index.php\\\/ge-kocht-schinken-lauch-tarte\\\/#primaryimage\"},\"thumbnailUrl\":\"https:\\\/\\\/www.ge-sagt.de\\\/wp-content\\\/uploads\\\/2013\\\/04\\\/Lauch-Tarte.jpg\",\"keywords\":[\"Tarte Lauch Poree\"],\"articleSection\":[\"Ge-backen\",\"Ge-kocht\",\"Ge-tan\"],\"inLanguage\":\"de\",\"potentialAction\":[{\"@type\":\"CommentAction\",\"name\":\"Comment\",\"target\":[\"https:\\\/\\\/www.ge-sagt.de\\\/index.php\\\/ge-kocht-schinken-lauch-tarte\\\/#respond\"]}]},{\"@type\":\"WebPage\",\"@id\":\"https:\\\/\\\/www.ge-sagt.de\\\/index.php\\\/ge-kocht-schinken-lauch-tarte\\\/\",\"url\":\"https:\\\/\\\/www.ge-sagt.de\\\/index.php\\\/ge-kocht-schinken-lauch-tarte\\\/\",\"name\":\"Ge-kocht: Schinken-Lauch Tarte - ge-sagt.de\",\"isPartOf\":{\"@id\":\"https:\\\/\\\/www.ge-sagt.de\\\/#website\"},\"primaryImageOfPage\":{\"@id\":\"https:\\\/\\\/www.ge-sagt.de\\\/index.php\\\/ge-kocht-schinken-lauch-tarte\\\/#primaryimage\"},\"image\":{\"@id\":\"https:\\\/\\\/www.ge-sagt.de\\\/index.php\\\/ge-kocht-schinken-lauch-tarte\\\/#primaryimage\"},\"thumbnailUrl\":\"https:\\\/\\\/www.ge-sagt.de\\\/wp-content\\\/uploads\\\/2013\\\/04\\\/Lauch-Tarte.jpg\",\"datePublished\":\"2013-04-05T17:38:59+00:00\",\"dateModified\":\"2016-10-25T12:06:28+00:00\",\"author\":{\"@id\":\"https:\\\/\\\/www.ge-sagt.de\\\/#\\\/schema\\\/person\\\/fd61913b46000e0757925ab261bed244\"},\"breadcrumb\":{\"@id\":\"https:\\\/\\\/www.ge-sagt.de\\\/index.php\\\/ge-kocht-schinken-lauch-tarte\\\/#breadcrumb\"},\"inLanguage\":\"de\",\"potentialAction\":[{\"@type\":\"ReadAction\",\"target\":[\"https:\\\/\\\/www.ge-sagt.de\\\/index.php\\\/ge-kocht-schinken-lauch-tarte\\\/\"]}]},{\"@type\":\"ImageObject\",\"inLanguage\":\"de\",\"@id\":\"https:\\\/\\\/www.ge-sagt.de\\\/index.php\\\/ge-kocht-schinken-lauch-tarte\\\/#primaryimage\",\"url\":\"https:\\\/\\\/www.ge-sagt.de\\\/wp-content\\\/uploads\\\/2013\\\/04\\\/Lauch-Tarte.jpg\",\"contentUrl\":\"https:\\\/\\\/www.ge-sagt.de\\\/wp-content\\\/uploads\\\/2013\\\/04\\\/Lauch-Tarte.jpg\",\"width\":600,\"height\":748},{\"@type\":\"BreadcrumbList\",\"@id\":\"https:\\\/\\\/www.ge-sagt.de\\\/index.php\\\/ge-kocht-schinken-lauch-tarte\\\/#breadcrumb\",\"itemListElement\":[{\"@type\":\"ListItem\",\"position\":1,\"name\":\"Home\",\"item\":\"https:\\\/\\\/www.ge-sagt.de\\\/\"},{\"@type\":\"ListItem\",\"position\":2,\"name\":\"Ge-kocht: Schinken-Lauch Tarte\"}]},{\"@type\":\"WebSite\",\"@id\":\"https:\\\/\\\/www.ge-sagt.de\\\/#website\",\"url\":\"https:\\\/\\\/www.ge-sagt.de\\\/\",\"name\":\"ge-sagt.de\",\"description\":\"Gesa denkt, sagt und tut auf diesem Blog\",\"potentialAction\":[{\"@type\":\"SearchAction\",\"target\":{\"@type\":\"EntryPoint\",\"urlTemplate\":\"https:\\\/\\\/www.ge-sagt.de\\\/?s={search_term_string}\"},\"query-input\":{\"@type\":\"PropertyValueSpecification\",\"valueRequired\":true,\"valueName\":\"search_term_string\"}}],\"inLanguage\":\"de\"},{\"@type\":\"Person\",\"@id\":\"https:\\\/\\\/www.ge-sagt.de\\\/#\\\/schema\\\/person\\\/fd61913b46000e0757925ab261bed244\",\"name\":\"admin\",\"image\":{\"@type\":\"ImageObject\",\"inLanguage\":\"de\",\"@id\":\"https:\\\/\\\/secure.gravatar.com\\\/avatar\\\/ec67efe022d534656397a5f6dafc9fa173390409b68c0ca87c9f41deea320766?s=96&d=mm&r=g\",\"url\":\"https:\\\/\\\/secure.gravatar.com\\\/avatar\\\/ec67efe022d534656397a5f6dafc9fa173390409b68c0ca87c9f41deea320766?s=96&d=mm&r=g\",\"contentUrl\":\"https:\\\/\\\/secure.gravatar.com\\\/avatar\\\/ec67efe022d534656397a5f6dafc9fa173390409b68c0ca87c9f41deea320766?s=96&d=mm&r=g\",\"caption\":\"admin\"},\"url\":\"https:\\\/\\\/www.ge-sagt.de\\\/index.php\\\/author\\\/admin\\\/\"}]}<\/script>\n<!-- \/ Yoast SEO plugin. -->","yoast_head_json":{"title":"Ge-kocht: Schinken-Lauch Tarte - ge-sagt.de","robots":{"index":"index","follow":"follow","max-snippet":"max-snippet:-1","max-image-preview":"max-image-preview:large","max-video-preview":"max-video-preview:-1"},"canonical":"https:\/\/www.ge-sagt.de\/index.php\/ge-kocht-schinken-lauch-tarte\/","og_locale":"de_DE","og_type":"article","og_title":"Ge-kocht: Schinken-Lauch Tarte - ge-sagt.de","og_description":"Ist das jetzt Ge-backen oder Ge-kocht? Nun gut, auf alle F\u00e4lle ist es Ge-gessen, weil die Tarte so lecker und ein tolles Abendessen ist. Wenn man die Tarte noch mit einem Salat und einem sch\u00f6nen Wein kombiniert, dann kann man sie auch wunderbar f\u00fcr ein Essen unter Freunden verwenden. Sie l\u00e4\u00dft sich gut vorbereiten und [&hellip;]","og_url":"https:\/\/www.ge-sagt.de\/index.php\/ge-kocht-schinken-lauch-tarte\/","og_site_name":"ge-sagt.de","article_published_time":"2013-04-05T17:38:59+00:00","article_modified_time":"2016-10-25T12:06:28+00:00","og_image":[{"width":600,"height":748,"url":"https:\/\/www.ge-sagt.de\/wp-content\/uploads\/2013\/04\/Lauch-Tarte.jpg","type":"image\/jpeg"}],"author":"admin","twitter_misc":{"Verfasst von":"admin","Gesch\u00e4tzte Lesezeit":"1\u00a0Minute"},"schema":{"@context":"https:\/\/schema.org","@graph":[{"@type":"Article","@id":"https:\/\/www.ge-sagt.de\/index.php\/ge-kocht-schinken-lauch-tarte\/#article","isPartOf":{"@id":"https:\/\/www.ge-sagt.de\/index.php\/ge-kocht-schinken-lauch-tarte\/"},"author":{"name":"admin","@id":"https:\/\/www.ge-sagt.de\/#\/schema\/person\/fd61913b46000e0757925ab261bed244"},"headline":"Ge-kocht: Schinken-Lauch Tarte","datePublished":"2013-04-05T17:38:59+00:00","dateModified":"2016-10-25T12:06:28+00:00","mainEntityOfPage":{"@id":"https:\/\/www.ge-sagt.de\/index.php\/ge-kocht-schinken-lauch-tarte\/"},"wordCount":276,"commentCount":2,"image":{"@id":"https:\/\/www.ge-sagt.de\/index.php\/ge-kocht-schinken-lauch-tarte\/#primaryimage"},"thumbnailUrl":"https:\/\/www.ge-sagt.de\/wp-content\/uploads\/2013\/04\/Lauch-Tarte.jpg","keywords":["Tarte Lauch Poree"],"articleSection":["Ge-backen","Ge-kocht","Ge-tan"],"inLanguage":"de","potentialAction":[{"@type":"CommentAction","name":"Comment","target":["https:\/\/www.ge-sagt.de\/index.php\/ge-kocht-schinken-lauch-tarte\/#respond"]}]},{"@type":"WebPage","@id":"https:\/\/www.ge-sagt.de\/index.php\/ge-kocht-schinken-lauch-tarte\/","url":"https:\/\/www.ge-sagt.de\/index.php\/ge-kocht-schinken-lauch-tarte\/","name":"Ge-kocht: Schinken-Lauch Tarte - ge-sagt.de","isPartOf":{"@id":"https:\/\/www.ge-sagt.de\/#website"},"primaryImageOfPage":{"@id":"https:\/\/www.ge-sagt.de\/index.php\/ge-kocht-schinken-lauch-tarte\/#primaryimage"},"image":{"@id":"https:\/\/www.ge-sagt.de\/index.php\/ge-kocht-schinken-lauch-tarte\/#primaryimage"},"thumbnailUrl":"https:\/\/www.ge-sagt.de\/wp-content\/uploads\/2013\/04\/Lauch-Tarte.jpg","datePublished":"2013-04-05T17:38:59+00:00","dateModified":"2016-10-25T12:06:28+00:00","author":{"@id":"https:\/\/www.ge-sagt.de\/#\/schema\/person\/fd61913b46000e0757925ab261bed244"},"breadcrumb":{"@id":"https:\/\/www.ge-sagt.de\/index.php\/ge-kocht-schinken-lauch-tarte\/#breadcrumb"},"inLanguage":"de","potentialAction":[{"@type":"ReadAction","target":["https:\/\/www.ge-sagt.de\/index.php\/ge-kocht-schinken-lauch-tarte\/"]}]},{"@type":"ImageObject","inLanguage":"de","@id":"https:\/\/www.ge-sagt.de\/index.php\/ge-kocht-schinken-lauch-tarte\/#primaryimage","url":"https:\/\/www.ge-sagt.de\/wp-content\/uploads\/2013\/04\/Lauch-Tarte.jpg","contentUrl":"https:\/\/www.ge-sagt.de\/wp-content\/uploads\/2013\/04\/Lauch-Tarte.jpg","width":600,"height":748},{"@type":"BreadcrumbList","@id":"https:\/\/www.ge-sagt.de\/index.php\/ge-kocht-schinken-lauch-tarte\/#breadcrumb","itemListElement":[{"@type":"ListItem","position":1,"name":"Home","item":"https:\/\/www.ge-sagt.de\/"},{"@type":"ListItem","position":2,"name":"Ge-kocht: Schinken-Lauch Tarte"}]},{"@type":"WebSite","@id":"https:\/\/www.ge-sagt.de\/#website","url":"https:\/\/www.ge-sagt.de\/","name":"ge-sagt.de","description":"Gesa denkt, sagt und tut auf diesem Blog","potentialAction":[{"@type":"SearchAction","target":{"@type":"EntryPoint","urlTemplate":"https:\/\/www.ge-sagt.de\/?s={search_term_string}"},"query-input":{"@type":"PropertyValueSpecification","valueRequired":true,"valueName":"search_term_string"}}],"inLanguage":"de"},{"@type":"Person","@id":"https:\/\/www.ge-sagt.de\/#\/schema\/person\/fd61913b46000e0757925ab261bed244","name":"admin","image":{"@type":"ImageObject","inLanguage":"de","@id":"https:\/\/secure.gravatar.com\/avatar\/ec67efe022d534656397a5f6dafc9fa173390409b68c0ca87c9f41deea320766?s=96&d=mm&r=g","url":"https:\/\/secure.gravatar.com\/avatar\/ec67efe022d534656397a5f6dafc9fa173390409b68c0ca87c9f41deea320766?s=96&d=mm&r=g","contentUrl":"https:\/\/secure.gravatar.com\/avatar\/ec67efe022d534656397a5f6dafc9fa173390409b68c0ca87c9f41deea320766?s=96&d=mm&r=g","caption":"admin"},"url":"https:\/\/www.ge-sagt.de\/index.php\/author\/admin\/"}]}},"jetpack_publicize_connections":[],"jetpack_featured_media_url":"https:\/\/www.ge-sagt.de\/wp-content\/uploads\/2013\/04\/Lauch-Tarte.jpg","jetpack_shortlink":"https:\/\/wp.me\/p3aAW4-3e","jetpack_sharing_enabled":true,"_links":{"self":[{"href":"https:\/\/www.ge-sagt.de\/index.php\/wp-json\/wp\/v2\/posts\/200","targetHints":{"allow":["GET"]}}],"collection":[{"href":"https:\/\/www.ge-sagt.de\/index.php\/wp-json\/wp\/v2\/posts"}],"about":[{"href":"https:\/\/www.ge-sagt.de\/index.php\/wp-json\/wp\/v2\/types\/post"}],"author":[{"embeddable":true,"href":"https:\/\/www.ge-sagt.de\/index.php\/wp-json\/wp\/v2\/users\/1"}],"replies":[{"embeddable":true,"href":"https:\/\/www.ge-sagt.de\/index.php\/wp-json\/wp\/v2\/comments?post=200"}],"version-history":[{"count":19,"href":"https:\/\/www.ge-sagt.de\/index.php\/wp-json\/wp\/v2\/posts\/200\/revisions"}],"predecessor-version":[{"id":223,"href":"https:\/\/www.ge-sagt.de\/index.php\/wp-json\/wp\/v2\/posts\/200\/revisions\/223"}],"wp:featuredmedia":[{"embeddable":true,"href":"https:\/\/www.ge-sagt.de\/index.php\/wp-json\/wp\/v2\/media\/204"}],"wp:attachment":[{"href":"https:\/\/www.ge-sagt.de\/index.php\/wp-json\/wp\/v2\/media?parent=200"}],"wp:term":[{"taxonomy":"category","embeddable":true,"href":"https:\/\/www.ge-sagt.de\/index.php\/wp-json\/wp\/v2\/categories?post=200"},{"taxonomy":"post_tag","embeddable":true,"href":"https:\/\/www.ge-sagt.de\/index.php\/wp-json\/wp\/v2\/tags?post=200"}],"curies":[{"name":"wp","href":"https:\/\/api.w.org\/{rel}","templated":true}]}}