{"id":1741,"date":"2014-10-22T21:18:43","date_gmt":"2014-10-22T19:18:43","guid":{"rendered":"http:\/\/www.ge-sagt.de\/?p=1741"},"modified":"2018-07-29T21:26:21","modified_gmt":"2018-07-29T19:26:21","slug":"ge-reist-kurzurlaub-boltenhagen","status":"publish","type":"post","link":"https:\/\/www.ge-sagt.de\/index.php\/ge-reist-kurzurlaub-boltenhagen\/","title":{"rendered":"Ge-reist: Kurzurlaub in Boltenhagen"},"content":{"rendered":"<div class=\"fusion-fullwidth fullwidth-box fusion-builder-row-1 hundred-percent-fullwidth non-hundred-percent-height-scrolling\" style=\"--awb-border-radius-top-left:0px;--awb-border-radius-top-right:0px;--awb-border-radius-bottom-right:0px;--awb-border-radius-bottom-left:0px;--awb-overflow:visible;--awb-flex-wrap:wrap;\" ><div class=\"fusion-builder-row fusion-row\"><div class=\"fusion-layout-column fusion_builder_column fusion-builder-column-0 fusion_builder_column_1_1 1_1 fusion-one-full fusion-column-first fusion-column-last fusion-column-no-min-height\" style=\"--awb-bg-size:cover;--awb-margin-bottom:0px;\"><div class=\"fusion-column-wrapper fusion-flex-column-wrapper-legacy\">\n<div class=\"tiled-gallery type-rectangular tiled-gallery-unresized\" data-original-width=\"1100\" data-carousel-extra='{&quot;blog_id&quot;:1,&quot;permalink&quot;:&quot;https:\\\/\\\/www.ge-sagt.de\\\/index.php\\\/ge-reist-kurzurlaub-boltenhagen\\\/&quot;,&quot;likes_blog_id&quot;:46854272}' itemscope itemtype=\"http:\/\/schema.org\/ImageGallery\" > <div class=\"gallery-row\" style=\"width: 1100px; height: 840px;\" data-original-width=\"1100\" data-original-height=\"840\" > <div class=\"gallery-group images-1\" style=\"width: 631px; height: 840px;\" data-original-width=\"631\" data-original-height=\"840\" > <div class=\"tiled-gallery-item tiled-gallery-item-large\" itemprop=\"associatedMedia\" itemscope itemtype=\"http:\/\/schema.org\/ImageObject\"> <a href=\"https:\/\/www.ge-sagt.de\/index.php\/ge-reist-kurzurlaub-boltenhagen\/boltenhagen-1\/\" border=\"0\" itemprop=\"url\"> <meta itemprop=\"width\" content=\"627\"> <meta itemprop=\"height\" content=\"836\"> <img decoding=\"async\" class=\"\" data-attachment-id=\"1753\" data-orig-file=\"https:\/\/www.ge-sagt.de\/wp-content\/uploads\/2014\/10\/boltenhagen-1.jpg\" data-orig-size=\"800,1067\" data-comments-opened=\"1\" data-image-meta=\"{&quot;aperture&quot;:&quot;2.4&quot;,&quot;credit&quot;:&quot;&quot;,&quot;camera&quot;:&quot;iPhone 4S&quot;,&quot;caption&quot;:&quot;&quot;,&quot;created_timestamp&quot;:&quot;1412273032&quot;,&quot;copyright&quot;:&quot;&quot;,&quot;focal_length&quot;:&quot;4.28&quot;,&quot;iso&quot;:&quot;64&quot;,&quot;shutter_speed&quot;:&quot;0.016666666666667&quot;,&quot;title&quot;:&quot;&quot;}\" data-image-title=\"boltenhagen 1\" data-image-description=\"\" data-medium-file=\"https:\/\/www.ge-sagt.de\/wp-content\/uploads\/2014\/10\/boltenhagen-1-600x800.jpg\" data-large-file=\"https:\/\/www.ge-sagt.de\/wp-content\/uploads\/2014\/10\/boltenhagen-1-767x1024.jpg\" src=\"https:\/\/i0.wp.com\/www.ge-sagt.de\/wp-content\/uploads\/2014\/10\/boltenhagen-1.jpg?w=627&#038;h=836&#038;ssl=1\" srcset=\"https:\/\/www.ge-sagt.de\/wp-content\/uploads\/2014\/10\/boltenhagen-1-224x300.jpg 224w, https:\/\/www.ge-sagt.de\/wp-content\/uploads\/2014\/10\/boltenhagen-1-600x800.jpg 600w, https:\/\/www.ge-sagt.de\/wp-content\/uploads\/2014\/10\/boltenhagen-1-767x1024.jpg 767w, https:\/\/www.ge-sagt.de\/wp-content\/uploads\/2014\/10\/boltenhagen-1.jpg 800w\" width=\"627\" height=\"836\" loading=\"lazy\" data-original-width=\"627\" data-original-height=\"836\" itemprop=\"http:\/\/schema.org\/image\" title=\"boltenhagen 1\" alt=\"boltenhagen 1\" style=\"width: 627px; height: 836px;\" \/> <\/a> <\/div> <\/div> <!-- close group --> <div class=\"gallery-group images-2\" style=\"width: 469px; height: 840px;\" data-original-width=\"469\" data-original-height=\"840\" > <div class=\"tiled-gallery-item tiled-gallery-item-large\" itemprop=\"associatedMedia\" itemscope itemtype=\"http:\/\/schema.org\/ImageObject\"> <a href=\"https:\/\/www.ge-sagt.de\/index.php\/ge-reist-kurzurlaub-boltenhagen\/boltenhagen-2\/\" border=\"0\" itemprop=\"url\"> <meta itemprop=\"width\" content=\"465\"> <meta itemprop=\"height\" content=\"464\"> <img decoding=\"async\" class=\"\" data-attachment-id=\"1752\" data-orig-file=\"https:\/\/www.ge-sagt.de\/wp-content\/uploads\/2014\/10\/boltenhagen-2.jpg\" data-orig-size=\"800,798\" data-comments-opened=\"1\" data-image-meta=\"{&quot;aperture&quot;:&quot;2.4&quot;,&quot;credit&quot;:&quot;&quot;,&quot;camera&quot;:&quot;iPhone 4S&quot;,&quot;caption&quot;:&quot;&quot;,&quot;created_timestamp&quot;:&quot;1412273190&quot;,&quot;copyright&quot;:&quot;&quot;,&quot;focal_length&quot;:&quot;4.28&quot;,&quot;iso&quot;:&quot;64&quot;,&quot;shutter_speed&quot;:&quot;0.0083333333333333&quot;,&quot;title&quot;:&quot;&quot;,&quot;resized_images&quot;:{&quot;fusion-500&quot;:&quot;500x383&quot;,&quot;fusion-1000&quot;:&quot;1000x766&quot;}}\" data-image-title=\"boltenhagen 2\" data-image-description=\"\" data-medium-file=\"https:\/\/www.ge-sagt.de\/wp-content\/uploads\/2014\/10\/boltenhagen-2-600x598.jpg\" data-large-file=\"https:\/\/www.ge-sagt.de\/wp-content\/uploads\/2014\/10\/boltenhagen-2.jpg\" src=\"https:\/\/i0.wp.com\/www.ge-sagt.de\/wp-content\/uploads\/2014\/10\/boltenhagen-2.jpg?w=465&#038;h=464&#038;ssl=1\" srcset=\"https:\/\/www.ge-sagt.de\/wp-content\/uploads\/2014\/10\/boltenhagen-2-150x150.jpg 150w, https:\/\/www.ge-sagt.de\/wp-content\/uploads\/2014\/10\/boltenhagen-2-300x300.jpg 300w, https:\/\/www.ge-sagt.de\/wp-content\/uploads\/2014\/10\/boltenhagen-2-600x598.jpg 600w, https:\/\/www.ge-sagt.de\/wp-content\/uploads\/2014\/10\/boltenhagen-2.jpg 800w\" width=\"465\" height=\"464\" loading=\"lazy\" data-original-width=\"465\" data-original-height=\"464\" itemprop=\"http:\/\/schema.org\/image\" title=\"boltenhagen 2\" alt=\"boltenhagen 2\" style=\"width: 465px; height: 464px;\" \/> <\/a> <\/div> <div class=\"tiled-gallery-item tiled-gallery-item-large\" itemprop=\"associatedMedia\" itemscope itemtype=\"http:\/\/schema.org\/ImageObject\"> <a href=\"https:\/\/www.ge-sagt.de\/index.php\/ge-reist-kurzurlaub-boltenhagen\/boltenhagen-6\/\" border=\"0\" itemprop=\"url\"> <meta itemprop=\"width\" content=\"465\"> <meta itemprop=\"height\" content=\"368\"> <img decoding=\"async\" class=\"\" data-attachment-id=\"1748\" data-orig-file=\"https:\/\/www.ge-sagt.de\/wp-content\/uploads\/2014\/10\/boltenhagen-6.jpg\" data-orig-size=\"800,633\" data-comments-opened=\"1\" data-image-meta=\"{&quot;aperture&quot;:&quot;2.4&quot;,&quot;credit&quot;:&quot;&quot;,&quot;camera&quot;:&quot;iPhone 4S&quot;,&quot;caption&quot;:&quot;&quot;,&quot;created_timestamp&quot;:&quot;1412441945&quot;,&quot;copyright&quot;:&quot;&quot;,&quot;focal_length&quot;:&quot;4.28&quot;,&quot;iso&quot;:&quot;50&quot;,&quot;shutter_speed&quot;:&quot;0.00097847358121331&quot;,&quot;title&quot;:&quot;&quot;}\" data-image-title=\"boltenhagen 6\" data-image-description=\"\" data-medium-file=\"https:\/\/www.ge-sagt.de\/wp-content\/uploads\/2014\/10\/boltenhagen-6-600x474.jpg\" data-large-file=\"https:\/\/www.ge-sagt.de\/wp-content\/uploads\/2014\/10\/boltenhagen-6.jpg\" src=\"https:\/\/i0.wp.com\/www.ge-sagt.de\/wp-content\/uploads\/2014\/10\/boltenhagen-6.jpg?w=465&#038;h=368&#038;ssl=1\" srcset=\"https:\/\/www.ge-sagt.de\/wp-content\/uploads\/2014\/10\/boltenhagen-6-379x300.jpg 379w, https:\/\/www.ge-sagt.de\/wp-content\/uploads\/2014\/10\/boltenhagen-6-600x474.jpg 600w, https:\/\/www.ge-sagt.de\/wp-content\/uploads\/2014\/10\/boltenhagen-6.jpg 800w\" width=\"465\" height=\"368\" loading=\"lazy\" data-original-width=\"465\" data-original-height=\"368\" itemprop=\"http:\/\/schema.org\/image\" title=\"boltenhagen 6\" alt=\"boltenhagen 6\" style=\"width: 465px; height: 368px;\" \/> <\/a> <\/div> <\/div> <!-- close group --> <\/div> <!-- close row --> <\/div>\n<p>&nbsp;<\/p>\n<p><em>Werbung &#8211; oder Tipp &#8211; ganz wie man es sehen m\u00f6chte. Allerdings unbezahlt und nur weil ich es selbst sch\u00f6n finde!<\/em><\/p>\n<p style=\"text-align: justify;\">Ich hatte mir die Fahrt schon irgendwie entspannter vorgestellt. Ich liebe ja Hamburg wirklich sehr, aber man kommt einfach nicht raus aus dieser Stadt, und auch nicht rein. Stau so weit das Auge reicht und so wird aus der geplanten 1,5 Stunden langen Anfahrt eine 2,5 Stunden lange Anfahrt. Aber dann sind wir da: In Boltenhagen. Und der Kurzurlaub mit meiner kleinen Tochter f\u00fcr ein langes Wochenende kann beginnen.<br \/>\nWir sind nur zu zweit unterwegs, ein M\u00e4delswochenende mit 36 Jahren Altersunterschied. Meine Tochter ist \u00fcbrigens 3 Jahre alt. Eigentlich sind wir eine kleine gl\u00fcckliche Familie die aus 3 Personen besteht, aber der Papa ist dieses Mal mit Freunden unterwegs. Und ich will mir beweisen, das ich\u00a0den Kurztrip mit Kind auch\u00a0alleine hinbekomme. Das war mir schon immer wichtig in meinem Leben, ich bin manchmal ganz gern allein. Ich wei\u00df, dass einige jetzt vielleicht die Augenbrauen kritisch anheben werden, denn ich spreche hier \u00fcber ein Luxusproblem. Es gibt so viele Alleinerziehende, die auch weit weniger sch\u00f6ne Aspekte des Lebens immer alleine wuppen m\u00fcssen, weil ihnen gar nichts anderes \u00fcbrig bleibt. Und ehrlich: Ich habe den gr\u00f6\u00dften Respekt davor. Denn ich finde solche Unternehmungen wie ich es hier f\u00fcr die 4 Tage geplant habe schon anspruchsvoll. Daf\u00fcr habe ich vielleicht ebenfalls Teile in meinem\u00a0Leben, die andere nicht so ohne Weiteres hin bekommen. So hat jeder seine Herausforderungen.<\/p>\n<p style=\"text-align: justify;\"><img decoding=\"async\" data-attachment-id=\"1747\" data-permalink=\"https:\/\/www.ge-sagt.de\/index.php\/ge-reist-kurzurlaub-boltenhagen\/boltenhagen-7\/\" data-orig-file=\"https:\/\/www.ge-sagt.de\/wp-content\/uploads\/2014\/10\/boltenhagen-7.jpg\" data-orig-size=\"800,800\" data-comments-opened=\"1\" data-image-meta=\"{&quot;aperture&quot;:&quot;2.4&quot;,&quot;credit&quot;:&quot;&quot;,&quot;camera&quot;:&quot;iPhone 4S&quot;,&quot;caption&quot;:&quot;&quot;,&quot;created_timestamp&quot;:&quot;1412273278&quot;,&quot;copyright&quot;:&quot;&quot;,&quot;focal_length&quot;:&quot;4.28&quot;,&quot;iso&quot;:&quot;50&quot;,&quot;shutter_speed&quot;:&quot;0.0052356020942408&quot;,&quot;title&quot;:&quot;&quot;}\" data-image-title=\"boltenhagen 7\" data-image-description=\"\" data-image-caption=\"\" data-large-file=\"https:\/\/www.ge-sagt.de\/wp-content\/uploads\/2014\/10\/boltenhagen-7.jpg\" class=\"aligncenter wp-image-1747 size-medium\" src=\"http:\/\/www.ge-sagt.de\/wp-content\/uploads\/2014\/10\/boltenhagen-7-600x600.jpg\" alt=\"boltenhagen 7\" width=\"600\" height=\"600\" srcset=\"https:\/\/www.ge-sagt.de\/wp-content\/uploads\/2014\/10\/boltenhagen-7-150x150.jpg 150w, https:\/\/www.ge-sagt.de\/wp-content\/uploads\/2014\/10\/boltenhagen-7-300x300.jpg 300w, https:\/\/www.ge-sagt.de\/wp-content\/uploads\/2014\/10\/boltenhagen-7-600x600.jpg 600w, https:\/\/www.ge-sagt.de\/wp-content\/uploads\/2014\/10\/boltenhagen-7.jpg 800w\" sizes=\"(max-width: 600px) 100vw, 600px\" \/><\/p>\n<p style=\"text-align: justify;\">Der Weg nach Boltenhagen f\u00fchrt uns durch wundersch\u00f6ne Alleen zun\u00e4chst zum <a title=\"BAIS\" href=\"http:\/\/www.urlaub-in-boltenhagen.de\/\" target=\"_blank\" rel=\"noopener\">Boltenhagener Appartement &amp; Immobilien Service<\/a>, dort holen wir den Schl\u00fcssel f\u00fcr unser Appartement. Und es gibt nicht nur den Schl\u00fcssel sondern sogar eine pers\u00f6nliche Begleitung zum Haus und eine gr\u00fcndliche Einweisung. Alles ist perfekt im <a title=\"Landhaus Victoria\" href=\"http:\/\/www.landhaus-victoria.de\/\" target=\"_blank\" rel=\"noopener\">Landhaus Victoria<\/a>. Es sieht genau so verwunschen und idyllisch aus wie auf den Internetseiten und liegt zwischen hohen B\u00e4umen direkt an der Strandpromenade. Man h\u00f6rt das Meer rauschen und riecht den Wald &#8211; was f\u00fcr eine sch\u00f6ne Mischung. Muschel hei\u00dft unser kleines Appartement und ist f\u00fcr uns 2 optimal. Aber mehr Personen passen auch wirklich nicht rein. Daf\u00fcr gibt es andere Appartements mit mehr\u00a0Platz und teilweise sogar Kaminofen, sie tragen die sch\u00f6nen Namen Schwan, Eisvogel\u00a0oder Seepferdchen.\u00a0\u00a0Aber jetzt erst mal zum Strand. Zur Hintert\u00fcr aus dem Garten, kurz \u00fcber die Strandpromenade und schon ist man am Strand. Waren das \u00fcberhaupt 30 Meter? Die Ostsee liegt ruhig und flach, kein Wind ist sp\u00fcrbar und so scheint es f\u00fcr Anfang Oktober noch richtig warm zu sein. Wei\u00dfe Strandk\u00f6rbe so weit das Auge reicht und Puderzucker-Sand &#8211; wir sind auf alle F\u00e4lle richtig hier!<\/p>\n<p style=\"text-align: justify;\"><img decoding=\"async\" data-attachment-id=\"1751\" data-permalink=\"https:\/\/www.ge-sagt.de\/index.php\/ge-reist-kurzurlaub-boltenhagen\/boltenhagen-3\/\" data-orig-file=\"https:\/\/www.ge-sagt.de\/wp-content\/uploads\/2014\/10\/boltenhagen-3.jpg\" data-orig-size=\"800,800\" data-comments-opened=\"1\" data-image-meta=\"{&quot;aperture&quot;:&quot;2.4&quot;,&quot;credit&quot;:&quot;&quot;,&quot;camera&quot;:&quot;iPhone 4S&quot;,&quot;caption&quot;:&quot;&quot;,&quot;created_timestamp&quot;:&quot;1412416105&quot;,&quot;copyright&quot;:&quot;&quot;,&quot;focal_length&quot;:&quot;4.28&quot;,&quot;iso&quot;:&quot;50&quot;,&quot;shutter_speed&quot;:&quot;0.0051282051282051&quot;,&quot;title&quot;:&quot;&quot;}\" data-image-title=\"boltenhagen 3\" data-image-description=\"\" data-image-caption=\"\" data-large-file=\"https:\/\/www.ge-sagt.de\/wp-content\/uploads\/2014\/10\/boltenhagen-3.jpg\" class=\"aligncenter wp-image-1751 size-medium\" src=\"http:\/\/www.ge-sagt.de\/wp-content\/uploads\/2014\/10\/boltenhagen-3-600x600.jpg\" alt=\"Villa Seebach in Boltenhagen\" width=\"600\" height=\"600\" srcset=\"https:\/\/www.ge-sagt.de\/wp-content\/uploads\/2014\/10\/boltenhagen-3-150x150.jpg 150w, https:\/\/www.ge-sagt.de\/wp-content\/uploads\/2014\/10\/boltenhagen-3-300x300.jpg 300w, https:\/\/www.ge-sagt.de\/wp-content\/uploads\/2014\/10\/boltenhagen-3-600x600.jpg 600w, https:\/\/www.ge-sagt.de\/wp-content\/uploads\/2014\/10\/boltenhagen-3.jpg 800w\" sizes=\"(max-width: 600px) 100vw, 600px\" \/><\/p>\n<p style=\"text-align: justify;\">Der N\u00e4chste Tag empf\u00e4ngt uns mit Wolken, trotzdem ist es windstill und mild, so dass wir den Weg zur <a title=\"Villa Seebach\" href=\"http:\/\/www2.villa-seebach.de\/\" target=\"_blank\" rel=\"noopener\">Villa Seebach<\/a>, wo wir unser Fr\u00fchst\u00fcck bekommen,\u00a0sehr genie\u00dfen. Dieses Haus ist mit seinem Fachwerk und der Holzterrasse eine richtige Augenweide\u00a0an der\u00a0Mittelpromenade, nur 300 Meter vom Landhaus Victoria entfernt. Kein Wunder, denn es blickt auf eine \u00fcber 100-j\u00e4hrige Geschichte\u00a0zur\u00fcck.<\/p>\n<p style=\"text-align: justify;\">Da\u00a0auf\u00a0der Mittel- und Strandpromenade keine Autos erlaubt sind, schlendern wir ganz entspannt mit einigen Zwischenstopps zum Fr\u00fchst\u00fcck &#8211; den R\u00fcckweg k\u00f6nnten wir auch am Strand zur\u00fcck legen. Wir werden sehr freundlich empfangen und das Fr\u00fchst\u00fcck bietet alles was unser Herz begehrt. Nat\u00fcrlich jede Menge Fischspezialit\u00e4ten, aber auch zahlreiche Marmeladen und Konfit\u00fcren. Und meine kleine Tochter? Verh\u00e4lt sich wie das wunderbarste Vorzeigekind \u00fcberhaupt, auch wenn die Nacht nicht ganz optimal war- um das mal vorsichtig auszudr\u00fccken.\u00a0Auch f\u00fcr sie ist es neu das nur ich als bekannter Ansprechpartner in einer fremden Umgebung \u00fcber mehrere Tage\u00a0f\u00fcr sie da bin. Ich habe den Eindruck, dass sie sehr viel aufmerksamer auf mich reagiert und so k\u00f6nnen wir die Zeit zu Zweit richtig genie\u00dfen. Nach dem Fr\u00fchst\u00fcck folgen wir der Mittelpromenade noch etwas weiter Richtung Zentrum. Hier gibt es Souvenirl\u00e4den, kleine Imbisse, unterschiedliche Gesch\u00e4fte mit Kleidung oder Handwerkskunst und einige Restaurants. Aber insgesamt dr\u00e4ngt sich ein Eindruck in den Vordergrund: Es ist wahnsinnig entspannt!<\/p>\n<p style=\"text-align: justify;\"><img decoding=\"async\" data-attachment-id=\"1750\" data-permalink=\"https:\/\/www.ge-sagt.de\/index.php\/ge-reist-kurzurlaub-boltenhagen\/boltenhagen-4\/\" data-orig-file=\"https:\/\/www.ge-sagt.de\/wp-content\/uploads\/2014\/10\/boltenhagen-4.jpg\" data-orig-size=\"800,800\" data-comments-opened=\"1\" data-image-meta=\"{&quot;aperture&quot;:&quot;2.4&quot;,&quot;credit&quot;:&quot;&quot;,&quot;camera&quot;:&quot;iPhone 4S&quot;,&quot;caption&quot;:&quot;&quot;,&quot;created_timestamp&quot;:&quot;1412416196&quot;,&quot;copyright&quot;:&quot;&quot;,&quot;focal_length&quot;:&quot;4.28&quot;,&quot;iso&quot;:&quot;50&quot;,&quot;shutter_speed&quot;:&quot;0.0025906735751295&quot;,&quot;title&quot;:&quot;&quot;}\" data-image-title=\"boltenhagen 4\" data-image-description=\"\" data-image-caption=\"\" data-large-file=\"https:\/\/www.ge-sagt.de\/wp-content\/uploads\/2014\/10\/boltenhagen-4.jpg\" class=\"aligncenter wp-image-1750 size-medium\" src=\"http:\/\/www.ge-sagt.de\/wp-content\/uploads\/2014\/10\/boltenhagen-4-600x600.jpg\" alt=\"boltenhagen 4\" width=\"600\" height=\"600\" srcset=\"https:\/\/www.ge-sagt.de\/wp-content\/uploads\/2014\/10\/boltenhagen-4-150x150.jpg 150w, https:\/\/www.ge-sagt.de\/wp-content\/uploads\/2014\/10\/boltenhagen-4-300x300.jpg 300w, https:\/\/www.ge-sagt.de\/wp-content\/uploads\/2014\/10\/boltenhagen-4-600x600.jpg 600w, https:\/\/www.ge-sagt.de\/wp-content\/uploads\/2014\/10\/boltenhagen-4.jpg 800w\" sizes=\"(max-width: 600px) 100vw, 600px\" \/><\/p>\n<p style=\"text-align: justify;\">Die ganze Atmosph\u00e4re wirkt sehr d\u00f6rflich, alles wird von hohen B\u00e4umen eingerahmt, keine Autos st\u00f6ren die zahlreichen Spazierg\u00e4nger. Nat\u00fcrlich lebt der Ort vom Tourismus und ich wei\u00df nicht wie es im Sommer hier aussieht, aber auch jetzt an diesem Feiertagswochenende sind die Wege voll mit Touristen und trotzdem ist es gem\u00fctlich. Die ganze Infrastruktur ist gut und funktioniert und\u00a0was es so ganz besonders f\u00fcr mich macht ist die lockere Atmosph\u00e4re. Die Strandpromenade ist ein ganz normaler Fu\u00dfweg, hier ist nichts gepflastert und durchgeplant, sondern harmonisch in den ganzen Ort integriert. Es wirkt eben nicht nach einem durchgeplanten Tourismusprojekt dass 2001 am Rei\u00dfbrett entworfen und dann mit aller Macht neu aufgebaut wurde.<\/p>\n<p style=\"text-align: justify;\">Kurz ge-sagt: Ich kenne an der Ostsee Scharbeutz und Niendorf, K\u00fchlungsborn und R\u00fcgen und ich\u00a0habe mich verliebt in Boltenhagen. Und in das Landhaus Victoria. Kein anderes Haus zwischen Strand-und Mittelpromenade sieht so wundersch\u00f6n aus, wie dieses Landhaus. Alle Fu\u00dfg\u00e4nger die vorbei kommen bleiben staunend stehen und nehmen ein Prospekt mit. Sieht man das Haus von au\u00dfen, k\u00f6nnte die etwas kleinere Version Pipi Langstrumpf geh\u00f6ren.<br \/>\nDrinnen aber ist es komfortabel und modern eingerichtet. Die Lage ist zentrumsnah und doch gerade weit genug vom Trubel entfernt, und der Strand ist einfach \u00fcberall in Boltenhagen wundersch\u00f6n. Ich glaube ich habe auf den Skizzen erkannt, dass im Sommer direkt beim Strandzugang vom Landhaus Victoria der FKK-Bereich\u00a0beginnt, aber das ist f\u00fcr unseren Besuch unwichtig. Statt badenden Sommerg\u00e4sten begr\u00fc\u00dfen uns am Samstag Pferde am Strand. Und Indianer. Es ist Strandderby und die Sonne meint es gut mit allen G\u00e4sten.<\/p>\n<p style=\"text-align: justify;\"><img decoding=\"async\" data-attachment-id=\"1749\" data-permalink=\"https:\/\/www.ge-sagt.de\/index.php\/ge-reist-kurzurlaub-boltenhagen\/boltenhagen-5\/\" data-orig-file=\"https:\/\/www.ge-sagt.de\/wp-content\/uploads\/2014\/10\/boltenhagen-5.jpg\" data-orig-size=\"800,800\" data-comments-opened=\"1\" data-image-meta=\"{&quot;aperture&quot;:&quot;2.4&quot;,&quot;credit&quot;:&quot;&quot;,&quot;camera&quot;:&quot;iPhone 4S&quot;,&quot;caption&quot;:&quot;&quot;,&quot;created_timestamp&quot;:&quot;1412430411&quot;,&quot;copyright&quot;:&quot;&quot;,&quot;focal_length&quot;:&quot;4.28&quot;,&quot;iso&quot;:&quot;50&quot;,&quot;shutter_speed&quot;:&quot;0.00045289855072464&quot;,&quot;title&quot;:&quot;&quot;}\" data-image-title=\"boltenhagen 5\" data-image-description=\"\" data-image-caption=\"\" data-large-file=\"https:\/\/www.ge-sagt.de\/wp-content\/uploads\/2014\/10\/boltenhagen-5.jpg\" class=\"aligncenter wp-image-1749 size-medium\" src=\"http:\/\/www.ge-sagt.de\/wp-content\/uploads\/2014\/10\/boltenhagen-5-600x600.jpg\" alt=\"boltenhagen 5\" width=\"600\" height=\"600\" srcset=\"https:\/\/www.ge-sagt.de\/wp-content\/uploads\/2014\/10\/boltenhagen-5-150x150.jpg 150w, https:\/\/www.ge-sagt.de\/wp-content\/uploads\/2014\/10\/boltenhagen-5-300x300.jpg 300w, https:\/\/www.ge-sagt.de\/wp-content\/uploads\/2014\/10\/boltenhagen-5-600x600.jpg 600w, https:\/\/www.ge-sagt.de\/wp-content\/uploads\/2014\/10\/boltenhagen-5.jpg 800w\" sizes=\"(max-width: 600px) 100vw, 600px\" \/><\/p>\n<p style=\"text-align: justify;\">Geboten wird ein\u00a0Kinderanimationsprogramm, eine Voltigier Show, eine Indianershow und nat\u00fcrlich das eigentliche Derby. Wer m\u00f6chte kann direkt am Strand ein paar Kleinigkeiten essen oder geht Richtung Seebr\u00fccke ins Zentrum und schlemmt rund um den Kurpark an den unterschiedlichen St\u00e4nden alles was das Herz begehrt. Wir lassen es uns richtig gut gehen und ich verw\u00f6hne meine Tochter mit Pommes und Eis. Am 3. Tag unseres Kurzurlaubs bin ich soweit, dass ich alle unn\u00f6tigen Diskussionen ausfallen lasse- gesunde Ern\u00e4hrung und geregelte Tagesabl\u00e4ufe verschieben wir auf zu Hause. 24 Stunden rundum Betreuung und Alleinverantwortung fordern bei mir ihren Tribut. Ich m\u00f6chte einfach einen entspannten Urlaub und lockere die Erziehungsz\u00fcgel &#8211; was meine Tochter auch entsprechend honoriert. So genie\u00dfen wir unsere letzten\u00a0beiden Tage\u00a0zu Zweit und nehmen ganz viel Boltenhagen-Entspannung mit nach Haus. Gest\u00e4rkt und wieder anders verbunden durch diesen Kurzurlaub.<br \/>\n&#8222;Es war richtig sch\u00f6n hier, oder? Sollen wir hier noch mal her kommen?&#8220;<br \/>\n&#8222;Ja, das wollen wir. Hier ist es richtig toll! Und das n\u00e4chste Mal mit Papa! Dem zeig ich dann alles!&#8220;<br \/>\nJa, genau. Aber wenn es sein muss, k\u00f6nnen wir es auch zu zweit schaffen. Richtig gut sogar. Und das macht mich stolz. Auf meine Tochter und auf mich.<br \/>\nDanke Boltenhagen &#8211; wir kommen ganz bald wieder!<\/p>\n<p style=\"text-align: justify;\">Liebe Gr\u00fc\u00dfe<br \/>\nGesa<\/p>\n<div class=\"fusion-clearfix\"><\/div><\/div><\/div><\/div><\/div>\n","protected":false},"excerpt":{"rendered":"","protected":false},"author":2,"featured_media":1752,"comment_status":"open","ping_status":"open","sticky":false,"template":"","format":"standard","meta":{"jetpack_post_was_ever_published":false,"_jetpack_newsletter_access":"","_jetpack_dont_email_post_to_subs":true,"_jetpack_newsletter_tier_id":0,"_jetpack_memberships_contains_paywalled_content":false,"_jetpack_memberships_contains_paid_content":false,"footnotes":"","jetpack_publicize_message":"Ge-reist: Kurzurlaub in Boltenhagen http:\/\/wp.me\/p3aAW4-s5","jetpack_publicize_feature_enabled":true,"jetpack_social_post_already_shared":true,"jetpack_social_options":{"image_generator_settings":{"template":"highway","default_image_id":0,"font":"","enabled":false},"version":2}},"categories":[1,69],"tags":[402,403,407,409,405,404,45,72,410,406,408],"class_list":["post-1741","post","type-post","status-publish","format-standard","has-post-thumbnail","hentry","category-allgemein","category-ge-reist","tag-boltenhagen","tag-kurzurlaub","tag-landhaus","tag-mutter","tag-oktober","tag-ostsee","tag-reise","tag-strand","tag-tochter","tag-unterkunft","tag-victoria"],"yoast_head":"<!-- This site is optimized with the Yoast SEO plugin v27.5 - https:\/\/yoast.com\/product\/yoast-seo-wordpress\/ -->\n<title>Ge-reist: Kurzurlaub in Boltenhagen - ge-sagt.de<\/title>\n<meta name=\"description\" content=\"Ein Kurzurlaub in Boltenhagen als Mutter-Tochter Trip- Entspannung pur im Landhaus Victoria und Eindr\u00fccke vom Strandderby.\" \/>\n<meta name=\"robots\" content=\"index, follow, max-snippet:-1, max-image-preview:large, max-video-preview:-1\" \/>\n<link rel=\"canonical\" href=\"https:\/\/www.ge-sagt.de\/index.php\/ge-reist-kurzurlaub-boltenhagen\/\" \/>\n<meta property=\"og:locale\" content=\"de_DE\" \/>\n<meta property=\"og:type\" content=\"article\" \/>\n<meta property=\"og:title\" content=\"Ge-reist: Kurzurlaub in Boltenhagen - ge-sagt.de\" \/>\n<meta property=\"og:description\" content=\"Ein Kurzurlaub in Boltenhagen als Mutter-Tochter Trip- Entspannung pur im Landhaus Victoria und Eindr\u00fccke vom Strandderby.\" \/>\n<meta property=\"og:url\" content=\"https:\/\/www.ge-sagt.de\/index.php\/ge-reist-kurzurlaub-boltenhagen\/\" \/>\n<meta property=\"og:site_name\" content=\"ge-sagt.de\" \/>\n<meta property=\"article:published_time\" content=\"2014-10-22T19:18:43+00:00\" \/>\n<meta property=\"article:modified_time\" content=\"2018-07-29T19:26:21+00:00\" \/>\n<meta property=\"og:image\" content=\"https:\/\/www.ge-sagt.de\/wp-content\/uploads\/2014\/10\/boltenhagen-2.jpg\" \/>\n\t<meta property=\"og:image:width\" content=\"800\" \/>\n\t<meta property=\"og:image:height\" content=\"798\" \/>\n\t<meta property=\"og:image:type\" content=\"image\/jpeg\" \/>\n<meta name=\"author\" content=\"Gesa\" \/>\n<meta name=\"twitter:label1\" content=\"Verfasst von\" \/>\n\t<meta name=\"twitter:data1\" content=\"Gesa\" \/>\n\t<meta name=\"twitter:label2\" content=\"Gesch\u00e4tzte Lesezeit\" \/>\n\t<meta name=\"twitter:data2\" content=\"6\u00a0Minuten\" \/>\n<script type=\"application\/ld+json\" class=\"yoast-schema-graph\">{\"@context\":\"https:\\\/\\\/schema.org\",\"@graph\":[{\"@type\":\"Article\",\"@id\":\"https:\\\/\\\/www.ge-sagt.de\\\/index.php\\\/ge-reist-kurzurlaub-boltenhagen\\\/#article\",\"isPartOf\":{\"@id\":\"https:\\\/\\\/www.ge-sagt.de\\\/index.php\\\/ge-reist-kurzurlaub-boltenhagen\\\/\"},\"author\":{\"name\":\"Gesa\",\"@id\":\"https:\\\/\\\/www.ge-sagt.de\\\/#\\\/schema\\\/person\\\/f6ec6da1209901fb058ae74d414f295d\"},\"headline\":\"Ge-reist: Kurzurlaub in Boltenhagen\",\"datePublished\":\"2014-10-22T19:18:43+00:00\",\"dateModified\":\"2018-07-29T19:26:21+00:00\",\"mainEntityOfPage\":{\"@id\":\"https:\\\/\\\/www.ge-sagt.de\\\/index.php\\\/ge-reist-kurzurlaub-boltenhagen\\\/\"},\"wordCount\":1295,\"commentCount\":5,\"image\":{\"@id\":\"https:\\\/\\\/www.ge-sagt.de\\\/index.php\\\/ge-reist-kurzurlaub-boltenhagen\\\/#primaryimage\"},\"thumbnailUrl\":\"https:\\\/\\\/www.ge-sagt.de\\\/wp-content\\\/uploads\\\/2014\\\/10\\\/boltenhagen-2.jpg\",\"keywords\":[\"Boltenhagen\",\"Kurzurlaub\",\"Landhaus\",\"Mutter\",\"Oktober\",\"Ostsee\",\"Reise\",\"Strand\",\"Tochter\",\"Unterkunft\",\"Victoria\"],\"articleSection\":{\"1\":\"Ge-reist\"},\"inLanguage\":\"de\",\"potentialAction\":[{\"@type\":\"CommentAction\",\"name\":\"Comment\",\"target\":[\"https:\\\/\\\/www.ge-sagt.de\\\/index.php\\\/ge-reist-kurzurlaub-boltenhagen\\\/#respond\"]}]},{\"@type\":\"WebPage\",\"@id\":\"https:\\\/\\\/www.ge-sagt.de\\\/index.php\\\/ge-reist-kurzurlaub-boltenhagen\\\/\",\"url\":\"https:\\\/\\\/www.ge-sagt.de\\\/index.php\\\/ge-reist-kurzurlaub-boltenhagen\\\/\",\"name\":\"Ge-reist: Kurzurlaub in Boltenhagen - ge-sagt.de\",\"isPartOf\":{\"@id\":\"https:\\\/\\\/www.ge-sagt.de\\\/#website\"},\"primaryImageOfPage\":{\"@id\":\"https:\\\/\\\/www.ge-sagt.de\\\/index.php\\\/ge-reist-kurzurlaub-boltenhagen\\\/#primaryimage\"},\"image\":{\"@id\":\"https:\\\/\\\/www.ge-sagt.de\\\/index.php\\\/ge-reist-kurzurlaub-boltenhagen\\\/#primaryimage\"},\"thumbnailUrl\":\"https:\\\/\\\/www.ge-sagt.de\\\/wp-content\\\/uploads\\\/2014\\\/10\\\/boltenhagen-2.jpg\",\"datePublished\":\"2014-10-22T19:18:43+00:00\",\"dateModified\":\"2018-07-29T19:26:21+00:00\",\"author\":{\"@id\":\"https:\\\/\\\/www.ge-sagt.de\\\/#\\\/schema\\\/person\\\/f6ec6da1209901fb058ae74d414f295d\"},\"description\":\"Ein Kurzurlaub in Boltenhagen als Mutter-Tochter Trip- Entspannung pur im Landhaus Victoria und Eindr\u00fccke vom Strandderby.\",\"breadcrumb\":{\"@id\":\"https:\\\/\\\/www.ge-sagt.de\\\/index.php\\\/ge-reist-kurzurlaub-boltenhagen\\\/#breadcrumb\"},\"inLanguage\":\"de\",\"potentialAction\":[{\"@type\":\"ReadAction\",\"target\":[\"https:\\\/\\\/www.ge-sagt.de\\\/index.php\\\/ge-reist-kurzurlaub-boltenhagen\\\/\"]}]},{\"@type\":\"ImageObject\",\"inLanguage\":\"de\",\"@id\":\"https:\\\/\\\/www.ge-sagt.de\\\/index.php\\\/ge-reist-kurzurlaub-boltenhagen\\\/#primaryimage\",\"url\":\"https:\\\/\\\/www.ge-sagt.de\\\/wp-content\\\/uploads\\\/2014\\\/10\\\/boltenhagen-2.jpg\",\"contentUrl\":\"https:\\\/\\\/www.ge-sagt.de\\\/wp-content\\\/uploads\\\/2014\\\/10\\\/boltenhagen-2.jpg\",\"width\":800,\"height\":798},{\"@type\":\"BreadcrumbList\",\"@id\":\"https:\\\/\\\/www.ge-sagt.de\\\/index.php\\\/ge-reist-kurzurlaub-boltenhagen\\\/#breadcrumb\",\"itemListElement\":[{\"@type\":\"ListItem\",\"position\":1,\"name\":\"Home\",\"item\":\"https:\\\/\\\/www.ge-sagt.de\\\/\"},{\"@type\":\"ListItem\",\"position\":2,\"name\":\"Ge-reist: Kurzurlaub in Boltenhagen\"}]},{\"@type\":\"WebSite\",\"@id\":\"https:\\\/\\\/www.ge-sagt.de\\\/#website\",\"url\":\"https:\\\/\\\/www.ge-sagt.de\\\/\",\"name\":\"ge-sagt.de\",\"description\":\"Gesa denkt, sagt und tut auf diesem Blog\",\"potentialAction\":[{\"@type\":\"SearchAction\",\"target\":{\"@type\":\"EntryPoint\",\"urlTemplate\":\"https:\\\/\\\/www.ge-sagt.de\\\/?s={search_term_string}\"},\"query-input\":{\"@type\":\"PropertyValueSpecification\",\"valueRequired\":true,\"valueName\":\"search_term_string\"}}],\"inLanguage\":\"de\"},{\"@type\":\"Person\",\"@id\":\"https:\\\/\\\/www.ge-sagt.de\\\/#\\\/schema\\\/person\\\/f6ec6da1209901fb058ae74d414f295d\",\"name\":\"Gesa\",\"image\":{\"@type\":\"ImageObject\",\"inLanguage\":\"de\",\"@id\":\"https:\\\/\\\/secure.gravatar.com\\\/avatar\\\/b2210b745bd73a1286fa46a53ee66332ba91d4de884ca4cdeaa854740a7b03a0?s=96&d=mm&r=g\",\"url\":\"https:\\\/\\\/secure.gravatar.com\\\/avatar\\\/b2210b745bd73a1286fa46a53ee66332ba91d4de884ca4cdeaa854740a7b03a0?s=96&d=mm&r=g\",\"contentUrl\":\"https:\\\/\\\/secure.gravatar.com\\\/avatar\\\/b2210b745bd73a1286fa46a53ee66332ba91d4de884ca4cdeaa854740a7b03a0?s=96&d=mm&r=g\",\"caption\":\"Gesa\"},\"url\":\"https:\\\/\\\/www.ge-sagt.de\\\/index.php\\\/author\\\/gesa\\\/\"}]}<\/script>\n<!-- \/ Yoast SEO plugin. -->","yoast_head_json":{"title":"Ge-reist: Kurzurlaub in Boltenhagen - ge-sagt.de","description":"Ein Kurzurlaub in Boltenhagen als Mutter-Tochter Trip- Entspannung pur im Landhaus Victoria und Eindr\u00fccke vom Strandderby.","robots":{"index":"index","follow":"follow","max-snippet":"max-snippet:-1","max-image-preview":"max-image-preview:large","max-video-preview":"max-video-preview:-1"},"canonical":"https:\/\/www.ge-sagt.de\/index.php\/ge-reist-kurzurlaub-boltenhagen\/","og_locale":"de_DE","og_type":"article","og_title":"Ge-reist: Kurzurlaub in Boltenhagen - ge-sagt.de","og_description":"Ein Kurzurlaub in Boltenhagen als Mutter-Tochter Trip- Entspannung pur im Landhaus Victoria und Eindr\u00fccke vom Strandderby.","og_url":"https:\/\/www.ge-sagt.de\/index.php\/ge-reist-kurzurlaub-boltenhagen\/","og_site_name":"ge-sagt.de","article_published_time":"2014-10-22T19:18:43+00:00","article_modified_time":"2018-07-29T19:26:21+00:00","og_image":[{"width":800,"height":798,"url":"https:\/\/www.ge-sagt.de\/wp-content\/uploads\/2014\/10\/boltenhagen-2.jpg","type":"image\/jpeg"}],"author":"Gesa","twitter_misc":{"Verfasst von":"Gesa","Gesch\u00e4tzte Lesezeit":"6\u00a0Minuten"},"schema":{"@context":"https:\/\/schema.org","@graph":[{"@type":"Article","@id":"https:\/\/www.ge-sagt.de\/index.php\/ge-reist-kurzurlaub-boltenhagen\/#article","isPartOf":{"@id":"https:\/\/www.ge-sagt.de\/index.php\/ge-reist-kurzurlaub-boltenhagen\/"},"author":{"name":"Gesa","@id":"https:\/\/www.ge-sagt.de\/#\/schema\/person\/f6ec6da1209901fb058ae74d414f295d"},"headline":"Ge-reist: Kurzurlaub in Boltenhagen","datePublished":"2014-10-22T19:18:43+00:00","dateModified":"2018-07-29T19:26:21+00:00","mainEntityOfPage":{"@id":"https:\/\/www.ge-sagt.de\/index.php\/ge-reist-kurzurlaub-boltenhagen\/"},"wordCount":1295,"commentCount":5,"image":{"@id":"https:\/\/www.ge-sagt.de\/index.php\/ge-reist-kurzurlaub-boltenhagen\/#primaryimage"},"thumbnailUrl":"https:\/\/www.ge-sagt.de\/wp-content\/uploads\/2014\/10\/boltenhagen-2.jpg","keywords":["Boltenhagen","Kurzurlaub","Landhaus","Mutter","Oktober","Ostsee","Reise","Strand","Tochter","Unterkunft","Victoria"],"articleSection":{"1":"Ge-reist"},"inLanguage":"de","potentialAction":[{"@type":"CommentAction","name":"Comment","target":["https:\/\/www.ge-sagt.de\/index.php\/ge-reist-kurzurlaub-boltenhagen\/#respond"]}]},{"@type":"WebPage","@id":"https:\/\/www.ge-sagt.de\/index.php\/ge-reist-kurzurlaub-boltenhagen\/","url":"https:\/\/www.ge-sagt.de\/index.php\/ge-reist-kurzurlaub-boltenhagen\/","name":"Ge-reist: Kurzurlaub in Boltenhagen - ge-sagt.de","isPartOf":{"@id":"https:\/\/www.ge-sagt.de\/#website"},"primaryImageOfPage":{"@id":"https:\/\/www.ge-sagt.de\/index.php\/ge-reist-kurzurlaub-boltenhagen\/#primaryimage"},"image":{"@id":"https:\/\/www.ge-sagt.de\/index.php\/ge-reist-kurzurlaub-boltenhagen\/#primaryimage"},"thumbnailUrl":"https:\/\/www.ge-sagt.de\/wp-content\/uploads\/2014\/10\/boltenhagen-2.jpg","datePublished":"2014-10-22T19:18:43+00:00","dateModified":"2018-07-29T19:26:21+00:00","author":{"@id":"https:\/\/www.ge-sagt.de\/#\/schema\/person\/f6ec6da1209901fb058ae74d414f295d"},"description":"Ein Kurzurlaub in Boltenhagen als Mutter-Tochter Trip- Entspannung pur im Landhaus Victoria und Eindr\u00fccke vom Strandderby.","breadcrumb":{"@id":"https:\/\/www.ge-sagt.de\/index.php\/ge-reist-kurzurlaub-boltenhagen\/#breadcrumb"},"inLanguage":"de","potentialAction":[{"@type":"ReadAction","target":["https:\/\/www.ge-sagt.de\/index.php\/ge-reist-kurzurlaub-boltenhagen\/"]}]},{"@type":"ImageObject","inLanguage":"de","@id":"https:\/\/www.ge-sagt.de\/index.php\/ge-reist-kurzurlaub-boltenhagen\/#primaryimage","url":"https:\/\/www.ge-sagt.de\/wp-content\/uploads\/2014\/10\/boltenhagen-2.jpg","contentUrl":"https:\/\/www.ge-sagt.de\/wp-content\/uploads\/2014\/10\/boltenhagen-2.jpg","width":800,"height":798},{"@type":"BreadcrumbList","@id":"https:\/\/www.ge-sagt.de\/index.php\/ge-reist-kurzurlaub-boltenhagen\/#breadcrumb","itemListElement":[{"@type":"ListItem","position":1,"name":"Home","item":"https:\/\/www.ge-sagt.de\/"},{"@type":"ListItem","position":2,"name":"Ge-reist: Kurzurlaub in Boltenhagen"}]},{"@type":"WebSite","@id":"https:\/\/www.ge-sagt.de\/#website","url":"https:\/\/www.ge-sagt.de\/","name":"ge-sagt.de","description":"Gesa denkt, sagt und tut auf diesem Blog","potentialAction":[{"@type":"SearchAction","target":{"@type":"EntryPoint","urlTemplate":"https:\/\/www.ge-sagt.de\/?s={search_term_string}"},"query-input":{"@type":"PropertyValueSpecification","valueRequired":true,"valueName":"search_term_string"}}],"inLanguage":"de"},{"@type":"Person","@id":"https:\/\/www.ge-sagt.de\/#\/schema\/person\/f6ec6da1209901fb058ae74d414f295d","name":"Gesa","image":{"@type":"ImageObject","inLanguage":"de","@id":"https:\/\/secure.gravatar.com\/avatar\/b2210b745bd73a1286fa46a53ee66332ba91d4de884ca4cdeaa854740a7b03a0?s=96&d=mm&r=g","url":"https:\/\/secure.gravatar.com\/avatar\/b2210b745bd73a1286fa46a53ee66332ba91d4de884ca4cdeaa854740a7b03a0?s=96&d=mm&r=g","contentUrl":"https:\/\/secure.gravatar.com\/avatar\/b2210b745bd73a1286fa46a53ee66332ba91d4de884ca4cdeaa854740a7b03a0?s=96&d=mm&r=g","caption":"Gesa"},"url":"https:\/\/www.ge-sagt.de\/index.php\/author\/gesa\/"}]}},"jetpack_publicize_connections":[],"jetpack_featured_media_url":"https:\/\/www.ge-sagt.de\/wp-content\/uploads\/2014\/10\/boltenhagen-2.jpg","jetpack_shortlink":"https:\/\/wp.me\/p3aAW4-s5","jetpack_sharing_enabled":true,"_links":{"self":[{"href":"https:\/\/www.ge-sagt.de\/index.php\/wp-json\/wp\/v2\/posts\/1741","targetHints":{"allow":["GET"]}}],"collection":[{"href":"https:\/\/www.ge-sagt.de\/index.php\/wp-json\/wp\/v2\/posts"}],"about":[{"href":"https:\/\/www.ge-sagt.de\/index.php\/wp-json\/wp\/v2\/types\/post"}],"author":[{"embeddable":true,"href":"https:\/\/www.ge-sagt.de\/index.php\/wp-json\/wp\/v2\/users\/2"}],"replies":[{"embeddable":true,"href":"https:\/\/www.ge-sagt.de\/index.php\/wp-json\/wp\/v2\/comments?post=1741"}],"version-history":[{"count":15,"href":"https:\/\/www.ge-sagt.de\/index.php\/wp-json\/wp\/v2\/posts\/1741\/revisions"}],"predecessor-version":[{"id":2442,"href":"https:\/\/www.ge-sagt.de\/index.php\/wp-json\/wp\/v2\/posts\/1741\/revisions\/2442"}],"wp:featuredmedia":[{"embeddable":true,"href":"https:\/\/www.ge-sagt.de\/index.php\/wp-json\/wp\/v2\/media\/1752"}],"wp:attachment":[{"href":"https:\/\/www.ge-sagt.de\/index.php\/wp-json\/wp\/v2\/media?parent=1741"}],"wp:term":[{"taxonomy":"category","embeddable":true,"href":"https:\/\/www.ge-sagt.de\/index.php\/wp-json\/wp\/v2\/categories?post=1741"},{"taxonomy":"post_tag","embeddable":true,"href":"https:\/\/www.ge-sagt.de\/index.php\/wp-json\/wp\/v2\/tags?post=1741"}],"curies":[{"name":"wp","href":"https:\/\/api.w.org\/{rel}","templated":true}]}}