{"id":1567,"date":"2014-05-13T09:00:46","date_gmt":"2014-05-13T07:00:46","guid":{"rendered":"http:\/\/www.ge-sagt.de\/?p=1567"},"modified":"2016-10-25T14:06:23","modified_gmt":"2016-10-25T12:06:23","slug":"ge-backen-cremiges-rhabarber-kuechlein","status":"publish","type":"post","link":"https:\/\/www.ge-sagt.de\/index.php\/ge-backen-cremiges-rhabarber-kuechlein\/","title":{"rendered":"Ge-backen: cremiges Rhabarber-K\u00fcchlein"},"content":{"rendered":"<p style=\"text-align: justify;\"><img decoding=\"async\" data-attachment-id=\"1569\" data-permalink=\"https:\/\/www.ge-sagt.de\/index.php\/ge-backen-cremiges-rhabarber-kuechlein\/rhabarber-2\/\" data-orig-file=\"https:\/\/www.ge-sagt.de\/wp-content\/uploads\/2014\/05\/rhabarber-2.jpg\" data-orig-size=\"800,568\" data-comments-opened=\"1\" data-image-meta=\"{&quot;aperture&quot;:&quot;1.8&quot;,&quot;credit&quot;:&quot;&quot;,&quot;camera&quot;:&quot;Canon EOS 1000D&quot;,&quot;caption&quot;:&quot;&quot;,&quot;created_timestamp&quot;:&quot;1398620117&quot;,&quot;copyright&quot;:&quot;&quot;,&quot;focal_length&quot;:&quot;50&quot;,&quot;iso&quot;:&quot;200&quot;,&quot;shutter_speed&quot;:&quot;0.005&quot;,&quot;title&quot;:&quot;&quot;}\" data-image-title=\"rhabarber 2\" data-image-description=\"\" data-image-caption=\"\" data-large-file=\"https:\/\/www.ge-sagt.de\/wp-content\/uploads\/2014\/05\/rhabarber-2.jpg\" class=\"aligncenter wp-image-1569 size-medium\" src=\"http:\/\/www.ge-sagt.de\/wp-content\/uploads\/2014\/05\/rhabarber-2-600x426.jpg\" alt=\"rhabarber 2\" width=\"600\" height=\"426\" srcset=\"https:\/\/www.ge-sagt.de\/wp-content\/uploads\/2014\/05\/rhabarber-2-422x300.jpg 422w, https:\/\/www.ge-sagt.de\/wp-content\/uploads\/2014\/05\/rhabarber-2-600x426.jpg 600w, https:\/\/www.ge-sagt.de\/wp-content\/uploads\/2014\/05\/rhabarber-2.jpg 800w\" sizes=\"(max-width: 600px) 100vw, 600px\" \/><\/p>\n<p style=\"text-align: justify;\">Ja, der Fr\u00fchling bringt so viele tolle geschmackliche Highlights, dass ich komplett gl\u00fccklich bin: Es gibt Erdbeere, Spargel, frische Salate und Radieschen, neue Kartoffeln und nat\u00fcrlich Rhabarber! Ich liebe Rhabarber, in allen Formen und Gerichten. Das absolute Highlight ist der ultimative Rhabarber-Kuchen meiner Mama mit Baiserhaube. Aber auch wenn es mal schnell und unkompliziert sein soll, gibt es phantastische Rezepte. Diese cremigen Rhabarber-K\u00fcchlein sind wirklich ganz schnell und einfach zubereitet und unheimlich lecker! Und das braucht Ihr daf\u00fcr:<\/p>\n<p style=\"text-align: justify;\"><img decoding=\"async\" data-attachment-id=\"1568\" data-permalink=\"https:\/\/www.ge-sagt.de\/index.php\/ge-backen-cremiges-rhabarber-kuechlein\/rhabarber-rezept\/\" data-orig-file=\"https:\/\/www.ge-sagt.de\/wp-content\/uploads\/2014\/05\/rhabarber-rezept.jpg\" data-orig-size=\"341,322\" data-comments-opened=\"1\" data-image-meta=\"{&quot;aperture&quot;:&quot;0&quot;,&quot;credit&quot;:&quot;&quot;,&quot;camera&quot;:&quot;&quot;,&quot;caption&quot;:&quot;&quot;,&quot;created_timestamp&quot;:&quot;0&quot;,&quot;copyright&quot;:&quot;&quot;,&quot;focal_length&quot;:&quot;0&quot;,&quot;iso&quot;:&quot;0&quot;,&quot;shutter_speed&quot;:&quot;0&quot;,&quot;title&quot;:&quot;&quot;}\" data-image-title=\"rhabarber rezept\" data-image-description=\"\" data-image-caption=\"\" data-large-file=\"https:\/\/www.ge-sagt.de\/wp-content\/uploads\/2014\/05\/rhabarber-rezept.jpg\" class=\"aligncenter size-full wp-image-1568\" src=\"http:\/\/www.ge-sagt.de\/wp-content\/uploads\/2014\/05\/rhabarber-rezept.jpg\" alt=\"rhabarber rezept\" width=\"341\" height=\"322\" srcset=\"https:\/\/www.ge-sagt.de\/wp-content\/uploads\/2014\/05\/rhabarber-rezept-317x300.jpg 317w, https:\/\/www.ge-sagt.de\/wp-content\/uploads\/2014\/05\/rhabarber-rezept.jpg 341w\" sizes=\"(max-width: 341px) 100vw, 341px\" \/>Ob Ihr f\u00fcr diese K\u00fcchlein eine gro\u00dfe Platte fertigen Bl\u00e4tterteig nehmt, oder die kleinen quadratischen h\u00e4ngt von Euren Backformen ab. Ich habe kleine Tarteletts-Formen (Tchibo) genommen und eine gro\u00dfe quadratische Platte Bl\u00e4tterteig. Bevor ich die Formen mit dem Teig ausgelegt habe, habe ich den Bl\u00e4tterteig noch etwas weiter ausgerollt, so dass er wirklich ziemlich d\u00fcnn wird. So wird er in die F\u00f6rmchen gelegt, dabei sollte ein Rand hoch gezogen werden. Anschlie\u00dfend wird die Creme-fraiche nach Geschmack mit Puderzucker und Vanillemark ges\u00fc\u00dft, wer mag kann noch einen kleinen Schu\u00df Rum oder Abrieb von Zitronenschale verwenden. Dann wird der Bl\u00e4tterteig reichlich mit dieser Creme bestrichen. Und nun mu\u00df nur noch der Rhabarber in die passende Form geschnitten werden. Hier sind der Phantasie keine Grenzen gesetzt, ich habe mich f\u00fcr kleine d\u00fcnne Scheiben in rechteckiger Form entschieden und damit eine Art Rosette auf die Creme gelegt. Nun nur noch mit ausreichend braunen Zucker bestreuen und die T\u00f6rtchen f\u00fcr etwa 20 Minuten im vorgeheizten Backofen bei 200 Grad backen.<\/p>\n<p style=\"text-align: justify;\">\n<p style=\"text-align: justify;\"><img decoding=\"async\" data-attachment-id=\"1570\" data-permalink=\"https:\/\/www.ge-sagt.de\/index.php\/ge-backen-cremiges-rhabarber-kuechlein\/rhabarber-1\/\" data-orig-file=\"https:\/\/www.ge-sagt.de\/wp-content\/uploads\/2014\/05\/rhabarber-1.jpg\" data-orig-size=\"800,533\" data-comments-opened=\"1\" data-image-meta=\"{&quot;aperture&quot;:&quot;1.8&quot;,&quot;credit&quot;:&quot;&quot;,&quot;camera&quot;:&quot;Canon EOS 1000D&quot;,&quot;caption&quot;:&quot;&quot;,&quot;created_timestamp&quot;:&quot;1398619974&quot;,&quot;copyright&quot;:&quot;&quot;,&quot;focal_length&quot;:&quot;50&quot;,&quot;iso&quot;:&quot;200&quot;,&quot;shutter_speed&quot;:&quot;0.008&quot;,&quot;title&quot;:&quot;&quot;}\" data-image-title=\"rhabarber 1\" data-image-description=\"\" data-image-caption=\"\" data-large-file=\"https:\/\/www.ge-sagt.de\/wp-content\/uploads\/2014\/05\/rhabarber-1.jpg\" class=\"aligncenter wp-image-1570 size-medium\" src=\"http:\/\/www.ge-sagt.de\/wp-content\/uploads\/2014\/05\/rhabarber-1-600x399.jpg\" alt=\"rhabarber 1\" width=\"600\" height=\"399\" srcset=\"https:\/\/www.ge-sagt.de\/wp-content\/uploads\/2014\/05\/rhabarber-1-450x300.jpg 450w, https:\/\/www.ge-sagt.de\/wp-content\/uploads\/2014\/05\/rhabarber-1-600x399.jpg 600w, https:\/\/www.ge-sagt.de\/wp-content\/uploads\/2014\/05\/rhabarber-1.jpg 800w\" sizes=\"(max-width: 600px) 100vw, 600px\" \/><\/p>\n<p style=\"text-align: justify;\">Am besten schmecken die T\u00f6rtchen nat\u00fcrlich noch lauwarm! Vielleicht noch ein bi\u00dfchen Schlagsahne dazu? Ja, kann man machen, mu\u00df man aber nicht. Denn durch die Lage aus Creme-fraiche sind die kleinen Rhabarber-T\u00f6rtchen auf alle F\u00e4lle schon cremig. Ich kann mir die K\u00fcchlein nat\u00fcrlich auch mit anderen Obstsorten vorstellen, \u00c4pfel oder Birnen passen bestimmt auch sehr gut. Von Blaubeeren w\u00fcrde ich allerdings abraten, durch den auslaufenden Saft wird das Ganze deutlich zu matschig. Ich habe es probiert! Da Rhabarber aber diese sch\u00f6ne Mischung aus Frische und S\u00e4ure mitbringt, ist diese Kombination f\u00fcr mich mit Abstand am Besten. Und, habt Ihr Lust bekommen, dass mal ganz schnell nach zu backen? Ich bin gespannt, ob es Euch gef\u00e4llt!<br \/>\nLiebe Gr\u00fc\u00dfe<br \/>\nGesa<\/p>\n<p style=\"text-align: justify;\"><img decoding=\"async\" data-attachment-id=\"1571\" data-permalink=\"https:\/\/www.ge-sagt.de\/index.php\/ge-backen-cremiges-rhabarber-kuechlein\/rhabarber-3\/\" data-orig-file=\"https:\/\/www.ge-sagt.de\/wp-content\/uploads\/2014\/05\/rhabarber-3.jpg\" data-orig-size=\"800,570\" data-comments-opened=\"1\" data-image-meta=\"{&quot;aperture&quot;:&quot;1.8&quot;,&quot;credit&quot;:&quot;&quot;,&quot;camera&quot;:&quot;Canon EOS 1000D&quot;,&quot;caption&quot;:&quot;&quot;,&quot;created_timestamp&quot;:&quot;1398619910&quot;,&quot;copyright&quot;:&quot;&quot;,&quot;focal_length&quot;:&quot;50&quot;,&quot;iso&quot;:&quot;200&quot;,&quot;shutter_speed&quot;:&quot;0.008&quot;,&quot;title&quot;:&quot;&quot;}\" data-image-title=\"rhabarber 3\" data-image-description=\"\" data-image-caption=\"\" data-large-file=\"https:\/\/www.ge-sagt.de\/wp-content\/uploads\/2014\/05\/rhabarber-3.jpg\" class=\"aligncenter wp-image-1571 size-medium\" src=\"http:\/\/www.ge-sagt.de\/wp-content\/uploads\/2014\/05\/rhabarber-3-600x427.jpg\" alt=\"rhabarber 3\" width=\"600\" height=\"427\" srcset=\"https:\/\/www.ge-sagt.de\/wp-content\/uploads\/2014\/05\/rhabarber-3-421x300.jpg 421w, https:\/\/www.ge-sagt.de\/wp-content\/uploads\/2014\/05\/rhabarber-3-600x427.jpg 600w, https:\/\/www.ge-sagt.de\/wp-content\/uploads\/2014\/05\/rhabarber-3.jpg 800w\" sizes=\"(max-width: 600px) 100vw, 600px\" \/><\/p>\n","protected":false},"excerpt":{"rendered":"<p>Ja, der Fr\u00fchling bringt so viele tolle geschmackliche Highlights, dass ich komplett gl\u00fccklich bin: Es gibt Erdbeere, Spargel, frische Salate und Radieschen, neue Kartoffeln und nat\u00fcrlich Rhabarber! Ich liebe Rhabarber, in allen Formen und Gerichten. Das absolute Highlight ist der ultimative Rhabarber-Kuchen meiner Mama mit Baiserhaube. Aber auch wenn es mal schnell und unkompliziert sein [&hellip;]<\/p>\n","protected":false},"author":2,"featured_media":1569,"comment_status":"open","ping_status":"open","sticky":false,"template":"","format":"standard","meta":{"jetpack_post_was_ever_published":false,"_jetpack_newsletter_access":"","_jetpack_dont_email_post_to_subs":true,"_jetpack_newsletter_tier_id":0,"_jetpack_memberships_contains_paywalled_content":false,"_jetpack_memberships_contains_paid_content":false,"footnotes":"","jetpack_publicize_message":"","jetpack_publicize_feature_enabled":true,"jetpack_social_post_already_shared":true,"jetpack_social_options":{"image_generator_settings":{"template":"highway","default_image_id":0,"font":"","enabled":false},"version":2}},"categories":[17],"tags":[356,188,358,336,176,355,357,280],"class_list":["post-1567","post","type-post","status-publish","format-standard","has-post-thumbnail","hentry","category-ge-backen","tag-blaetterteig","tag-creme-fraiche","tag-frucht","tag-fruehling","tag-kuechlein","tag-rhabarber","tag-toertchen","tag-vanille"],"yoast_head":"<!-- This site is optimized with the Yoast SEO plugin v27.5 - https:\/\/yoast.com\/product\/yoast-seo-wordpress\/ -->\n<title>Ge-backen: cremiges Rhabarber-K\u00fcchlein - ge-sagt.de<\/title>\n<meta name=\"description\" content=\"Ge-backen: cremiges Rhabarber-K\u00fcchlein mit Bl\u00e4tterteig. Ein schnelles und einfaches Rezept.\" \/>\n<meta name=\"robots\" content=\"index, follow, max-snippet:-1, max-image-preview:large, max-video-preview:-1\" \/>\n<link rel=\"canonical\" href=\"https:\/\/www.ge-sagt.de\/index.php\/ge-backen-cremiges-rhabarber-kuechlein\/\" \/>\n<meta property=\"og:locale\" content=\"de_DE\" \/>\n<meta property=\"og:type\" content=\"article\" \/>\n<meta property=\"og:title\" content=\"Ge-backen: cremiges Rhabarber-K\u00fcchlein - ge-sagt.de\" \/>\n<meta property=\"og:description\" content=\"Ge-backen: cremiges Rhabarber-K\u00fcchlein mit Bl\u00e4tterteig. Ein schnelles und einfaches Rezept.\" \/>\n<meta property=\"og:url\" content=\"https:\/\/www.ge-sagt.de\/index.php\/ge-backen-cremiges-rhabarber-kuechlein\/\" \/>\n<meta property=\"og:site_name\" content=\"ge-sagt.de\" \/>\n<meta property=\"article:published_time\" content=\"2014-05-13T07:00:46+00:00\" \/>\n<meta property=\"article:modified_time\" content=\"2016-10-25T12:06:23+00:00\" \/>\n<meta property=\"og:image\" content=\"https:\/\/www.ge-sagt.de\/wp-content\/uploads\/2014\/05\/rhabarber-2.jpg\" \/>\n\t<meta property=\"og:image:width\" content=\"800\" \/>\n\t<meta property=\"og:image:height\" content=\"568\" \/>\n\t<meta property=\"og:image:type\" content=\"image\/jpeg\" \/>\n<meta name=\"author\" content=\"Gesa\" \/>\n<meta name=\"twitter:label1\" content=\"Verfasst von\" \/>\n\t<meta name=\"twitter:data1\" content=\"Gesa\" \/>\n\t<meta name=\"twitter:label2\" content=\"Gesch\u00e4tzte Lesezeit\" \/>\n\t<meta name=\"twitter:data2\" content=\"2\u00a0Minuten\" \/>\n<script type=\"application\/ld+json\" class=\"yoast-schema-graph\">{\"@context\":\"https:\\\/\\\/schema.org\",\"@graph\":[{\"@type\":\"Article\",\"@id\":\"https:\\\/\\\/www.ge-sagt.de\\\/index.php\\\/ge-backen-cremiges-rhabarber-kuechlein\\\/#article\",\"isPartOf\":{\"@id\":\"https:\\\/\\\/www.ge-sagt.de\\\/index.php\\\/ge-backen-cremiges-rhabarber-kuechlein\\\/\"},\"author\":{\"name\":\"Gesa\",\"@id\":\"https:\\\/\\\/www.ge-sagt.de\\\/#\\\/schema\\\/person\\\/f6ec6da1209901fb058ae74d414f295d\"},\"headline\":\"Ge-backen: cremiges Rhabarber-K\u00fcchlein\",\"datePublished\":\"2014-05-13T07:00:46+00:00\",\"dateModified\":\"2016-10-25T12:06:23+00:00\",\"mainEntityOfPage\":{\"@id\":\"https:\\\/\\\/www.ge-sagt.de\\\/index.php\\\/ge-backen-cremiges-rhabarber-kuechlein\\\/\"},\"wordCount\":398,\"commentCount\":4,\"image\":{\"@id\":\"https:\\\/\\\/www.ge-sagt.de\\\/index.php\\\/ge-backen-cremiges-rhabarber-kuechlein\\\/#primaryimage\"},\"thumbnailUrl\":\"https:\\\/\\\/www.ge-sagt.de\\\/wp-content\\\/uploads\\\/2014\\\/05\\\/rhabarber-2.jpg\",\"keywords\":[\"Bl\u00e4tterteig\",\"Creme fraiche\",\"Frucht\",\"Fr\u00fchling\",\"K\u00fcchlein\",\"Rhabarber\",\"T\u00f6rtchen\",\"Vanille\"],\"articleSection\":[\"Ge-backen\"],\"inLanguage\":\"de\",\"potentialAction\":[{\"@type\":\"CommentAction\",\"name\":\"Comment\",\"target\":[\"https:\\\/\\\/www.ge-sagt.de\\\/index.php\\\/ge-backen-cremiges-rhabarber-kuechlein\\\/#respond\"]}]},{\"@type\":\"WebPage\",\"@id\":\"https:\\\/\\\/www.ge-sagt.de\\\/index.php\\\/ge-backen-cremiges-rhabarber-kuechlein\\\/\",\"url\":\"https:\\\/\\\/www.ge-sagt.de\\\/index.php\\\/ge-backen-cremiges-rhabarber-kuechlein\\\/\",\"name\":\"Ge-backen: cremiges Rhabarber-K\u00fcchlein - ge-sagt.de\",\"isPartOf\":{\"@id\":\"https:\\\/\\\/www.ge-sagt.de\\\/#website\"},\"primaryImageOfPage\":{\"@id\":\"https:\\\/\\\/www.ge-sagt.de\\\/index.php\\\/ge-backen-cremiges-rhabarber-kuechlein\\\/#primaryimage\"},\"image\":{\"@id\":\"https:\\\/\\\/www.ge-sagt.de\\\/index.php\\\/ge-backen-cremiges-rhabarber-kuechlein\\\/#primaryimage\"},\"thumbnailUrl\":\"https:\\\/\\\/www.ge-sagt.de\\\/wp-content\\\/uploads\\\/2014\\\/05\\\/rhabarber-2.jpg\",\"datePublished\":\"2014-05-13T07:00:46+00:00\",\"dateModified\":\"2016-10-25T12:06:23+00:00\",\"author\":{\"@id\":\"https:\\\/\\\/www.ge-sagt.de\\\/#\\\/schema\\\/person\\\/f6ec6da1209901fb058ae74d414f295d\"},\"description\":\"Ge-backen: cremiges Rhabarber-K\u00fcchlein mit Bl\u00e4tterteig. Ein schnelles und einfaches Rezept.\",\"breadcrumb\":{\"@id\":\"https:\\\/\\\/www.ge-sagt.de\\\/index.php\\\/ge-backen-cremiges-rhabarber-kuechlein\\\/#breadcrumb\"},\"inLanguage\":\"de\",\"potentialAction\":[{\"@type\":\"ReadAction\",\"target\":[\"https:\\\/\\\/www.ge-sagt.de\\\/index.php\\\/ge-backen-cremiges-rhabarber-kuechlein\\\/\"]}]},{\"@type\":\"ImageObject\",\"inLanguage\":\"de\",\"@id\":\"https:\\\/\\\/www.ge-sagt.de\\\/index.php\\\/ge-backen-cremiges-rhabarber-kuechlein\\\/#primaryimage\",\"url\":\"https:\\\/\\\/www.ge-sagt.de\\\/wp-content\\\/uploads\\\/2014\\\/05\\\/rhabarber-2.jpg\",\"contentUrl\":\"https:\\\/\\\/www.ge-sagt.de\\\/wp-content\\\/uploads\\\/2014\\\/05\\\/rhabarber-2.jpg\",\"width\":800,\"height\":568},{\"@type\":\"BreadcrumbList\",\"@id\":\"https:\\\/\\\/www.ge-sagt.de\\\/index.php\\\/ge-backen-cremiges-rhabarber-kuechlein\\\/#breadcrumb\",\"itemListElement\":[{\"@type\":\"ListItem\",\"position\":1,\"name\":\"Home\",\"item\":\"https:\\\/\\\/www.ge-sagt.de\\\/\"},{\"@type\":\"ListItem\",\"position\":2,\"name\":\"Ge-backen: cremiges Rhabarber-K\u00fcchlein\"}]},{\"@type\":\"WebSite\",\"@id\":\"https:\\\/\\\/www.ge-sagt.de\\\/#website\",\"url\":\"https:\\\/\\\/www.ge-sagt.de\\\/\",\"name\":\"ge-sagt.de\",\"description\":\"Gesa denkt, sagt und tut auf diesem Blog\",\"potentialAction\":[{\"@type\":\"SearchAction\",\"target\":{\"@type\":\"EntryPoint\",\"urlTemplate\":\"https:\\\/\\\/www.ge-sagt.de\\\/?s={search_term_string}\"},\"query-input\":{\"@type\":\"PropertyValueSpecification\",\"valueRequired\":true,\"valueName\":\"search_term_string\"}}],\"inLanguage\":\"de\"},{\"@type\":\"Person\",\"@id\":\"https:\\\/\\\/www.ge-sagt.de\\\/#\\\/schema\\\/person\\\/f6ec6da1209901fb058ae74d414f295d\",\"name\":\"Gesa\",\"image\":{\"@type\":\"ImageObject\",\"inLanguage\":\"de\",\"@id\":\"https:\\\/\\\/secure.gravatar.com\\\/avatar\\\/b2210b745bd73a1286fa46a53ee66332ba91d4de884ca4cdeaa854740a7b03a0?s=96&d=mm&r=g\",\"url\":\"https:\\\/\\\/secure.gravatar.com\\\/avatar\\\/b2210b745bd73a1286fa46a53ee66332ba91d4de884ca4cdeaa854740a7b03a0?s=96&d=mm&r=g\",\"contentUrl\":\"https:\\\/\\\/secure.gravatar.com\\\/avatar\\\/b2210b745bd73a1286fa46a53ee66332ba91d4de884ca4cdeaa854740a7b03a0?s=96&d=mm&r=g\",\"caption\":\"Gesa\"},\"url\":\"https:\\\/\\\/www.ge-sagt.de\\\/index.php\\\/author\\\/gesa\\\/\"}]}<\/script>\n<!-- \/ Yoast SEO plugin. -->","yoast_head_json":{"title":"Ge-backen: cremiges Rhabarber-K\u00fcchlein - ge-sagt.de","description":"Ge-backen: cremiges Rhabarber-K\u00fcchlein mit Bl\u00e4tterteig. Ein schnelles und einfaches Rezept.","robots":{"index":"index","follow":"follow","max-snippet":"max-snippet:-1","max-image-preview":"max-image-preview:large","max-video-preview":"max-video-preview:-1"},"canonical":"https:\/\/www.ge-sagt.de\/index.php\/ge-backen-cremiges-rhabarber-kuechlein\/","og_locale":"de_DE","og_type":"article","og_title":"Ge-backen: cremiges Rhabarber-K\u00fcchlein - ge-sagt.de","og_description":"Ge-backen: cremiges Rhabarber-K\u00fcchlein mit Bl\u00e4tterteig. Ein schnelles und einfaches Rezept.","og_url":"https:\/\/www.ge-sagt.de\/index.php\/ge-backen-cremiges-rhabarber-kuechlein\/","og_site_name":"ge-sagt.de","article_published_time":"2014-05-13T07:00:46+00:00","article_modified_time":"2016-10-25T12:06:23+00:00","og_image":[{"width":800,"height":568,"url":"https:\/\/www.ge-sagt.de\/wp-content\/uploads\/2014\/05\/rhabarber-2.jpg","type":"image\/jpeg"}],"author":"Gesa","twitter_misc":{"Verfasst von":"Gesa","Gesch\u00e4tzte Lesezeit":"2\u00a0Minuten"},"schema":{"@context":"https:\/\/schema.org","@graph":[{"@type":"Article","@id":"https:\/\/www.ge-sagt.de\/index.php\/ge-backen-cremiges-rhabarber-kuechlein\/#article","isPartOf":{"@id":"https:\/\/www.ge-sagt.de\/index.php\/ge-backen-cremiges-rhabarber-kuechlein\/"},"author":{"name":"Gesa","@id":"https:\/\/www.ge-sagt.de\/#\/schema\/person\/f6ec6da1209901fb058ae74d414f295d"},"headline":"Ge-backen: cremiges Rhabarber-K\u00fcchlein","datePublished":"2014-05-13T07:00:46+00:00","dateModified":"2016-10-25T12:06:23+00:00","mainEntityOfPage":{"@id":"https:\/\/www.ge-sagt.de\/index.php\/ge-backen-cremiges-rhabarber-kuechlein\/"},"wordCount":398,"commentCount":4,"image":{"@id":"https:\/\/www.ge-sagt.de\/index.php\/ge-backen-cremiges-rhabarber-kuechlein\/#primaryimage"},"thumbnailUrl":"https:\/\/www.ge-sagt.de\/wp-content\/uploads\/2014\/05\/rhabarber-2.jpg","keywords":["Bl\u00e4tterteig","Creme fraiche","Frucht","Fr\u00fchling","K\u00fcchlein","Rhabarber","T\u00f6rtchen","Vanille"],"articleSection":["Ge-backen"],"inLanguage":"de","potentialAction":[{"@type":"CommentAction","name":"Comment","target":["https:\/\/www.ge-sagt.de\/index.php\/ge-backen-cremiges-rhabarber-kuechlein\/#respond"]}]},{"@type":"WebPage","@id":"https:\/\/www.ge-sagt.de\/index.php\/ge-backen-cremiges-rhabarber-kuechlein\/","url":"https:\/\/www.ge-sagt.de\/index.php\/ge-backen-cremiges-rhabarber-kuechlein\/","name":"Ge-backen: cremiges Rhabarber-K\u00fcchlein - ge-sagt.de","isPartOf":{"@id":"https:\/\/www.ge-sagt.de\/#website"},"primaryImageOfPage":{"@id":"https:\/\/www.ge-sagt.de\/index.php\/ge-backen-cremiges-rhabarber-kuechlein\/#primaryimage"},"image":{"@id":"https:\/\/www.ge-sagt.de\/index.php\/ge-backen-cremiges-rhabarber-kuechlein\/#primaryimage"},"thumbnailUrl":"https:\/\/www.ge-sagt.de\/wp-content\/uploads\/2014\/05\/rhabarber-2.jpg","datePublished":"2014-05-13T07:00:46+00:00","dateModified":"2016-10-25T12:06:23+00:00","author":{"@id":"https:\/\/www.ge-sagt.de\/#\/schema\/person\/f6ec6da1209901fb058ae74d414f295d"},"description":"Ge-backen: cremiges Rhabarber-K\u00fcchlein mit Bl\u00e4tterteig. Ein schnelles und einfaches Rezept.","breadcrumb":{"@id":"https:\/\/www.ge-sagt.de\/index.php\/ge-backen-cremiges-rhabarber-kuechlein\/#breadcrumb"},"inLanguage":"de","potentialAction":[{"@type":"ReadAction","target":["https:\/\/www.ge-sagt.de\/index.php\/ge-backen-cremiges-rhabarber-kuechlein\/"]}]},{"@type":"ImageObject","inLanguage":"de","@id":"https:\/\/www.ge-sagt.de\/index.php\/ge-backen-cremiges-rhabarber-kuechlein\/#primaryimage","url":"https:\/\/www.ge-sagt.de\/wp-content\/uploads\/2014\/05\/rhabarber-2.jpg","contentUrl":"https:\/\/www.ge-sagt.de\/wp-content\/uploads\/2014\/05\/rhabarber-2.jpg","width":800,"height":568},{"@type":"BreadcrumbList","@id":"https:\/\/www.ge-sagt.de\/index.php\/ge-backen-cremiges-rhabarber-kuechlein\/#breadcrumb","itemListElement":[{"@type":"ListItem","position":1,"name":"Home","item":"https:\/\/www.ge-sagt.de\/"},{"@type":"ListItem","position":2,"name":"Ge-backen: cremiges Rhabarber-K\u00fcchlein"}]},{"@type":"WebSite","@id":"https:\/\/www.ge-sagt.de\/#website","url":"https:\/\/www.ge-sagt.de\/","name":"ge-sagt.de","description":"Gesa denkt, sagt und tut auf diesem Blog","potentialAction":[{"@type":"SearchAction","target":{"@type":"EntryPoint","urlTemplate":"https:\/\/www.ge-sagt.de\/?s={search_term_string}"},"query-input":{"@type":"PropertyValueSpecification","valueRequired":true,"valueName":"search_term_string"}}],"inLanguage":"de"},{"@type":"Person","@id":"https:\/\/www.ge-sagt.de\/#\/schema\/person\/f6ec6da1209901fb058ae74d414f295d","name":"Gesa","image":{"@type":"ImageObject","inLanguage":"de","@id":"https:\/\/secure.gravatar.com\/avatar\/b2210b745bd73a1286fa46a53ee66332ba91d4de884ca4cdeaa854740a7b03a0?s=96&d=mm&r=g","url":"https:\/\/secure.gravatar.com\/avatar\/b2210b745bd73a1286fa46a53ee66332ba91d4de884ca4cdeaa854740a7b03a0?s=96&d=mm&r=g","contentUrl":"https:\/\/secure.gravatar.com\/avatar\/b2210b745bd73a1286fa46a53ee66332ba91d4de884ca4cdeaa854740a7b03a0?s=96&d=mm&r=g","caption":"Gesa"},"url":"https:\/\/www.ge-sagt.de\/index.php\/author\/gesa\/"}]}},"jetpack_publicize_connections":[],"jetpack_featured_media_url":"https:\/\/www.ge-sagt.de\/wp-content\/uploads\/2014\/05\/rhabarber-2.jpg","jetpack_shortlink":"https:\/\/wp.me\/p3aAW4-ph","jetpack_sharing_enabled":true,"_links":{"self":[{"href":"https:\/\/www.ge-sagt.de\/index.php\/wp-json\/wp\/v2\/posts\/1567","targetHints":{"allow":["GET"]}}],"collection":[{"href":"https:\/\/www.ge-sagt.de\/index.php\/wp-json\/wp\/v2\/posts"}],"about":[{"href":"https:\/\/www.ge-sagt.de\/index.php\/wp-json\/wp\/v2\/types\/post"}],"author":[{"embeddable":true,"href":"https:\/\/www.ge-sagt.de\/index.php\/wp-json\/wp\/v2\/users\/2"}],"replies":[{"embeddable":true,"href":"https:\/\/www.ge-sagt.de\/index.php\/wp-json\/wp\/v2\/comments?post=1567"}],"version-history":[{"count":4,"href":"https:\/\/www.ge-sagt.de\/index.php\/wp-json\/wp\/v2\/posts\/1567\/revisions"}],"predecessor-version":[{"id":1805,"href":"https:\/\/www.ge-sagt.de\/index.php\/wp-json\/wp\/v2\/posts\/1567\/revisions\/1805"}],"wp:featuredmedia":[{"embeddable":true,"href":"https:\/\/www.ge-sagt.de\/index.php\/wp-json\/wp\/v2\/media\/1569"}],"wp:attachment":[{"href":"https:\/\/www.ge-sagt.de\/index.php\/wp-json\/wp\/v2\/media?parent=1567"}],"wp:term":[{"taxonomy":"category","embeddable":true,"href":"https:\/\/www.ge-sagt.de\/index.php\/wp-json\/wp\/v2\/categories?post=1567"},{"taxonomy":"post_tag","embeddable":true,"href":"https:\/\/www.ge-sagt.de\/index.php\/wp-json\/wp\/v2\/tags?post=1567"}],"curies":[{"name":"wp","href":"https:\/\/api.w.org\/{rel}","templated":true}]}}