{"id":1555,"date":"2014-05-20T21:53:52","date_gmt":"2014-05-20T19:53:52","guid":{"rendered":"http:\/\/www.ge-sagt.de\/?p=1555"},"modified":"2018-07-29T21:35:40","modified_gmt":"2018-07-29T19:35:40","slug":"ge-shoppt-kinderkleider","status":"publish","type":"post","link":"https:\/\/www.ge-sagt.de\/index.php\/ge-shoppt-kinderkleider\/","title":{"rendered":"Ge-shoppt: Kinderkleider"},"content":{"rendered":"<p style=\"text-align: justify;\"><em>Werbung &#8211; oder Tipp &#8211; ganz wie man es sehen m\u00f6chte. Allerdings unbezahlt und nur weil ich es selbst sch\u00f6n finde!<\/em><\/p>\n<p style=\"text-align: justify;\">Ach ja, die s\u00fc\u00dfen Kleinen! Geht es Euch auch so? Das Shoppen f\u00fcr kleine Kinder macht irgendwie immer gute Laune! Es gibt so viele unheimlich s\u00fc\u00dfe und tolle Kinderkleider, dass ich fast nie widerstehen kann. Wobei ich ganz klar sagen muss, dass ich bei mir und auch bei meiner Tochter eher nicht der R\u00fcschen und Schleifen Typ bin. Ich mag es niedlich, aber auch sportlich und lustig. Und ich k\u00f6nnte Stunden damit verbringen, nach sch\u00f6nen Kinderkleidern zu suchen. Manchmal muss man das auch, denn kaum hat man einen guten Kleiderschrankbestand geschaffen, da sind die Kleinen auch schon wieder gewachsen und alles geht von vorne los. Daher habe ich Euch jetzt mal meine besten Adressen f\u00fcr die Kleidersuche zusammengefasst, vielleicht ist ja auch das ein oder andere f\u00fcr Euch dabei?<\/p>\n<p style=\"text-align: justify;\">Bei <a title=\"Brandkids\" href=\"http:\/\/www.brandkids.de\/\" target=\"_blank\" rel=\"noopener\">Brandkids<\/a> gibt es eine unheimliche Gro\u00dfe Auswahl verschiedenster Marken, von Il Gufo bis Noppies findet man sowohl preisg\u00fcnstige als auch sehr hochpreisige Kinderkleidung. Optimal finde ich hier die Suchfunktionen, die sich nicht nur nach Gr\u00f6\u00dfe und Geschlecht einstellen lassen, sondern auch nach Kleidungsstil, Farbe und Kollektionen. Und im Outlet finden sich immer auch ein paar super Schn\u00e4ppchen! Zum Beispiel diese tollen Sachen: <a title=\"T-Shirt\" href=\"http:\/\/www.brandkids.de\/detail\/american-outfitters-t-shirt-eule-t-shirts-shirts-und-tops-maedchen_beige\" target=\"_blank\" rel=\"noopener\">T-Shirt<\/a>, <a title=\"Tunika\" href=\"http:\/\/www.brandkids.de\/detail\/american-outfitters-rot-weisse-tunika-kleider-und-roecke-maedchen_rot\" target=\"_blank\" rel=\"noopener\">Tunika<\/a>, <a title=\"Jacke\" href=\" http:\/\/www.brandkids.de\/detail\/noppies-jacke-aylin-jacken-und-westen-maedchen_rosa\" target=\"_blank\" rel=\"noopener\">Jacke<\/a> und <a title=\"Jeans\" href=\"http:\/\/www.brandkids.de\/detail\/lckr-bunte-stretch-jeans-hosen-jeans-leggings-maedchen1_blau\" target=\"_blank\" rel=\"noopener\">Jeans<\/a> findet Ihr bei Brandkids.<\/p>\n<p><a title=\"Shop von brandkids\" href=\"http:\/\/www.brandkids.de\/\" target=\"_blank\" rel=\"noopener\"><img decoding=\"async\" data-attachment-id=\"1577\" data-permalink=\"https:\/\/www.ge-sagt.de\/index.php\/ge-shoppt-kinderkleider\/brandkids\/\" data-orig-file=\"https:\/\/www.ge-sagt.de\/wp-content\/uploads\/2014\/05\/brandkids.jpg\" data-orig-size=\"800,800\" data-comments-opened=\"1\" data-image-meta=\"{&quot;aperture&quot;:&quot;0&quot;,&quot;credit&quot;:&quot;&quot;,&quot;camera&quot;:&quot;&quot;,&quot;caption&quot;:&quot;&quot;,&quot;created_timestamp&quot;:&quot;0&quot;,&quot;copyright&quot;:&quot;&quot;,&quot;focal_length&quot;:&quot;0&quot;,&quot;iso&quot;:&quot;0&quot;,&quot;shutter_speed&quot;:&quot;0&quot;,&quot;title&quot;:&quot;&quot;}\" data-image-title=\"brandkids\" data-image-description=\"\" data-image-caption=\"\" data-large-file=\"https:\/\/www.ge-sagt.de\/wp-content\/uploads\/2014\/05\/brandkids.jpg\" class=\"aligncenter size-full wp-image-1577\" src=\"http:\/\/www.ge-sagt.de\/wp-content\/uploads\/2014\/05\/brandkids.jpg\" alt=\"brandkids\" width=\"800\" height=\"800\" srcset=\"https:\/\/www.ge-sagt.de\/wp-content\/uploads\/2014\/05\/brandkids-150x150.jpg 150w, https:\/\/www.ge-sagt.de\/wp-content\/uploads\/2014\/05\/brandkids-300x300.jpg 300w, https:\/\/www.ge-sagt.de\/wp-content\/uploads\/2014\/05\/brandkids-600x600.jpg 600w, https:\/\/www.ge-sagt.de\/wp-content\/uploads\/2014\/05\/brandkids.jpg 800w\" sizes=\"(max-width: 800px) 100vw, 800px\" \/><\/a><\/p>\n<p style=\"text-align: justify;\">\u00a0<a title=\"Zara online\" href=\"http:\/\/www.zara.com\/de\/\" target=\"_blank\" rel=\"noopener\">Zara<\/a> ist nat\u00fcrlich auch eine Hauptanlaufquelle f\u00fcr wunderbare Kinderkleidung zu erschwinglichen Preisen. Und trotzdem kann man sicher sein, dass es an der KiTa-Garderobe nicht zu Verwechselungen kommt. Ich bevorzuge hier ganz klar das Online-Shopping, denn die Auswahl in den Stores ist meistens doch eher reduziert, gerade was die kleinen Gr\u00f6\u00dfen angeht. Meine kleinen Lieblingsteile sind im Moment diese hier: <a title=\"M\u00fctze\" href=\"http:\/\/www.zara.com\/de\/de\/kinder\/baby-m%C3%A4dchen-%283-monate-3-jahre%29\/accessoires\/m%C3%BCtze-mit-sternenmuster-c358113p1744517.html\" target=\"_blank\" rel=\"noopener\">M\u00fctze<\/a>, <a title=\"Jogging-Anzug\" href=\"http:\/\/www.zara.com\/de\/de\/kinder\/baby-m%C3%A4dchen-%283-monate-3-jahre%29\/jogging\/zweiteiliges-set-c374001p1796660.html\" target=\"_blank\" rel=\"noopener\">Erdbeer-Jogging-Anzug<\/a>, <a title=\"Sweatshirt\" href=\"http:\/\/www.zara.com\/de\/de\/kinder\/baby-m%C3%A4dchen-%283-monate-3-jahre%29\/sweatshirts\/sweatshirt-mit-matrosenstreifen-c408001p1744534.html\" target=\"_blank\" rel=\"noopener\">Sweatshirt<\/a> und <a title=\"Karohemd\" href=\"http:\/\/www.zara.com\/de\/de\/kinder\/baby-m%C3%A4dchen-%283-monate-3-jahre%29\/blusen\/karohemd-c361512p1856536.html\" target=\"_blank\" rel=\"noopener\">Karohemd<\/a> findet Ihr bei Zara.<\/p>\n<p><a title=\"Shop von Zara\" href=\"http:\/\/www.zara.com\/de\/\" target=\"_blank\" rel=\"noopener\"><img decoding=\"async\" data-attachment-id=\"1579\" data-permalink=\"https:\/\/www.ge-sagt.de\/index.php\/ge-shoppt-kinderkleider\/zara\/\" data-orig-file=\"https:\/\/www.ge-sagt.de\/wp-content\/uploads\/2014\/05\/zara.jpg\" data-orig-size=\"800,800\" data-comments-opened=\"1\" data-image-meta=\"{&quot;aperture&quot;:&quot;0&quot;,&quot;credit&quot;:&quot;&quot;,&quot;camera&quot;:&quot;&quot;,&quot;caption&quot;:&quot;&quot;,&quot;created_timestamp&quot;:&quot;0&quot;,&quot;copyright&quot;:&quot;&quot;,&quot;focal_length&quot;:&quot;0&quot;,&quot;iso&quot;:&quot;0&quot;,&quot;shutter_speed&quot;:&quot;0&quot;,&quot;title&quot;:&quot;&quot;}\" data-image-title=\"zara\" data-image-description=\"\" data-image-caption=\"\" data-large-file=\"https:\/\/www.ge-sagt.de\/wp-content\/uploads\/2014\/05\/zara.jpg\" class=\"aligncenter size-full wp-image-1579\" src=\"http:\/\/www.ge-sagt.de\/wp-content\/uploads\/2014\/05\/zara.jpg\" alt=\"zara\" width=\"800\" height=\"800\" srcset=\"https:\/\/www.ge-sagt.de\/wp-content\/uploads\/2014\/05\/zara-150x150.jpg 150w, https:\/\/www.ge-sagt.de\/wp-content\/uploads\/2014\/05\/zara-300x300.jpg 300w, https:\/\/www.ge-sagt.de\/wp-content\/uploads\/2014\/05\/zara-600x600.jpg 600w, https:\/\/www.ge-sagt.de\/wp-content\/uploads\/2014\/05\/zara.jpg 800w\" sizes=\"(max-width: 800px) 100vw, 800px\" \/><\/a><\/p>\n<p style=\"text-align: justify;\">\u00a0<a title=\"boden\" href=\"http:\/\/www.bodendirect.de\/\" target=\"_blank\" rel=\"noopener\">Boden <\/a>d\u00fcrfte wahrscheinlich Vielen von Euch auch schon ein Begriff sein, der Online-Shop bietet Mode aus Gro\u00dfbritannien, und das nicht nur f\u00fcr Kinder. Aber die Kinder-Kollektion ist immer ganz besonders s\u00fc\u00df und auch f\u00fcr kleine Jungs gibt es jede Menge Auswahl. Nicht nur s\u00fc\u00df sondern auch cool. Richtig klasse finde ich die Badeshirts mit Sonnenschutz!<\/p>\n<p style=\"text-align: justify;\">Nun aber weg von den ganzen bekannten Marken und Ketten (die man nat\u00fcrlich noch unz\u00e4hlig erweitern k\u00f6nnte) und auf zu den kleinen und feinen Tipps der Szene, insbesondere in Zeiten der handmade Kultur:<\/p>\n<p style=\"text-align: justify;\"><a title=\"Der kleine Salon\" href=\"http:\/\/www.derkleinesalon.at\/epages\/es122891.sf\/de_DE\/?ObjectPath=\/Shops\/es122891\/Categories\" target=\"_blank\" rel=\"noopener\">Der Kleine Salon<\/a> bietet eine Online-Shop mit ausgesprochen wunderbaren Kleidern, Geschenken, Einrichtungsgegenst\u00e4nden und auch noch einem wunderbaren Blog. Von Ferm Living \u00fcber Bobo Choses bis zu\u00a0 april showers by polder\u00a0 kann man sich stundenlang durch die Internetseiten klicken. Da viel es mir wirklich schwer nur 4 Lieblingsteile raus zu suchen, aber schlie\u00dflich mu\u00dfte ich mich entscheiden. <a title=\"Tunika\" href=\"http:\/\/www.derkleinesalon.at\/epages\/es122891.sf\/de_DE\/?ObjectPath=\/Shops\/es122891\/Products\/%22INDIKIDUAL%20SS14%2006%22\/SubProducts\/%22INDIKIDUAL%20SS14%2006-0014%22\" target=\"_blank\" rel=\"noopener\">Tunika<\/a>, <a title=\"Schuhe\" href=\"http:\/\/www.derkleinesalon.at\/epages\/es122891.sf\/de_DE\/?ObjectPath=\/Shops\/es122891\/Products\/%22EZPZ%2002%22\/SubProducts\/%22EZPZ%2002-0015%22\" target=\"_blank\" rel=\"noopener\">Schuhe<\/a>, <a title=\"Hose\" href=\"http:\/\/www.derkleinesalon.at\/epages\/es122891.sf\/de_DE\/?ObjectPath=\/Shops\/es122891\/Products\/%22BOBO%20AW13%2053%22\/SubProducts\/%22BOBO%20AW13%2053-0008%22\" target=\"_blank\" rel=\"noopener\">Hose<\/a> und <a title=\"Streifenshirt\" href=\"http:\/\/www.derkleinesalon.at\/epages\/es122891.sf\/de_DE\/?ObjectPath=\/Shops\/es122891\/Products\/%22BOYGIRL%20AW13%2007%22\/SubProducts\/%22BOYGIRL%20AW13%2007-0017%22\" target=\"_blank\" rel=\"noopener\">Streifenshirt<\/a> w\u00fcrde ich am liebsten gleich f\u00fcr meine Kleine bestellen!<\/p>\n<p><a title=\"Shop der kleine Salon\" href=\"http:\/\/www.derkleinesalon.at\" target=\"_blank\" rel=\"noopener\"><img decoding=\"async\" data-attachment-id=\"1582\" data-permalink=\"https:\/\/www.ge-sagt.de\/index.php\/ge-shoppt-kinderkleider\/kleiner-salon\/\" data-orig-file=\"https:\/\/www.ge-sagt.de\/wp-content\/uploads\/2014\/05\/kleiner-Salon.jpg\" data-orig-size=\"800,800\" data-comments-opened=\"1\" data-image-meta=\"{&quot;aperture&quot;:&quot;0&quot;,&quot;credit&quot;:&quot;&quot;,&quot;camera&quot;:&quot;&quot;,&quot;caption&quot;:&quot;&quot;,&quot;created_timestamp&quot;:&quot;0&quot;,&quot;copyright&quot;:&quot;&quot;,&quot;focal_length&quot;:&quot;0&quot;,&quot;iso&quot;:&quot;0&quot;,&quot;shutter_speed&quot;:&quot;0&quot;,&quot;title&quot;:&quot;&quot;}\" data-image-title=\"kleiner Salon\" data-image-description=\"\" data-image-caption=\"\" data-large-file=\"https:\/\/www.ge-sagt.de\/wp-content\/uploads\/2014\/05\/kleiner-Salon.jpg\" class=\"aligncenter size-full wp-image-1582\" src=\"http:\/\/www.ge-sagt.de\/wp-content\/uploads\/2014\/05\/kleiner-Salon.jpg\" alt=\"kleiner Salon\" width=\"800\" height=\"800\" srcset=\"https:\/\/www.ge-sagt.de\/wp-content\/uploads\/2014\/05\/kleiner-Salon-150x150.jpg 150w, https:\/\/www.ge-sagt.de\/wp-content\/uploads\/2014\/05\/kleiner-Salon-300x300.jpg 300w, https:\/\/www.ge-sagt.de\/wp-content\/uploads\/2014\/05\/kleiner-Salon-600x600.jpg 600w, https:\/\/www.ge-sagt.de\/wp-content\/uploads\/2014\/05\/kleiner-Salon.jpg 800w\" sizes=\"(max-width: 800px) 100vw, 800px\" \/><\/a><\/p>\n<p style=\"text-align: justify;\">\u00a0<a title=\"emma och malena \" href=\"http:\/\/emmamalena.com\/en\/\" target=\"_blank\" rel=\"noopener\">emma och malena <\/a>ist eine schwedische Marke die sehr maritime Kleidungsst\u00fccke f\u00fcr Gro\u00df und Klein designen. Der nordische Stil ist unverkennbar und die Kollektionen werden in Schweden, Litauen und Portugal hergestellt. Ich liebe ja alles Maritime und mit Ankern, Fischen und M\u00f6wen liegt man in Hamburg nat\u00fcrlich immer richtig. Aber auch f\u00fcr das Urlaubsfeeling in anderen Regionen kann man mit St\u00fccken dieser beiden Designerinnen eigentlich nichts verkehrt machen.<\/p>\n<p style=\"text-align: justify;\"><a title=\"oh my kids\" href=\"http:\/\/www.ohmykids.bigcartel.com\/\" target=\"_blank\" rel=\"noopener\">Oh my kids<\/a> ist noch so ein kleines feines Label, diesmal aus Belgien. Alle Produkte sind handgemacht und werden auf Bestellung angefertigt. Ich hoffe sehr, dass es bald noch etwas mehr Auswahl geben wird. Das Design ist klar, modern und edel. M\u00f6gt Ihr das <a title=\"Sweatshirt\" href=\"http:\/\/www.ohmykids.bigcartel.com\/product\/sweatshirt-ii\" target=\"_blank\" rel=\"noopener\">Sweatshirt<\/a>, <a title=\"Kissen\" href=\"http:\/\/www.ohmykids.bigcartel.com\/product\/block-print-pillow-case\" target=\"_blank\" rel=\"noopener\">die Kissen<\/a>, <a title=\"Kleid\" href=\"http:\/\/www.ohmykids.bigcartel.com\/product\/babydoll-denim-dress\" target=\"_blank\" rel=\"noopener\">das Kleid<\/a> und <a title=\"Sporthose\" href=\"http:\/\/www.ohmykids.bigcartel.com\/product\/tricot-pants\" target=\"_blank\" rel=\"noopener\">Sporthose<\/a> von oh my kids auch so gerne wie ich?<\/p>\n<p><a title=\"Shop von ohmykids\" href=\"http:\/\/www.ohmykids.bigcartel.com\/\" target=\"_blank\" rel=\"noopener\"><img decoding=\"async\" data-attachment-id=\"1581\" data-permalink=\"https:\/\/www.ge-sagt.de\/index.php\/ge-shoppt-kinderkleider\/ohmykids\/\" data-orig-file=\"https:\/\/www.ge-sagt.de\/wp-content\/uploads\/2014\/05\/ohmykids.jpg\" data-orig-size=\"800,800\" data-comments-opened=\"1\" data-image-meta=\"{&quot;aperture&quot;:&quot;0&quot;,&quot;credit&quot;:&quot;&quot;,&quot;camera&quot;:&quot;&quot;,&quot;caption&quot;:&quot;&quot;,&quot;created_timestamp&quot;:&quot;0&quot;,&quot;copyright&quot;:&quot;&quot;,&quot;focal_length&quot;:&quot;0&quot;,&quot;iso&quot;:&quot;0&quot;,&quot;shutter_speed&quot;:&quot;0&quot;,&quot;title&quot;:&quot;&quot;}\" data-image-title=\"ohmykids\" data-image-description=\"\" data-image-caption=\"\" data-large-file=\"https:\/\/www.ge-sagt.de\/wp-content\/uploads\/2014\/05\/ohmykids.jpg\" class=\"aligncenter size-full wp-image-1581\" src=\"http:\/\/www.ge-sagt.de\/wp-content\/uploads\/2014\/05\/ohmykids.jpg\" alt=\"ohmykids\" width=\"800\" height=\"800\" srcset=\"https:\/\/www.ge-sagt.de\/wp-content\/uploads\/2014\/05\/ohmykids-150x150.jpg 150w, https:\/\/www.ge-sagt.de\/wp-content\/uploads\/2014\/05\/ohmykids-300x300.jpg 300w, https:\/\/www.ge-sagt.de\/wp-content\/uploads\/2014\/05\/ohmykids-600x600.jpg 600w, https:\/\/www.ge-sagt.de\/wp-content\/uploads\/2014\/05\/ohmykids.jpg 800w\" sizes=\"(max-width: 800px) 100vw, 800px\" \/><\/a><\/p>\n<p style=\"text-align: justify;\">\u00a0Und damit komme ich zu meinem letzten Tipp, dem Kleinod\u00a0 &#8222;<a title=\"daWanda Shop kleine W\u00f6lkchen\" href=\"http:\/\/de.dawanda.com\/shop\/Kleine-Woelkchen\" target=\"_blank\" rel=\"noopener\">kleine W\u00f6lkchen<\/a>&#8220; bei daWanda. Dieser wunderbare Shop bietet sehr h\u00fcbsche Kinderkleider handmade aus dem Berliner Atelier von Isabell, selbst Mutter von drei Kindern. Verarbeitet werden haupts\u00e4chlich Stoffe wie Leinen und Baumwolle. Alle St\u00fccke sind durch Applikationen in verschiedenen Stoffen individualisierbar. Ich habe mich in den <a title=\"Rock\" href=\"http:\/\/de.dawanda.com\/product\/57704719-Maedchenrock-Herz-LeinenBaumwolle\" target=\"_blank\" rel=\"noopener\">Rock<\/a>, <a title=\"Fellweste\" href=\"http:\/\/de.dawanda.com\/product\/35896781-Fellweste-\" target=\"_blank\" rel=\"noopener\">die Fellweste<\/a>, <a title=\"Hose\" href=\"http:\/\/de.dawanda.com\/product\/45735614-Sarouel-Hose-Sweat-Jersey\" target=\"_blank\" rel=\"noopener\">die coole Hose<\/a> und den <a title=\"Loop\" href=\"http:\/\/de.dawanda.com\/product\/50356834-Loop-fuer-Gross-Klein-100-Bio-Jersey\" target=\"_blank\" rel=\"noopener\">Loopschal<\/a> verliebt.<\/p>\n<p><a title=\"daWanda Shop kleine W\u00f6lkchen\" href=\"http:\/\/de.dawanda.com\/shop\/Kleine-Woelkchen\" target=\"_blank\" rel=\"noopener\"><img decoding=\"async\" data-attachment-id=\"1580\" data-permalink=\"https:\/\/www.ge-sagt.de\/index.php\/ge-shoppt-kinderkleider\/woelkchen\/\" data-orig-file=\"https:\/\/www.ge-sagt.de\/wp-content\/uploads\/2014\/05\/woelkchen.jpg\" data-orig-size=\"800,613\" data-comments-opened=\"1\" data-image-meta=\"{&quot;aperture&quot;:&quot;0&quot;,&quot;credit&quot;:&quot;&quot;,&quot;camera&quot;:&quot;&quot;,&quot;caption&quot;:&quot;&quot;,&quot;created_timestamp&quot;:&quot;0&quot;,&quot;copyright&quot;:&quot;&quot;,&quot;focal_length&quot;:&quot;0&quot;,&quot;iso&quot;:&quot;0&quot;,&quot;shutter_speed&quot;:&quot;0&quot;,&quot;title&quot;:&quot;&quot;}\" data-image-title=\"woelkchen\" data-image-description=\"\" data-image-caption=\"\" data-large-file=\"https:\/\/www.ge-sagt.de\/wp-content\/uploads\/2014\/05\/woelkchen.jpg\" class=\"aligncenter size-full wp-image-1580\" src=\"http:\/\/www.ge-sagt.de\/wp-content\/uploads\/2014\/05\/woelkchen.jpg\" alt=\"woelkchen\" width=\"800\" height=\"613\" srcset=\"https:\/\/www.ge-sagt.de\/wp-content\/uploads\/2014\/05\/woelkchen-391x300.jpg 391w, https:\/\/www.ge-sagt.de\/wp-content\/uploads\/2014\/05\/woelkchen-600x459.jpg 600w, https:\/\/www.ge-sagt.de\/wp-content\/uploads\/2014\/05\/woelkchen.jpg 800w\" sizes=\"(max-width: 800px) 100vw, 800px\" \/><\/a><\/p>\n<p style=\"text-align: justify;\">Damit h\u00e4ttet Ihr dann mal ein bisschen Auswahl, oder? Ach, dieser Post ist \u00fcbrigens nicht gesponsert sondern gibt meine pers\u00f6nlichen Einkaufsvorlieben wieder. Ich habe lediglich die Verwendung der Bilder mit den genannten Shops abgesprochen. Aber ich habe wahrscheinlich noch ganz viele andere tolle Shops und Marken vergessen &#8211; wo kauft Ihr denn gerne f\u00fcr die kleinen S\u00fc\u00dfen?<br \/>\nLiebe Gr\u00fc\u00dfe<br \/>\nGesa<\/p>\n","protected":false},"excerpt":{"rendered":"<p>Werbung &#8211; oder Tipp &#8211; ganz wie man es sehen m\u00f6chte. Allerdings unbezahlt und nur weil ich es selbst sch\u00f6n finde! Ach ja, die s\u00fc\u00dfen Kleinen! Geht es Euch auch so? Das Shoppen f\u00fcr kleine Kinder macht irgendwie immer gute Laune! Es gibt so viele unheimlich s\u00fc\u00dfe und tolle Kinderkleider, dass ich fast nie widerstehen [&hellip;]<\/p>\n","protected":false},"author":2,"featured_media":0,"comment_status":"open","ping_status":"open","sticky":false,"template":"","format":"standard","meta":{"jetpack_post_was_ever_published":false,"_jetpack_newsletter_access":"","_jetpack_dont_email_post_to_subs":true,"_jetpack_newsletter_tier_id":0,"_jetpack_memberships_contains_paywalled_content":false,"_jetpack_memberships_contains_paid_content":false,"footnotes":"","jetpack_publicize_message":"Ge-shoppt: Kinderkleider http:\/\/wp.me\/p3aAW4-p5","jetpack_publicize_feature_enabled":true,"jetpack_social_post_already_shared":true,"jetpack_social_options":{"image_generator_settings":{"template":"highway","default_image_id":0,"font":"","enabled":false},"version":2}},"categories":[1,91],"tags":[363,360,359,182,361,364,362],"class_list":["post-1555","post","type-post","status-publish","format-standard","hentry","category-allgemein","category-ge-shoppt","tag-einkaufen","tag-fashion","tag-kids","tag-kinder","tag-kleider","tag-shoppen","tag-tipps"],"yoast_head":"<!-- This site is optimized with the Yoast SEO plugin v27.5 - https:\/\/yoast.com\/product\/yoast-seo-wordpress\/ -->\n<title>Ge-shoppt: Kinderkleider - ge-sagt.de<\/title>\n<meta name=\"description\" content=\"Ge-shoppt: Kinderkleider. Eine kleine Linksammlung f\u00fcr tolle Online-Shops zum Thema Kindsfashion\" \/>\n<meta name=\"robots\" content=\"index, follow, max-snippet:-1, max-image-preview:large, max-video-preview:-1\" \/>\n<link rel=\"canonical\" href=\"https:\/\/www.ge-sagt.de\/index.php\/ge-shoppt-kinderkleider\/\" \/>\n<meta property=\"og:locale\" content=\"de_DE\" \/>\n<meta property=\"og:type\" content=\"article\" \/>\n<meta property=\"og:title\" content=\"Ge-shoppt: Kinderkleider - ge-sagt.de\" \/>\n<meta property=\"og:description\" content=\"Ge-shoppt: Kinderkleider. Eine kleine Linksammlung f\u00fcr tolle Online-Shops zum Thema Kindsfashion\" \/>\n<meta property=\"og:url\" content=\"https:\/\/www.ge-sagt.de\/index.php\/ge-shoppt-kinderkleider\/\" \/>\n<meta property=\"og:site_name\" content=\"ge-sagt.de\" \/>\n<meta property=\"article:published_time\" content=\"2014-05-20T19:53:52+00:00\" \/>\n<meta property=\"article:modified_time\" content=\"2018-07-29T19:35:40+00:00\" \/>\n<meta property=\"og:image\" content=\"http:\/\/www.ge-sagt.de\/wp-content\/uploads\/2014\/05\/brandkids.jpg\" \/>\n<meta name=\"author\" content=\"Gesa\" \/>\n<meta name=\"twitter:label1\" content=\"Verfasst von\" \/>\n\t<meta name=\"twitter:data1\" content=\"Gesa\" \/>\n\t<meta name=\"twitter:label2\" content=\"Gesch\u00e4tzte Lesezeit\" \/>\n\t<meta name=\"twitter:data2\" content=\"4\u00a0Minuten\" \/>\n<script type=\"application\/ld+json\" class=\"yoast-schema-graph\">{\"@context\":\"https:\\\/\\\/schema.org\",\"@graph\":[{\"@type\":\"Article\",\"@id\":\"https:\\\/\\\/www.ge-sagt.de\\\/index.php\\\/ge-shoppt-kinderkleider\\\/#article\",\"isPartOf\":{\"@id\":\"https:\\\/\\\/www.ge-sagt.de\\\/index.php\\\/ge-shoppt-kinderkleider\\\/\"},\"author\":{\"name\":\"Gesa\",\"@id\":\"https:\\\/\\\/www.ge-sagt.de\\\/#\\\/schema\\\/person\\\/f6ec6da1209901fb058ae74d414f295d\"},\"headline\":\"Ge-shoppt: Kinderkleider\",\"datePublished\":\"2014-05-20T19:53:52+00:00\",\"dateModified\":\"2018-07-29T19:35:40+00:00\",\"mainEntityOfPage\":{\"@id\":\"https:\\\/\\\/www.ge-sagt.de\\\/index.php\\\/ge-shoppt-kinderkleider\\\/\"},\"wordCount\":748,\"commentCount\":0,\"image\":{\"@id\":\"https:\\\/\\\/www.ge-sagt.de\\\/index.php\\\/ge-shoppt-kinderkleider\\\/#primaryimage\"},\"thumbnailUrl\":\"http:\\\/\\\/www.ge-sagt.de\\\/wp-content\\\/uploads\\\/2014\\\/05\\\/brandkids.jpg\",\"keywords\":[\"einkaufen\",\"Fashion\",\"Kids\",\"Kinder\",\"Kleider\",\"shoppen\",\"Tipps\"],\"articleSection\":{\"1\":\"Ge-shoppt\"},\"inLanguage\":\"de\",\"potentialAction\":[{\"@type\":\"CommentAction\",\"name\":\"Comment\",\"target\":[\"https:\\\/\\\/www.ge-sagt.de\\\/index.php\\\/ge-shoppt-kinderkleider\\\/#respond\"]}]},{\"@type\":\"WebPage\",\"@id\":\"https:\\\/\\\/www.ge-sagt.de\\\/index.php\\\/ge-shoppt-kinderkleider\\\/\",\"url\":\"https:\\\/\\\/www.ge-sagt.de\\\/index.php\\\/ge-shoppt-kinderkleider\\\/\",\"name\":\"Ge-shoppt: Kinderkleider - ge-sagt.de\",\"isPartOf\":{\"@id\":\"https:\\\/\\\/www.ge-sagt.de\\\/#website\"},\"primaryImageOfPage\":{\"@id\":\"https:\\\/\\\/www.ge-sagt.de\\\/index.php\\\/ge-shoppt-kinderkleider\\\/#primaryimage\"},\"image\":{\"@id\":\"https:\\\/\\\/www.ge-sagt.de\\\/index.php\\\/ge-shoppt-kinderkleider\\\/#primaryimage\"},\"thumbnailUrl\":\"http:\\\/\\\/www.ge-sagt.de\\\/wp-content\\\/uploads\\\/2014\\\/05\\\/brandkids.jpg\",\"datePublished\":\"2014-05-20T19:53:52+00:00\",\"dateModified\":\"2018-07-29T19:35:40+00:00\",\"author\":{\"@id\":\"https:\\\/\\\/www.ge-sagt.de\\\/#\\\/schema\\\/person\\\/f6ec6da1209901fb058ae74d414f295d\"},\"description\":\"Ge-shoppt: Kinderkleider. Eine kleine Linksammlung f\u00fcr tolle Online-Shops zum Thema Kindsfashion\",\"breadcrumb\":{\"@id\":\"https:\\\/\\\/www.ge-sagt.de\\\/index.php\\\/ge-shoppt-kinderkleider\\\/#breadcrumb\"},\"inLanguage\":\"de\",\"potentialAction\":[{\"@type\":\"ReadAction\",\"target\":[\"https:\\\/\\\/www.ge-sagt.de\\\/index.php\\\/ge-shoppt-kinderkleider\\\/\"]}]},{\"@type\":\"ImageObject\",\"inLanguage\":\"de\",\"@id\":\"https:\\\/\\\/www.ge-sagt.de\\\/index.php\\\/ge-shoppt-kinderkleider\\\/#primaryimage\",\"url\":\"http:\\\/\\\/www.ge-sagt.de\\\/wp-content\\\/uploads\\\/2014\\\/05\\\/brandkids.jpg\",\"contentUrl\":\"http:\\\/\\\/www.ge-sagt.de\\\/wp-content\\\/uploads\\\/2014\\\/05\\\/brandkids.jpg\"},{\"@type\":\"BreadcrumbList\",\"@id\":\"https:\\\/\\\/www.ge-sagt.de\\\/index.php\\\/ge-shoppt-kinderkleider\\\/#breadcrumb\",\"itemListElement\":[{\"@type\":\"ListItem\",\"position\":1,\"name\":\"Home\",\"item\":\"https:\\\/\\\/www.ge-sagt.de\\\/\"},{\"@type\":\"ListItem\",\"position\":2,\"name\":\"Ge-shoppt: Kinderkleider\"}]},{\"@type\":\"WebSite\",\"@id\":\"https:\\\/\\\/www.ge-sagt.de\\\/#website\",\"url\":\"https:\\\/\\\/www.ge-sagt.de\\\/\",\"name\":\"ge-sagt.de\",\"description\":\"Gesa denkt, sagt und tut auf diesem Blog\",\"potentialAction\":[{\"@type\":\"SearchAction\",\"target\":{\"@type\":\"EntryPoint\",\"urlTemplate\":\"https:\\\/\\\/www.ge-sagt.de\\\/?s={search_term_string}\"},\"query-input\":{\"@type\":\"PropertyValueSpecification\",\"valueRequired\":true,\"valueName\":\"search_term_string\"}}],\"inLanguage\":\"de\"},{\"@type\":\"Person\",\"@id\":\"https:\\\/\\\/www.ge-sagt.de\\\/#\\\/schema\\\/person\\\/f6ec6da1209901fb058ae74d414f295d\",\"name\":\"Gesa\",\"image\":{\"@type\":\"ImageObject\",\"inLanguage\":\"de\",\"@id\":\"https:\\\/\\\/secure.gravatar.com\\\/avatar\\\/b2210b745bd73a1286fa46a53ee66332ba91d4de884ca4cdeaa854740a7b03a0?s=96&d=mm&r=g\",\"url\":\"https:\\\/\\\/secure.gravatar.com\\\/avatar\\\/b2210b745bd73a1286fa46a53ee66332ba91d4de884ca4cdeaa854740a7b03a0?s=96&d=mm&r=g\",\"contentUrl\":\"https:\\\/\\\/secure.gravatar.com\\\/avatar\\\/b2210b745bd73a1286fa46a53ee66332ba91d4de884ca4cdeaa854740a7b03a0?s=96&d=mm&r=g\",\"caption\":\"Gesa\"},\"url\":\"https:\\\/\\\/www.ge-sagt.de\\\/index.php\\\/author\\\/gesa\\\/\"}]}<\/script>\n<!-- \/ Yoast SEO plugin. -->","yoast_head_json":{"title":"Ge-shoppt: Kinderkleider - ge-sagt.de","description":"Ge-shoppt: Kinderkleider. Eine kleine Linksammlung f\u00fcr tolle Online-Shops zum Thema Kindsfashion","robots":{"index":"index","follow":"follow","max-snippet":"max-snippet:-1","max-image-preview":"max-image-preview:large","max-video-preview":"max-video-preview:-1"},"canonical":"https:\/\/www.ge-sagt.de\/index.php\/ge-shoppt-kinderkleider\/","og_locale":"de_DE","og_type":"article","og_title":"Ge-shoppt: Kinderkleider - ge-sagt.de","og_description":"Ge-shoppt: Kinderkleider. Eine kleine Linksammlung f\u00fcr tolle Online-Shops zum Thema Kindsfashion","og_url":"https:\/\/www.ge-sagt.de\/index.php\/ge-shoppt-kinderkleider\/","og_site_name":"ge-sagt.de","article_published_time":"2014-05-20T19:53:52+00:00","article_modified_time":"2018-07-29T19:35:40+00:00","og_image":[{"url":"http:\/\/www.ge-sagt.de\/wp-content\/uploads\/2014\/05\/brandkids.jpg","type":"","width":"","height":""}],"author":"Gesa","twitter_misc":{"Verfasst von":"Gesa","Gesch\u00e4tzte Lesezeit":"4\u00a0Minuten"},"schema":{"@context":"https:\/\/schema.org","@graph":[{"@type":"Article","@id":"https:\/\/www.ge-sagt.de\/index.php\/ge-shoppt-kinderkleider\/#article","isPartOf":{"@id":"https:\/\/www.ge-sagt.de\/index.php\/ge-shoppt-kinderkleider\/"},"author":{"name":"Gesa","@id":"https:\/\/www.ge-sagt.de\/#\/schema\/person\/f6ec6da1209901fb058ae74d414f295d"},"headline":"Ge-shoppt: Kinderkleider","datePublished":"2014-05-20T19:53:52+00:00","dateModified":"2018-07-29T19:35:40+00:00","mainEntityOfPage":{"@id":"https:\/\/www.ge-sagt.de\/index.php\/ge-shoppt-kinderkleider\/"},"wordCount":748,"commentCount":0,"image":{"@id":"https:\/\/www.ge-sagt.de\/index.php\/ge-shoppt-kinderkleider\/#primaryimage"},"thumbnailUrl":"http:\/\/www.ge-sagt.de\/wp-content\/uploads\/2014\/05\/brandkids.jpg","keywords":["einkaufen","Fashion","Kids","Kinder","Kleider","shoppen","Tipps"],"articleSection":{"1":"Ge-shoppt"},"inLanguage":"de","potentialAction":[{"@type":"CommentAction","name":"Comment","target":["https:\/\/www.ge-sagt.de\/index.php\/ge-shoppt-kinderkleider\/#respond"]}]},{"@type":"WebPage","@id":"https:\/\/www.ge-sagt.de\/index.php\/ge-shoppt-kinderkleider\/","url":"https:\/\/www.ge-sagt.de\/index.php\/ge-shoppt-kinderkleider\/","name":"Ge-shoppt: Kinderkleider - ge-sagt.de","isPartOf":{"@id":"https:\/\/www.ge-sagt.de\/#website"},"primaryImageOfPage":{"@id":"https:\/\/www.ge-sagt.de\/index.php\/ge-shoppt-kinderkleider\/#primaryimage"},"image":{"@id":"https:\/\/www.ge-sagt.de\/index.php\/ge-shoppt-kinderkleider\/#primaryimage"},"thumbnailUrl":"http:\/\/www.ge-sagt.de\/wp-content\/uploads\/2014\/05\/brandkids.jpg","datePublished":"2014-05-20T19:53:52+00:00","dateModified":"2018-07-29T19:35:40+00:00","author":{"@id":"https:\/\/www.ge-sagt.de\/#\/schema\/person\/f6ec6da1209901fb058ae74d414f295d"},"description":"Ge-shoppt: Kinderkleider. Eine kleine Linksammlung f\u00fcr tolle Online-Shops zum Thema Kindsfashion","breadcrumb":{"@id":"https:\/\/www.ge-sagt.de\/index.php\/ge-shoppt-kinderkleider\/#breadcrumb"},"inLanguage":"de","potentialAction":[{"@type":"ReadAction","target":["https:\/\/www.ge-sagt.de\/index.php\/ge-shoppt-kinderkleider\/"]}]},{"@type":"ImageObject","inLanguage":"de","@id":"https:\/\/www.ge-sagt.de\/index.php\/ge-shoppt-kinderkleider\/#primaryimage","url":"http:\/\/www.ge-sagt.de\/wp-content\/uploads\/2014\/05\/brandkids.jpg","contentUrl":"http:\/\/www.ge-sagt.de\/wp-content\/uploads\/2014\/05\/brandkids.jpg"},{"@type":"BreadcrumbList","@id":"https:\/\/www.ge-sagt.de\/index.php\/ge-shoppt-kinderkleider\/#breadcrumb","itemListElement":[{"@type":"ListItem","position":1,"name":"Home","item":"https:\/\/www.ge-sagt.de\/"},{"@type":"ListItem","position":2,"name":"Ge-shoppt: Kinderkleider"}]},{"@type":"WebSite","@id":"https:\/\/www.ge-sagt.de\/#website","url":"https:\/\/www.ge-sagt.de\/","name":"ge-sagt.de","description":"Gesa denkt, sagt und tut auf diesem Blog","potentialAction":[{"@type":"SearchAction","target":{"@type":"EntryPoint","urlTemplate":"https:\/\/www.ge-sagt.de\/?s={search_term_string}"},"query-input":{"@type":"PropertyValueSpecification","valueRequired":true,"valueName":"search_term_string"}}],"inLanguage":"de"},{"@type":"Person","@id":"https:\/\/www.ge-sagt.de\/#\/schema\/person\/f6ec6da1209901fb058ae74d414f295d","name":"Gesa","image":{"@type":"ImageObject","inLanguage":"de","@id":"https:\/\/secure.gravatar.com\/avatar\/b2210b745bd73a1286fa46a53ee66332ba91d4de884ca4cdeaa854740a7b03a0?s=96&d=mm&r=g","url":"https:\/\/secure.gravatar.com\/avatar\/b2210b745bd73a1286fa46a53ee66332ba91d4de884ca4cdeaa854740a7b03a0?s=96&d=mm&r=g","contentUrl":"https:\/\/secure.gravatar.com\/avatar\/b2210b745bd73a1286fa46a53ee66332ba91d4de884ca4cdeaa854740a7b03a0?s=96&d=mm&r=g","caption":"Gesa"},"url":"https:\/\/www.ge-sagt.de\/index.php\/author\/gesa\/"}]}},"jetpack_publicize_connections":[],"jetpack_featured_media_url":"","jetpack_shortlink":"https:\/\/wp.me\/p3aAW4-p5","jetpack_sharing_enabled":true,"_links":{"self":[{"href":"https:\/\/www.ge-sagt.de\/index.php\/wp-json\/wp\/v2\/posts\/1555","targetHints":{"allow":["GET"]}}],"collection":[{"href":"https:\/\/www.ge-sagt.de\/index.php\/wp-json\/wp\/v2\/posts"}],"about":[{"href":"https:\/\/www.ge-sagt.de\/index.php\/wp-json\/wp\/v2\/types\/post"}],"author":[{"embeddable":true,"href":"https:\/\/www.ge-sagt.de\/index.php\/wp-json\/wp\/v2\/users\/2"}],"replies":[{"embeddable":true,"href":"https:\/\/www.ge-sagt.de\/index.php\/wp-json\/wp\/v2\/comments?post=1555"}],"version-history":[{"count":14,"href":"https:\/\/www.ge-sagt.de\/index.php\/wp-json\/wp\/v2\/posts\/1555\/revisions"}],"predecessor-version":[{"id":2447,"href":"https:\/\/www.ge-sagt.de\/index.php\/wp-json\/wp\/v2\/posts\/1555\/revisions\/2447"}],"wp:attachment":[{"href":"https:\/\/www.ge-sagt.de\/index.php\/wp-json\/wp\/v2\/media?parent=1555"}],"wp:term":[{"taxonomy":"category","embeddable":true,"href":"https:\/\/www.ge-sagt.de\/index.php\/wp-json\/wp\/v2\/categories?post=1555"},{"taxonomy":"post_tag","embeddable":true,"href":"https:\/\/www.ge-sagt.de\/index.php\/wp-json\/wp\/v2\/tags?post=1555"}],"curies":[{"name":"wp","href":"https:\/\/api.w.org\/{rel}","templated":true}]}}