{"id":1545,"date":"2014-04-29T09:00:35","date_gmt":"2014-04-29T07:00:35","guid":{"rendered":"http:\/\/www.ge-sagt.de\/?p=1545"},"modified":"2016-10-25T14:06:23","modified_gmt":"2016-10-25T12:06:23","slug":"ge-kocht-spargelpesto-mit-baerlauch","status":"publish","type":"post","link":"https:\/\/www.ge-sagt.de\/index.php\/ge-kocht-spargelpesto-mit-baerlauch\/","title":{"rendered":"Ge-kocht: Spargelpesto mit B\u00e4rlauch"},"content":{"rendered":"<p style=\"text-align: justify;\"><img decoding=\"async\" data-attachment-id=\"1551\" data-permalink=\"https:\/\/www.ge-sagt.de\/index.php\/ge-kocht-spargelpesto-mit-baerlauch\/spargelpesto-1\/\" data-orig-file=\"https:\/\/www.ge-sagt.de\/wp-content\/uploads\/2014\/04\/Spargelpesto-1.jpg\" data-orig-size=\"800,542\" data-comments-opened=\"1\" data-image-meta=\"{&quot;aperture&quot;:&quot;1.8&quot;,&quot;credit&quot;:&quot;&quot;,&quot;camera&quot;:&quot;Canon EOS 1000D&quot;,&quot;caption&quot;:&quot;&quot;,&quot;created_timestamp&quot;:&quot;1398716422&quot;,&quot;copyright&quot;:&quot;&quot;,&quot;focal_length&quot;:&quot;50&quot;,&quot;iso&quot;:&quot;200&quot;,&quot;shutter_speed&quot;:&quot;0.01&quot;,&quot;title&quot;:&quot;&quot;}\" data-image-title=\"Spargelpesto 1\" data-image-description=\"\" data-image-caption=\"\" data-large-file=\"https:\/\/www.ge-sagt.de\/wp-content\/uploads\/2014\/04\/Spargelpesto-1.jpg\" class=\"aligncenter wp-image-1551 size-medium\" src=\"http:\/\/www.ge-sagt.de\/wp-content\/uploads\/2014\/04\/Spargelpesto-1-600x406.jpg\" alt=\"Ge-kocht: Spargelpesto mit B\u00e4rlauch\" width=\"600\" height=\"406\" srcset=\"https:\/\/www.ge-sagt.de\/wp-content\/uploads\/2014\/04\/Spargelpesto-1-442x300.jpg 442w, https:\/\/www.ge-sagt.de\/wp-content\/uploads\/2014\/04\/Spargelpesto-1-600x406.jpg 600w, https:\/\/www.ge-sagt.de\/wp-content\/uploads\/2014\/04\/Spargelpesto-1.jpg 800w\" sizes=\"(max-width: 600px) 100vw, 600px\" \/><\/p>\n<p style=\"text-align: justify;\">Es ist Spargelsaison und von mir gibt es dazu unter der Rubrik Ge-kocht ein Rezept f\u00fcr Spargelpesto mit B\u00e4rlauch! Das ist wirklich ein Grund f\u00fcr einen Jubelschrei, denn ich liebe Spargel. Egal ob wei\u00df, gr\u00fcn, violett oder als Mini-Thai Spargel, ich finde ihn einfach unheimlich gut. Und ehrlich gesagt mag ich die Stangen klassisch am liebsten. Das bedeutet in meinem Fall mit Kartoffeln, Schinken und einer sch\u00f6nen Sauce Hollandaise. Aber auf Dauer wird das ja doch etwas langweilig, also mu\u00dfte etwas Neues her. Und hier ist es: Spargelpesto! Nudeln gehen ja eigentlich immer und dieses Pesto ist wirklich richtig lecker. B\u00e4rlauch gibt dem Ganzen noch den Extra Pep. Ihr braucht dazu:<img decoding=\"async\" data-attachment-id=\"1548\" data-permalink=\"https:\/\/www.ge-sagt.de\/index.php\/ge-kocht-spargelpesto-mit-baerlauch\/spargelpesto-rezept\/\" data-orig-file=\"https:\/\/www.ge-sagt.de\/wp-content\/uploads\/2014\/04\/Spargelpesto-Rezept.jpg\" data-orig-size=\"361,311\" data-comments-opened=\"1\" data-image-meta=\"{&quot;aperture&quot;:&quot;0&quot;,&quot;credit&quot;:&quot;&quot;,&quot;camera&quot;:&quot;&quot;,&quot;caption&quot;:&quot;&quot;,&quot;created_timestamp&quot;:&quot;0&quot;,&quot;copyright&quot;:&quot;&quot;,&quot;focal_length&quot;:&quot;0&quot;,&quot;iso&quot;:&quot;0&quot;,&quot;shutter_speed&quot;:&quot;0&quot;,&quot;title&quot;:&quot;&quot;}\" data-image-title=\"Spargelpesto Rezept\" data-image-description=\"\" data-image-caption=\"\" data-large-file=\"https:\/\/www.ge-sagt.de\/wp-content\/uploads\/2014\/04\/Spargelpesto-Rezept.jpg\" class=\"aligncenter size-full wp-image-1548\" src=\"http:\/\/www.ge-sagt.de\/wp-content\/uploads\/2014\/04\/Spargelpesto-Rezept.jpg\" alt=\"Spargelpesto Rezept\" width=\"361\" height=\"311\" srcset=\"https:\/\/www.ge-sagt.de\/wp-content\/uploads\/2014\/04\/Spargelpesto-Rezept-348x300.jpg 348w, https:\/\/www.ge-sagt.de\/wp-content\/uploads\/2014\/04\/Spargelpesto-Rezept.jpg 361w\" sizes=\"(max-width: 361px) 100vw, 361px\" \/><\/p>\n<p style=\"text-align: justify;\">Zun\u00e4chst m\u00fc\u00dft Ihr den Spargel sch\u00e4len und in fingerdicke St\u00fccke schneiden. Die Spitzen solltet Ihr separat lagern. Die Spargelst\u00fccke werden in Salzwasser f\u00fcr etwa 5 Minuten gegart, dann kommen die Spargelspitzen dazu und werden weitere 5 Minuten gegart. In der Zwischenzeit k\u00f6nnt Ihr 50g Parmesan und 25g Pinienkerne in einen K\u00fcchenh\u00e4cksler geben. Nach dem der Spargel fertig gegart ist, gebt Ihr 400g davon (die Spitzen bitte aufbewahren,die sind zu schade zum P\u00fcrieren und werden sp\u00e4ter separat unter die Spaghetti gemischt) ebenfalls in den K\u00fcchenh\u00e4cksler.<\/p>\n<p style=\"text-align: justify;\"><img decoding=\"async\" data-attachment-id=\"1549\" data-permalink=\"https:\/\/www.ge-sagt.de\/index.php\/ge-kocht-spargelpesto-mit-baerlauch\/spargelpesto-3\/\" data-orig-file=\"https:\/\/www.ge-sagt.de\/wp-content\/uploads\/2014\/04\/Spargelpesto-3.jpg\" data-orig-size=\"800,533\" data-comments-opened=\"1\" data-image-meta=\"{&quot;aperture&quot;:&quot;1.8&quot;,&quot;credit&quot;:&quot;&quot;,&quot;camera&quot;:&quot;Canon EOS 1000D&quot;,&quot;caption&quot;:&quot;&quot;,&quot;created_timestamp&quot;:&quot;1398716636&quot;,&quot;copyright&quot;:&quot;&quot;,&quot;focal_length&quot;:&quot;50&quot;,&quot;iso&quot;:&quot;200&quot;,&quot;shutter_speed&quot;:&quot;0.01&quot;,&quot;title&quot;:&quot;&quot;}\" data-image-title=\"Spargelpesto 3\" data-image-description=\"\" data-image-caption=\"\" data-large-file=\"https:\/\/www.ge-sagt.de\/wp-content\/uploads\/2014\/04\/Spargelpesto-3.jpg\" class=\"aligncenter wp-image-1549 size-medium\" src=\"http:\/\/www.ge-sagt.de\/wp-content\/uploads\/2014\/04\/Spargelpesto-3-600x399.jpg\" alt=\"Spargelpesto mit B\u00e4rlauch\" width=\"600\" height=\"399\" srcset=\"https:\/\/www.ge-sagt.de\/wp-content\/uploads\/2014\/04\/Spargelpesto-3-450x300.jpg 450w, https:\/\/www.ge-sagt.de\/wp-content\/uploads\/2014\/04\/Spargelpesto-3-600x399.jpg 600w, https:\/\/www.ge-sagt.de\/wp-content\/uploads\/2014\/04\/Spargelpesto-3.jpg 800w\" sizes=\"(max-width: 600px) 100vw, 600px\" \/><br \/>\nJetzt noch etwa 1 TL Salz, etwas Pfeffer und einen Schuss Oliven\u00f6l hinzugeben und alles auf Pestoform p\u00fcrieren. Nun geht es daran die Spaghetti zu kochen. Wenn die Spaghetti fertig gekocht sind, ist das Pesto soweit abgek\u00fchlt, das man den B\u00e4rlauch zugeben kann und das Ganze erneut im K\u00fcchenmixer zerkleinert. Das fertige Pesto wird nun mit den restlichen Pinienkernen und den Spargelspitzen auf den Spaghetti angerichtet. Wirklich wunderbar erfrischend lecker! Leider l\u00e4sst sich das Spargelpesto nicht wie andere Pestoarten lange aufbewahren. Aber bei uns hat die Menge genau f\u00fcr 3 gro\u00dfe Portionen Spaghetti gereicht. Ich w\u00fcnsche Euch einen guten Appetit.<\/p>\n<p style=\"text-align: justify;\">Liebe Gr\u00fc\u00dfe<br \/>\nGesa<\/p>\n","protected":false},"excerpt":{"rendered":"<p>Es ist Spargelsaison und von mir gibt es dazu unter der Rubrik Ge-kocht ein Rezept f\u00fcr Spargelpesto mit B\u00e4rlauch! Das ist wirklich ein Grund f\u00fcr einen Jubelschrei, denn ich liebe Spargel. Egal ob wei\u00df, gr\u00fcn, violett oder als Mini-Thai Spargel, ich finde ihn einfach unheimlich gut. Und ehrlich gesagt mag ich die Stangen klassisch am [&hellip;]<\/p>\n","protected":false},"author":2,"featured_media":1551,"comment_status":"open","ping_status":"open","sticky":false,"template":"","format":"standard","meta":{"jetpack_post_was_ever_published":false,"_jetpack_newsletter_access":"","_jetpack_dont_email_post_to_subs":true,"_jetpack_newsletter_tier_id":0,"_jetpack_memberships_contains_paywalled_content":false,"_jetpack_memberships_contains_paid_content":false,"footnotes":"","jetpack_publicize_message":"","jetpack_publicize_feature_enabled":true,"jetpack_social_post_already_shared":true,"jetpack_social_options":{"image_generator_settings":{"template":"highway","default_image_id":0,"font":"","enabled":false},"version":2}},"categories":[1,10,4],"tags":[56,55,186,343],"class_list":["post-1545","post","type-post","status-publish","format-standard","has-post-thumbnail","hentry","category-allgemein","category-ge-kocht","category-ge-tan","tag-barlauch","tag-parmesan","tag-pesto","tag-spargel"],"yoast_head":"<!-- This site is optimized with the Yoast SEO plugin v27.5 - https:\/\/yoast.com\/product\/yoast-seo-wordpress\/ -->\n<title>Ge-kocht: Spargelpesto mit B\u00e4rlauch - ge-sagt.de<\/title>\n<meta name=\"description\" content=\"In meiner Rubrik Ge-kocht gibt es heute: Spargelpesto mit B\u00e4rlauch, Pinienkernen und Spaghett i- Rezept auf www.ge-sagt.de\" \/>\n<meta name=\"robots\" content=\"index, follow, max-snippet:-1, max-image-preview:large, max-video-preview:-1\" \/>\n<link rel=\"canonical\" href=\"https:\/\/www.ge-sagt.de\/index.php\/ge-kocht-spargelpesto-mit-baerlauch\/\" \/>\n<meta property=\"og:locale\" content=\"de_DE\" \/>\n<meta property=\"og:type\" content=\"article\" \/>\n<meta property=\"og:title\" content=\"Ge-kocht: Spargelpesto mit B\u00e4rlauch - ge-sagt.de\" \/>\n<meta property=\"og:description\" content=\"In meiner Rubrik Ge-kocht gibt es heute: Spargelpesto mit B\u00e4rlauch, Pinienkernen und Spaghett i- Rezept auf www.ge-sagt.de\" \/>\n<meta property=\"og:url\" content=\"https:\/\/www.ge-sagt.de\/index.php\/ge-kocht-spargelpesto-mit-baerlauch\/\" \/>\n<meta property=\"og:site_name\" content=\"ge-sagt.de\" \/>\n<meta property=\"article:published_time\" content=\"2014-04-29T07:00:35+00:00\" \/>\n<meta property=\"article:modified_time\" content=\"2016-10-25T12:06:23+00:00\" \/>\n<meta property=\"og:image\" content=\"https:\/\/www.ge-sagt.de\/wp-content\/uploads\/2014\/04\/Spargelpesto-1.jpg\" \/>\n\t<meta property=\"og:image:width\" content=\"800\" \/>\n\t<meta property=\"og:image:height\" content=\"542\" \/>\n\t<meta property=\"og:image:type\" content=\"image\/jpeg\" \/>\n<meta name=\"author\" content=\"Gesa\" \/>\n<meta name=\"twitter:label1\" content=\"Verfasst von\" \/>\n\t<meta name=\"twitter:data1\" content=\"Gesa\" \/>\n\t<meta name=\"twitter:label2\" content=\"Gesch\u00e4tzte Lesezeit\" \/>\n\t<meta name=\"twitter:data2\" content=\"2\u00a0Minuten\" \/>\n<script type=\"application\/ld+json\" class=\"yoast-schema-graph\">{\"@context\":\"https:\\\/\\\/schema.org\",\"@graph\":[{\"@type\":\"Article\",\"@id\":\"https:\\\/\\\/www.ge-sagt.de\\\/index.php\\\/ge-kocht-spargelpesto-mit-baerlauch\\\/#article\",\"isPartOf\":{\"@id\":\"https:\\\/\\\/www.ge-sagt.de\\\/index.php\\\/ge-kocht-spargelpesto-mit-baerlauch\\\/\"},\"author\":{\"name\":\"Gesa\",\"@id\":\"https:\\\/\\\/www.ge-sagt.de\\\/#\\\/schema\\\/person\\\/f6ec6da1209901fb058ae74d414f295d\"},\"headline\":\"Ge-kocht: Spargelpesto mit B\u00e4rlauch\",\"datePublished\":\"2014-04-29T07:00:35+00:00\",\"dateModified\":\"2016-10-25T12:06:23+00:00\",\"mainEntityOfPage\":{\"@id\":\"https:\\\/\\\/www.ge-sagt.de\\\/index.php\\\/ge-kocht-spargelpesto-mit-baerlauch\\\/\"},\"wordCount\":330,\"commentCount\":2,\"image\":{\"@id\":\"https:\\\/\\\/www.ge-sagt.de\\\/index.php\\\/ge-kocht-spargelpesto-mit-baerlauch\\\/#primaryimage\"},\"thumbnailUrl\":\"https:\\\/\\\/www.ge-sagt.de\\\/wp-content\\\/uploads\\\/2014\\\/04\\\/Spargelpesto-1.jpg\",\"keywords\":[\"B\u00e4rlauch\",\"Parmesan\",\"Pesto\",\"Spargel\"],\"articleSection\":{\"1\":\"Ge-kocht\",\"2\":\"Ge-tan\"},\"inLanguage\":\"de\",\"potentialAction\":[{\"@type\":\"CommentAction\",\"name\":\"Comment\",\"target\":[\"https:\\\/\\\/www.ge-sagt.de\\\/index.php\\\/ge-kocht-spargelpesto-mit-baerlauch\\\/#respond\"]}]},{\"@type\":\"WebPage\",\"@id\":\"https:\\\/\\\/www.ge-sagt.de\\\/index.php\\\/ge-kocht-spargelpesto-mit-baerlauch\\\/\",\"url\":\"https:\\\/\\\/www.ge-sagt.de\\\/index.php\\\/ge-kocht-spargelpesto-mit-baerlauch\\\/\",\"name\":\"Ge-kocht: Spargelpesto mit B\u00e4rlauch - ge-sagt.de\",\"isPartOf\":{\"@id\":\"https:\\\/\\\/www.ge-sagt.de\\\/#website\"},\"primaryImageOfPage\":{\"@id\":\"https:\\\/\\\/www.ge-sagt.de\\\/index.php\\\/ge-kocht-spargelpesto-mit-baerlauch\\\/#primaryimage\"},\"image\":{\"@id\":\"https:\\\/\\\/www.ge-sagt.de\\\/index.php\\\/ge-kocht-spargelpesto-mit-baerlauch\\\/#primaryimage\"},\"thumbnailUrl\":\"https:\\\/\\\/www.ge-sagt.de\\\/wp-content\\\/uploads\\\/2014\\\/04\\\/Spargelpesto-1.jpg\",\"datePublished\":\"2014-04-29T07:00:35+00:00\",\"dateModified\":\"2016-10-25T12:06:23+00:00\",\"author\":{\"@id\":\"https:\\\/\\\/www.ge-sagt.de\\\/#\\\/schema\\\/person\\\/f6ec6da1209901fb058ae74d414f295d\"},\"description\":\"In meiner Rubrik Ge-kocht gibt es heute: Spargelpesto mit B\u00e4rlauch, Pinienkernen und Spaghett i- Rezept auf www.ge-sagt.de\",\"breadcrumb\":{\"@id\":\"https:\\\/\\\/www.ge-sagt.de\\\/index.php\\\/ge-kocht-spargelpesto-mit-baerlauch\\\/#breadcrumb\"},\"inLanguage\":\"de\",\"potentialAction\":[{\"@type\":\"ReadAction\",\"target\":[\"https:\\\/\\\/www.ge-sagt.de\\\/index.php\\\/ge-kocht-spargelpesto-mit-baerlauch\\\/\"]}]},{\"@type\":\"ImageObject\",\"inLanguage\":\"de\",\"@id\":\"https:\\\/\\\/www.ge-sagt.de\\\/index.php\\\/ge-kocht-spargelpesto-mit-baerlauch\\\/#primaryimage\",\"url\":\"https:\\\/\\\/www.ge-sagt.de\\\/wp-content\\\/uploads\\\/2014\\\/04\\\/Spargelpesto-1.jpg\",\"contentUrl\":\"https:\\\/\\\/www.ge-sagt.de\\\/wp-content\\\/uploads\\\/2014\\\/04\\\/Spargelpesto-1.jpg\",\"width\":800,\"height\":542},{\"@type\":\"BreadcrumbList\",\"@id\":\"https:\\\/\\\/www.ge-sagt.de\\\/index.php\\\/ge-kocht-spargelpesto-mit-baerlauch\\\/#breadcrumb\",\"itemListElement\":[{\"@type\":\"ListItem\",\"position\":1,\"name\":\"Home\",\"item\":\"https:\\\/\\\/www.ge-sagt.de\\\/\"},{\"@type\":\"ListItem\",\"position\":2,\"name\":\"Ge-kocht: Spargelpesto mit B\u00e4rlauch\"}]},{\"@type\":\"WebSite\",\"@id\":\"https:\\\/\\\/www.ge-sagt.de\\\/#website\",\"url\":\"https:\\\/\\\/www.ge-sagt.de\\\/\",\"name\":\"ge-sagt.de\",\"description\":\"Gesa denkt, sagt und tut auf diesem Blog\",\"potentialAction\":[{\"@type\":\"SearchAction\",\"target\":{\"@type\":\"EntryPoint\",\"urlTemplate\":\"https:\\\/\\\/www.ge-sagt.de\\\/?s={search_term_string}\"},\"query-input\":{\"@type\":\"PropertyValueSpecification\",\"valueRequired\":true,\"valueName\":\"search_term_string\"}}],\"inLanguage\":\"de\"},{\"@type\":\"Person\",\"@id\":\"https:\\\/\\\/www.ge-sagt.de\\\/#\\\/schema\\\/person\\\/f6ec6da1209901fb058ae74d414f295d\",\"name\":\"Gesa\",\"image\":{\"@type\":\"ImageObject\",\"inLanguage\":\"de\",\"@id\":\"https:\\\/\\\/secure.gravatar.com\\\/avatar\\\/b2210b745bd73a1286fa46a53ee66332ba91d4de884ca4cdeaa854740a7b03a0?s=96&d=mm&r=g\",\"url\":\"https:\\\/\\\/secure.gravatar.com\\\/avatar\\\/b2210b745bd73a1286fa46a53ee66332ba91d4de884ca4cdeaa854740a7b03a0?s=96&d=mm&r=g\",\"contentUrl\":\"https:\\\/\\\/secure.gravatar.com\\\/avatar\\\/b2210b745bd73a1286fa46a53ee66332ba91d4de884ca4cdeaa854740a7b03a0?s=96&d=mm&r=g\",\"caption\":\"Gesa\"},\"url\":\"https:\\\/\\\/www.ge-sagt.de\\\/index.php\\\/author\\\/gesa\\\/\"}]}<\/script>\n<!-- \/ Yoast SEO plugin. -->","yoast_head_json":{"title":"Ge-kocht: Spargelpesto mit B\u00e4rlauch - ge-sagt.de","description":"In meiner Rubrik Ge-kocht gibt es heute: Spargelpesto mit B\u00e4rlauch, Pinienkernen und Spaghett i- Rezept auf www.ge-sagt.de","robots":{"index":"index","follow":"follow","max-snippet":"max-snippet:-1","max-image-preview":"max-image-preview:large","max-video-preview":"max-video-preview:-1"},"canonical":"https:\/\/www.ge-sagt.de\/index.php\/ge-kocht-spargelpesto-mit-baerlauch\/","og_locale":"de_DE","og_type":"article","og_title":"Ge-kocht: Spargelpesto mit B\u00e4rlauch - ge-sagt.de","og_description":"In meiner Rubrik Ge-kocht gibt es heute: Spargelpesto mit B\u00e4rlauch, Pinienkernen und Spaghett i- Rezept auf www.ge-sagt.de","og_url":"https:\/\/www.ge-sagt.de\/index.php\/ge-kocht-spargelpesto-mit-baerlauch\/","og_site_name":"ge-sagt.de","article_published_time":"2014-04-29T07:00:35+00:00","article_modified_time":"2016-10-25T12:06:23+00:00","og_image":[{"width":800,"height":542,"url":"https:\/\/www.ge-sagt.de\/wp-content\/uploads\/2014\/04\/Spargelpesto-1.jpg","type":"image\/jpeg"}],"author":"Gesa","twitter_misc":{"Verfasst von":"Gesa","Gesch\u00e4tzte Lesezeit":"2\u00a0Minuten"},"schema":{"@context":"https:\/\/schema.org","@graph":[{"@type":"Article","@id":"https:\/\/www.ge-sagt.de\/index.php\/ge-kocht-spargelpesto-mit-baerlauch\/#article","isPartOf":{"@id":"https:\/\/www.ge-sagt.de\/index.php\/ge-kocht-spargelpesto-mit-baerlauch\/"},"author":{"name":"Gesa","@id":"https:\/\/www.ge-sagt.de\/#\/schema\/person\/f6ec6da1209901fb058ae74d414f295d"},"headline":"Ge-kocht: Spargelpesto mit B\u00e4rlauch","datePublished":"2014-04-29T07:00:35+00:00","dateModified":"2016-10-25T12:06:23+00:00","mainEntityOfPage":{"@id":"https:\/\/www.ge-sagt.de\/index.php\/ge-kocht-spargelpesto-mit-baerlauch\/"},"wordCount":330,"commentCount":2,"image":{"@id":"https:\/\/www.ge-sagt.de\/index.php\/ge-kocht-spargelpesto-mit-baerlauch\/#primaryimage"},"thumbnailUrl":"https:\/\/www.ge-sagt.de\/wp-content\/uploads\/2014\/04\/Spargelpesto-1.jpg","keywords":["B\u00e4rlauch","Parmesan","Pesto","Spargel"],"articleSection":{"1":"Ge-kocht","2":"Ge-tan"},"inLanguage":"de","potentialAction":[{"@type":"CommentAction","name":"Comment","target":["https:\/\/www.ge-sagt.de\/index.php\/ge-kocht-spargelpesto-mit-baerlauch\/#respond"]}]},{"@type":"WebPage","@id":"https:\/\/www.ge-sagt.de\/index.php\/ge-kocht-spargelpesto-mit-baerlauch\/","url":"https:\/\/www.ge-sagt.de\/index.php\/ge-kocht-spargelpesto-mit-baerlauch\/","name":"Ge-kocht: Spargelpesto mit B\u00e4rlauch - ge-sagt.de","isPartOf":{"@id":"https:\/\/www.ge-sagt.de\/#website"},"primaryImageOfPage":{"@id":"https:\/\/www.ge-sagt.de\/index.php\/ge-kocht-spargelpesto-mit-baerlauch\/#primaryimage"},"image":{"@id":"https:\/\/www.ge-sagt.de\/index.php\/ge-kocht-spargelpesto-mit-baerlauch\/#primaryimage"},"thumbnailUrl":"https:\/\/www.ge-sagt.de\/wp-content\/uploads\/2014\/04\/Spargelpesto-1.jpg","datePublished":"2014-04-29T07:00:35+00:00","dateModified":"2016-10-25T12:06:23+00:00","author":{"@id":"https:\/\/www.ge-sagt.de\/#\/schema\/person\/f6ec6da1209901fb058ae74d414f295d"},"description":"In meiner Rubrik Ge-kocht gibt es heute: Spargelpesto mit B\u00e4rlauch, Pinienkernen und Spaghett i- Rezept auf www.ge-sagt.de","breadcrumb":{"@id":"https:\/\/www.ge-sagt.de\/index.php\/ge-kocht-spargelpesto-mit-baerlauch\/#breadcrumb"},"inLanguage":"de","potentialAction":[{"@type":"ReadAction","target":["https:\/\/www.ge-sagt.de\/index.php\/ge-kocht-spargelpesto-mit-baerlauch\/"]}]},{"@type":"ImageObject","inLanguage":"de","@id":"https:\/\/www.ge-sagt.de\/index.php\/ge-kocht-spargelpesto-mit-baerlauch\/#primaryimage","url":"https:\/\/www.ge-sagt.de\/wp-content\/uploads\/2014\/04\/Spargelpesto-1.jpg","contentUrl":"https:\/\/www.ge-sagt.de\/wp-content\/uploads\/2014\/04\/Spargelpesto-1.jpg","width":800,"height":542},{"@type":"BreadcrumbList","@id":"https:\/\/www.ge-sagt.de\/index.php\/ge-kocht-spargelpesto-mit-baerlauch\/#breadcrumb","itemListElement":[{"@type":"ListItem","position":1,"name":"Home","item":"https:\/\/www.ge-sagt.de\/"},{"@type":"ListItem","position":2,"name":"Ge-kocht: Spargelpesto mit B\u00e4rlauch"}]},{"@type":"WebSite","@id":"https:\/\/www.ge-sagt.de\/#website","url":"https:\/\/www.ge-sagt.de\/","name":"ge-sagt.de","description":"Gesa denkt, sagt und tut auf diesem Blog","potentialAction":[{"@type":"SearchAction","target":{"@type":"EntryPoint","urlTemplate":"https:\/\/www.ge-sagt.de\/?s={search_term_string}"},"query-input":{"@type":"PropertyValueSpecification","valueRequired":true,"valueName":"search_term_string"}}],"inLanguage":"de"},{"@type":"Person","@id":"https:\/\/www.ge-sagt.de\/#\/schema\/person\/f6ec6da1209901fb058ae74d414f295d","name":"Gesa","image":{"@type":"ImageObject","inLanguage":"de","@id":"https:\/\/secure.gravatar.com\/avatar\/b2210b745bd73a1286fa46a53ee66332ba91d4de884ca4cdeaa854740a7b03a0?s=96&d=mm&r=g","url":"https:\/\/secure.gravatar.com\/avatar\/b2210b745bd73a1286fa46a53ee66332ba91d4de884ca4cdeaa854740a7b03a0?s=96&d=mm&r=g","contentUrl":"https:\/\/secure.gravatar.com\/avatar\/b2210b745bd73a1286fa46a53ee66332ba91d4de884ca4cdeaa854740a7b03a0?s=96&d=mm&r=g","caption":"Gesa"},"url":"https:\/\/www.ge-sagt.de\/index.php\/author\/gesa\/"}]}},"jetpack_publicize_connections":[],"jetpack_featured_media_url":"https:\/\/www.ge-sagt.de\/wp-content\/uploads\/2014\/04\/Spargelpesto-1.jpg","jetpack_shortlink":"https:\/\/wp.me\/p3aAW4-oV","jetpack_sharing_enabled":true,"_links":{"self":[{"href":"https:\/\/www.ge-sagt.de\/index.php\/wp-json\/wp\/v2\/posts\/1545","targetHints":{"allow":["GET"]}}],"collection":[{"href":"https:\/\/www.ge-sagt.de\/index.php\/wp-json\/wp\/v2\/posts"}],"about":[{"href":"https:\/\/www.ge-sagt.de\/index.php\/wp-json\/wp\/v2\/types\/post"}],"author":[{"embeddable":true,"href":"https:\/\/www.ge-sagt.de\/index.php\/wp-json\/wp\/v2\/users\/2"}],"replies":[{"embeddable":true,"href":"https:\/\/www.ge-sagt.de\/index.php\/wp-json\/wp\/v2\/comments?post=1545"}],"version-history":[{"count":8,"href":"https:\/\/www.ge-sagt.de\/index.php\/wp-json\/wp\/v2\/posts\/1545\/revisions"}],"predecessor-version":[{"id":2354,"href":"https:\/\/www.ge-sagt.de\/index.php\/wp-json\/wp\/v2\/posts\/1545\/revisions\/2354"}],"wp:featuredmedia":[{"embeddable":true,"href":"https:\/\/www.ge-sagt.de\/index.php\/wp-json\/wp\/v2\/media\/1551"}],"wp:attachment":[{"href":"https:\/\/www.ge-sagt.de\/index.php\/wp-json\/wp\/v2\/media?parent=1545"}],"wp:term":[{"taxonomy":"category","embeddable":true,"href":"https:\/\/www.ge-sagt.de\/index.php\/wp-json\/wp\/v2\/categories?post=1545"},{"taxonomy":"post_tag","embeddable":true,"href":"https:\/\/www.ge-sagt.de\/index.php\/wp-json\/wp\/v2\/tags?post=1545"}],"curies":[{"name":"wp","href":"https:\/\/api.w.org\/{rel}","templated":true}]}}