{"id":1379,"date":"2014-02-05T09:30:42","date_gmt":"2014-02-05T08:30:42","guid":{"rendered":"http:\/\/www.ge-sagt.de\/?p=1379"},"modified":"2018-07-29T21:46:37","modified_gmt":"2018-07-29T19:46:37","slug":"ge-lesen-das-rosie-projekt","status":"publish","type":"post","link":"https:\/\/www.ge-sagt.de\/index.php\/ge-lesen-das-rosie-projekt\/","title":{"rendered":"Ge-lesen: Das Rosie-Projekt"},"content":{"rendered":"<p style=\"text-align: justify;\"><em>Werbung &#8211; oder Tipp &#8211; ganz wie man es sehen m\u00f6chte. Allerdings unbezahlt und nur weil ich es selbst gut finde!<\/em><\/p>\n<p style=\"text-align: justify;\">Es war ein bi\u00dfchen ruhig hier die letzte Zeit, weil ich echt viel unterwegs war. Sowohl beruflich als auch privat. Ein Wochenende war ich \u00fcbrigens am Thuner See in der Schweiz, ein ganz wundersch\u00f6nes Pl\u00e4tzchen wenn Ihr mal da sein solltet. Mit in mein K\u00f6fferchen zur\u00fcck hat es eine sch\u00f6ne Packung Schweizer Pralinen geschafft, die leider schon fast alle wieder verschwunden sind. Und in meinem Handgep\u00e4ck als mein st\u00e4ndiger Begleiter war diese Lekt\u00fcre: Das Rosie-Projekt von Graeme Simsion.<\/p>\n<p style=\"text-align: justify;\"><img decoding=\"async\" data-attachment-id=\"1383\" data-permalink=\"https:\/\/www.ge-sagt.de\/index.php\/ge-lesen-das-rosie-projekt\/rosie3\/\" data-orig-file=\"https:\/\/www.ge-sagt.de\/wp-content\/uploads\/2014\/02\/rosie3.jpg\" data-orig-size=\"800,533\" data-comments-opened=\"1\" data-image-meta=\"{&quot;aperture&quot;:&quot;1.8&quot;,&quot;credit&quot;:&quot;&quot;,&quot;camera&quot;:&quot;Canon EOS 1000D&quot;,&quot;caption&quot;:&quot;&quot;,&quot;created_timestamp&quot;:&quot;1391548306&quot;,&quot;copyright&quot;:&quot;&quot;,&quot;focal_length&quot;:&quot;50&quot;,&quot;iso&quot;:&quot;400&quot;,&quot;shutter_speed&quot;:&quot;0.02&quot;,&quot;title&quot;:&quot;&quot;}\" data-image-title=\"rosie3\" data-image-description=\"\" data-image-caption=\"\" data-large-file=\"https:\/\/www.ge-sagt.de\/wp-content\/uploads\/2014\/02\/rosie3.jpg\" class=\"aligncenter wp-image-1383 size-medium\" title=\"Das Rosie-Projekt\" src=\"http:\/\/www.ge-sagt.de\/wp-content\/uploads\/2014\/02\/rosie3-600x399.jpg\" alt=\"rosie3\" width=\"600\" height=\"399\" srcset=\"https:\/\/www.ge-sagt.de\/wp-content\/uploads\/2014\/02\/rosie3-450x300.jpg 450w, https:\/\/www.ge-sagt.de\/wp-content\/uploads\/2014\/02\/rosie3-600x399.jpg 600w, https:\/\/www.ge-sagt.de\/wp-content\/uploads\/2014\/02\/rosie3.jpg 800w\" sizes=\"(max-width: 600px) 100vw, 600px\" \/><\/p>\n<p style=\"text-align: justify;\">Vielleicht habt Ihr es ab und zu auf meinem Blog schon mal mitbekommen, in meinem Leben 1.0 bin ich Naturwissenschaftlerin. Studiert habe ich Biologie und auch lange und viel im Labor gearbeitet. Ich mag es sehr in Projekten zu arbeiten, Daten zu analysieren und daraufhin weitere Hypothesen aufzustellen und zu \u00fcberpr\u00fcfen. Genau so geht es auch der Hauptfigur Don Tillmann in dem Buch &#8222;Das Rosie-Projekt&#8220;. Er ist ein echter verschrobener Genetiker auf der Suche nach einer Lebenspartnerin. Und startet dazu ein Projekt.<br \/>\nEtwas anders ist Don aber schon. Er selbst sagt, er ist nicht kompatibel. Empathie liegt ihm nicht &#8211; Gef\u00fchle aus den Gesichtern anderer Menschen zu lesen, fehlt im schwer. Er hat nicht viele Freunde. Und so geht er das Projekt &#8222;Ehefrau&#8220; auch etwas anders an &#8211; eben rein logisch. Der Autor Graeme Simsion beschreibt in dem Buch auf sehr am\u00fcsante Weise wieso gerade die v\u00f6llig ungeeignete Rosie vielleicht doch die ideale Ehefrau sein k\u00f6nnte. Logisch ist das nicht &#8211; aber wie k\u00f6nnte Liebe denn auch logisch sein?<br \/>\nIm Klappentext des Buches steht ein Zitat des Daily Express &#8222;Ein M\u00e4rchen f\u00fcr unsere Zeit, das die erl\u00f6sende Kraft der Liebe feiert&#8220;. Ehrlich gesagt hat mich dieses Zitat am Anfang etwas abgeschreckt. Es klingt sehr schw\u00fclstig und eben viel zu sehr nach M\u00e4rchen. Aber ein M\u00e4rchen ist das Buch f\u00fcr mich eigentlich nicht &#8211; na gut, es geht um Liebe, es kommt ein schrulliger Held vor und es hat ein Happy End &#8211; aber trotzdem ist es nicht zu m\u00e4rchenhaft. Es beschreibt die modernen unterschiedlichen Facetten der Partnersuche, und dies stets mit einer Leichtigkeit und einem Augenzwinkern. Es ist eine wirklich sch\u00f6ne Lekt\u00fcre, deren Stimmung mich sofort gepackt hat, so dass ich das Buch trotz Arbeit innerhalb von 3 Tagen durchgelesen habe. Das ist schon mal ein Qualit\u00e4tsmerkmal. Ich habe oft gelacht, manchmal gestaunt und so ein ums andere Mal gedacht, dass doch jeder von uns irgendwie ganz anders ist. &#8222;Und das ist auch gut so!&#8220; Uih, was f\u00fcr ein Schlusszitat!<br \/>\nDamit noch ein Abschlussbild vom Thuner See, wo es wirklich ganz zauberhaft war.<\/p>\n<p style=\"text-align: justify;\"><img decoding=\"async\" data-attachment-id=\"1381\" data-permalink=\"https:\/\/www.ge-sagt.de\/index.php\/ge-lesen-das-rosie-projekt\/rosie1\/\" data-orig-file=\"https:\/\/www.ge-sagt.de\/wp-content\/uploads\/2014\/02\/Rosie1.jpg\" data-orig-size=\"800,504\" data-comments-opened=\"1\" data-image-meta=\"{&quot;aperture&quot;:&quot;2.4&quot;,&quot;credit&quot;:&quot;&quot;,&quot;camera&quot;:&quot;iPhone 4S&quot;,&quot;caption&quot;:&quot;&quot;,&quot;created_timestamp&quot;:&quot;1390584636&quot;,&quot;copyright&quot;:&quot;&quot;,&quot;focal_length&quot;:&quot;4.28&quot;,&quot;iso&quot;:&quot;80&quot;,&quot;shutter_speed&quot;:&quot;0.0083333333333333&quot;,&quot;title&quot;:&quot;&quot;}\" data-image-title=\"Rosie1\" data-image-description=\"\" data-image-caption=\"\" data-large-file=\"https:\/\/www.ge-sagt.de\/wp-content\/uploads\/2014\/02\/Rosie1.jpg\" class=\"aligncenter wp-image-1381 size-medium\" src=\"http:\/\/www.ge-sagt.de\/wp-content\/uploads\/2014\/02\/Rosie1-600x378.jpg\" alt=\"Rosie1\" width=\"600\" height=\"378\" srcset=\"https:\/\/www.ge-sagt.de\/wp-content\/uploads\/2014\/02\/Rosie1-476x300.jpg 476w, https:\/\/www.ge-sagt.de\/wp-content\/uploads\/2014\/02\/Rosie1-600x378.jpg 600w, https:\/\/www.ge-sagt.de\/wp-content\/uploads\/2014\/02\/Rosie1.jpg 800w\" sizes=\"(max-width: 600px) 100vw, 600px\" \/><\/p>\n<p style=\"text-align: justify;\">Liebe Gr\u00fc\u00dfe<br \/>\nGesa<\/p>\n","protected":false},"excerpt":{"rendered":"<p>Werbung &#8211; oder Tipp &#8211; ganz wie man es sehen m\u00f6chte. Allerdings unbezahlt und nur weil ich es selbst gut finde! Es war ein bi\u00dfchen ruhig hier die letzte Zeit, weil ich echt viel unterwegs war. Sowohl beruflich als auch privat. Ein Wochenende war ich \u00fcbrigens am Thuner See in der Schweiz, ein ganz wundersch\u00f6nes [&hellip;]<\/p>\n","protected":false},"author":2,"featured_media":1382,"comment_status":"open","ping_status":"open","sticky":false,"template":"","format":"standard","meta":{"jetpack_post_was_ever_published":false,"_jetpack_newsletter_access":"","_jetpack_dont_email_post_to_subs":true,"_jetpack_newsletter_tier_id":0,"_jetpack_memberships_contains_paywalled_content":false,"_jetpack_memberships_contains_paid_content":false,"footnotes":"","jetpack_publicize_message":"Ge-lesen: Das Rosie-Projekt http:\/\/wp.me\/p3aAW4-mf","jetpack_publicize_feature_enabled":true,"jetpack_social_post_already_shared":true,"jetpack_social_options":{"image_generator_settings":{"template":"highway","default_image_id":0,"font":"","enabled":false},"version":2}},"categories":[1,289,4],"tags":[290,292,291],"class_list":["post-1379","post","type-post","status-publish","format-standard","has-post-thumbnail","hentry","category-allgemein","category-ge-lesen","category-ge-tan","tag-buch","tag-lektuere","tag-rosie"],"yoast_head":"<!-- This site is optimized with the Yoast SEO plugin v27.5 - https:\/\/yoast.com\/product\/yoast-seo-wordpress\/ -->\n<title>Ge-lesen: Das Rosie-Projekt<\/title>\n<meta name=\"description\" content=\"Ge-lesen: Das Rosie-Projekt - meine kleine Buchrezension\" \/>\n<meta name=\"robots\" content=\"index, follow, max-snippet:-1, max-image-preview:large, max-video-preview:-1\" \/>\n<link rel=\"canonical\" href=\"https:\/\/www.ge-sagt.de\/index.php\/ge-lesen-das-rosie-projekt\/\" \/>\n<meta property=\"og:locale\" content=\"de_DE\" \/>\n<meta property=\"og:type\" content=\"article\" \/>\n<meta property=\"og:title\" content=\"Ge-lesen: Das Rosie-Projekt\" \/>\n<meta property=\"og:description\" content=\"Ge-lesen: Das Rosie-Projekt - meine kleine Buchrezension\" \/>\n<meta property=\"og:url\" content=\"https:\/\/www.ge-sagt.de\/index.php\/ge-lesen-das-rosie-projekt\/\" \/>\n<meta property=\"og:site_name\" content=\"ge-sagt.de\" \/>\n<meta property=\"article:published_time\" content=\"2014-02-05T08:30:42+00:00\" \/>\n<meta property=\"article:modified_time\" content=\"2018-07-29T19:46:37+00:00\" \/>\n<meta property=\"og:image\" content=\"https:\/\/www.ge-sagt.de\/wp-content\/uploads\/2014\/02\/rosie2.jpg\" \/>\n\t<meta property=\"og:image:width\" content=\"608\" \/>\n\t<meta property=\"og:image:height\" content=\"800\" \/>\n\t<meta property=\"og:image:type\" content=\"image\/jpeg\" \/>\n<meta name=\"author\" content=\"Gesa\" \/>\n<meta name=\"twitter:label1\" content=\"Verfasst von\" \/>\n\t<meta name=\"twitter:data1\" content=\"Gesa\" \/>\n\t<meta name=\"twitter:label2\" content=\"Gesch\u00e4tzte Lesezeit\" \/>\n\t<meta name=\"twitter:data2\" content=\"2\u00a0Minuten\" \/>\n<script type=\"application\/ld+json\" class=\"yoast-schema-graph\">{\"@context\":\"https:\\\/\\\/schema.org\",\"@graph\":[{\"@type\":\"Article\",\"@id\":\"https:\\\/\\\/www.ge-sagt.de\\\/index.php\\\/ge-lesen-das-rosie-projekt\\\/#article\",\"isPartOf\":{\"@id\":\"https:\\\/\\\/www.ge-sagt.de\\\/index.php\\\/ge-lesen-das-rosie-projekt\\\/\"},\"author\":{\"name\":\"Gesa\",\"@id\":\"https:\\\/\\\/www.ge-sagt.de\\\/#\\\/schema\\\/person\\\/f6ec6da1209901fb058ae74d414f295d\"},\"headline\":\"Ge-lesen: Das Rosie-Projekt\",\"datePublished\":\"2014-02-05T08:30:42+00:00\",\"dateModified\":\"2018-07-29T19:46:37+00:00\",\"mainEntityOfPage\":{\"@id\":\"https:\\\/\\\/www.ge-sagt.de\\\/index.php\\\/ge-lesen-das-rosie-projekt\\\/\"},\"wordCount\":475,\"commentCount\":2,\"image\":{\"@id\":\"https:\\\/\\\/www.ge-sagt.de\\\/index.php\\\/ge-lesen-das-rosie-projekt\\\/#primaryimage\"},\"thumbnailUrl\":\"https:\\\/\\\/www.ge-sagt.de\\\/wp-content\\\/uploads\\\/2014\\\/02\\\/rosie2.jpg\",\"keywords\":[\"Buch\",\"Lekt\u00fcre\",\"Rosie\"],\"articleSection\":{\"1\":\"Ge-lesen\",\"2\":\"Ge-tan\"},\"inLanguage\":\"de\",\"potentialAction\":[{\"@type\":\"CommentAction\",\"name\":\"Comment\",\"target\":[\"https:\\\/\\\/www.ge-sagt.de\\\/index.php\\\/ge-lesen-das-rosie-projekt\\\/#respond\"]}]},{\"@type\":\"WebPage\",\"@id\":\"https:\\\/\\\/www.ge-sagt.de\\\/index.php\\\/ge-lesen-das-rosie-projekt\\\/\",\"url\":\"https:\\\/\\\/www.ge-sagt.de\\\/index.php\\\/ge-lesen-das-rosie-projekt\\\/\",\"name\":\"Ge-lesen: Das Rosie-Projekt\",\"isPartOf\":{\"@id\":\"https:\\\/\\\/www.ge-sagt.de\\\/#website\"},\"primaryImageOfPage\":{\"@id\":\"https:\\\/\\\/www.ge-sagt.de\\\/index.php\\\/ge-lesen-das-rosie-projekt\\\/#primaryimage\"},\"image\":{\"@id\":\"https:\\\/\\\/www.ge-sagt.de\\\/index.php\\\/ge-lesen-das-rosie-projekt\\\/#primaryimage\"},\"thumbnailUrl\":\"https:\\\/\\\/www.ge-sagt.de\\\/wp-content\\\/uploads\\\/2014\\\/02\\\/rosie2.jpg\",\"datePublished\":\"2014-02-05T08:30:42+00:00\",\"dateModified\":\"2018-07-29T19:46:37+00:00\",\"author\":{\"@id\":\"https:\\\/\\\/www.ge-sagt.de\\\/#\\\/schema\\\/person\\\/f6ec6da1209901fb058ae74d414f295d\"},\"description\":\"Ge-lesen: Das Rosie-Projekt - meine kleine Buchrezension\",\"breadcrumb\":{\"@id\":\"https:\\\/\\\/www.ge-sagt.de\\\/index.php\\\/ge-lesen-das-rosie-projekt\\\/#breadcrumb\"},\"inLanguage\":\"de\",\"potentialAction\":[{\"@type\":\"ReadAction\",\"target\":[\"https:\\\/\\\/www.ge-sagt.de\\\/index.php\\\/ge-lesen-das-rosie-projekt\\\/\"]}]},{\"@type\":\"ImageObject\",\"inLanguage\":\"de\",\"@id\":\"https:\\\/\\\/www.ge-sagt.de\\\/index.php\\\/ge-lesen-das-rosie-projekt\\\/#primaryimage\",\"url\":\"https:\\\/\\\/www.ge-sagt.de\\\/wp-content\\\/uploads\\\/2014\\\/02\\\/rosie2.jpg\",\"contentUrl\":\"https:\\\/\\\/www.ge-sagt.de\\\/wp-content\\\/uploads\\\/2014\\\/02\\\/rosie2.jpg\",\"width\":608,\"height\":800},{\"@type\":\"BreadcrumbList\",\"@id\":\"https:\\\/\\\/www.ge-sagt.de\\\/index.php\\\/ge-lesen-das-rosie-projekt\\\/#breadcrumb\",\"itemListElement\":[{\"@type\":\"ListItem\",\"position\":1,\"name\":\"Home\",\"item\":\"https:\\\/\\\/www.ge-sagt.de\\\/\"},{\"@type\":\"ListItem\",\"position\":2,\"name\":\"Ge-lesen: Das Rosie-Projekt\"}]},{\"@type\":\"WebSite\",\"@id\":\"https:\\\/\\\/www.ge-sagt.de\\\/#website\",\"url\":\"https:\\\/\\\/www.ge-sagt.de\\\/\",\"name\":\"ge-sagt.de\",\"description\":\"Gesa denkt, sagt und tut auf diesem Blog\",\"potentialAction\":[{\"@type\":\"SearchAction\",\"target\":{\"@type\":\"EntryPoint\",\"urlTemplate\":\"https:\\\/\\\/www.ge-sagt.de\\\/?s={search_term_string}\"},\"query-input\":{\"@type\":\"PropertyValueSpecification\",\"valueRequired\":true,\"valueName\":\"search_term_string\"}}],\"inLanguage\":\"de\"},{\"@type\":\"Person\",\"@id\":\"https:\\\/\\\/www.ge-sagt.de\\\/#\\\/schema\\\/person\\\/f6ec6da1209901fb058ae74d414f295d\",\"name\":\"Gesa\",\"image\":{\"@type\":\"ImageObject\",\"inLanguage\":\"de\",\"@id\":\"https:\\\/\\\/secure.gravatar.com\\\/avatar\\\/b2210b745bd73a1286fa46a53ee66332ba91d4de884ca4cdeaa854740a7b03a0?s=96&d=mm&r=g\",\"url\":\"https:\\\/\\\/secure.gravatar.com\\\/avatar\\\/b2210b745bd73a1286fa46a53ee66332ba91d4de884ca4cdeaa854740a7b03a0?s=96&d=mm&r=g\",\"contentUrl\":\"https:\\\/\\\/secure.gravatar.com\\\/avatar\\\/b2210b745bd73a1286fa46a53ee66332ba91d4de884ca4cdeaa854740a7b03a0?s=96&d=mm&r=g\",\"caption\":\"Gesa\"},\"url\":\"https:\\\/\\\/www.ge-sagt.de\\\/index.php\\\/author\\\/gesa\\\/\"}]}<\/script>\n<!-- \/ Yoast SEO plugin. -->","yoast_head_json":{"title":"Ge-lesen: Das Rosie-Projekt","description":"Ge-lesen: Das Rosie-Projekt - meine kleine Buchrezension","robots":{"index":"index","follow":"follow","max-snippet":"max-snippet:-1","max-image-preview":"max-image-preview:large","max-video-preview":"max-video-preview:-1"},"canonical":"https:\/\/www.ge-sagt.de\/index.php\/ge-lesen-das-rosie-projekt\/","og_locale":"de_DE","og_type":"article","og_title":"Ge-lesen: Das Rosie-Projekt","og_description":"Ge-lesen: Das Rosie-Projekt - meine kleine Buchrezension","og_url":"https:\/\/www.ge-sagt.de\/index.php\/ge-lesen-das-rosie-projekt\/","og_site_name":"ge-sagt.de","article_published_time":"2014-02-05T08:30:42+00:00","article_modified_time":"2018-07-29T19:46:37+00:00","og_image":[{"width":608,"height":800,"url":"https:\/\/www.ge-sagt.de\/wp-content\/uploads\/2014\/02\/rosie2.jpg","type":"image\/jpeg"}],"author":"Gesa","twitter_misc":{"Verfasst von":"Gesa","Gesch\u00e4tzte Lesezeit":"2\u00a0Minuten"},"schema":{"@context":"https:\/\/schema.org","@graph":[{"@type":"Article","@id":"https:\/\/www.ge-sagt.de\/index.php\/ge-lesen-das-rosie-projekt\/#article","isPartOf":{"@id":"https:\/\/www.ge-sagt.de\/index.php\/ge-lesen-das-rosie-projekt\/"},"author":{"name":"Gesa","@id":"https:\/\/www.ge-sagt.de\/#\/schema\/person\/f6ec6da1209901fb058ae74d414f295d"},"headline":"Ge-lesen: Das Rosie-Projekt","datePublished":"2014-02-05T08:30:42+00:00","dateModified":"2018-07-29T19:46:37+00:00","mainEntityOfPage":{"@id":"https:\/\/www.ge-sagt.de\/index.php\/ge-lesen-das-rosie-projekt\/"},"wordCount":475,"commentCount":2,"image":{"@id":"https:\/\/www.ge-sagt.de\/index.php\/ge-lesen-das-rosie-projekt\/#primaryimage"},"thumbnailUrl":"https:\/\/www.ge-sagt.de\/wp-content\/uploads\/2014\/02\/rosie2.jpg","keywords":["Buch","Lekt\u00fcre","Rosie"],"articleSection":{"1":"Ge-lesen","2":"Ge-tan"},"inLanguage":"de","potentialAction":[{"@type":"CommentAction","name":"Comment","target":["https:\/\/www.ge-sagt.de\/index.php\/ge-lesen-das-rosie-projekt\/#respond"]}]},{"@type":"WebPage","@id":"https:\/\/www.ge-sagt.de\/index.php\/ge-lesen-das-rosie-projekt\/","url":"https:\/\/www.ge-sagt.de\/index.php\/ge-lesen-das-rosie-projekt\/","name":"Ge-lesen: Das Rosie-Projekt","isPartOf":{"@id":"https:\/\/www.ge-sagt.de\/#website"},"primaryImageOfPage":{"@id":"https:\/\/www.ge-sagt.de\/index.php\/ge-lesen-das-rosie-projekt\/#primaryimage"},"image":{"@id":"https:\/\/www.ge-sagt.de\/index.php\/ge-lesen-das-rosie-projekt\/#primaryimage"},"thumbnailUrl":"https:\/\/www.ge-sagt.de\/wp-content\/uploads\/2014\/02\/rosie2.jpg","datePublished":"2014-02-05T08:30:42+00:00","dateModified":"2018-07-29T19:46:37+00:00","author":{"@id":"https:\/\/www.ge-sagt.de\/#\/schema\/person\/f6ec6da1209901fb058ae74d414f295d"},"description":"Ge-lesen: Das Rosie-Projekt - meine kleine Buchrezension","breadcrumb":{"@id":"https:\/\/www.ge-sagt.de\/index.php\/ge-lesen-das-rosie-projekt\/#breadcrumb"},"inLanguage":"de","potentialAction":[{"@type":"ReadAction","target":["https:\/\/www.ge-sagt.de\/index.php\/ge-lesen-das-rosie-projekt\/"]}]},{"@type":"ImageObject","inLanguage":"de","@id":"https:\/\/www.ge-sagt.de\/index.php\/ge-lesen-das-rosie-projekt\/#primaryimage","url":"https:\/\/www.ge-sagt.de\/wp-content\/uploads\/2014\/02\/rosie2.jpg","contentUrl":"https:\/\/www.ge-sagt.de\/wp-content\/uploads\/2014\/02\/rosie2.jpg","width":608,"height":800},{"@type":"BreadcrumbList","@id":"https:\/\/www.ge-sagt.de\/index.php\/ge-lesen-das-rosie-projekt\/#breadcrumb","itemListElement":[{"@type":"ListItem","position":1,"name":"Home","item":"https:\/\/www.ge-sagt.de\/"},{"@type":"ListItem","position":2,"name":"Ge-lesen: Das Rosie-Projekt"}]},{"@type":"WebSite","@id":"https:\/\/www.ge-sagt.de\/#website","url":"https:\/\/www.ge-sagt.de\/","name":"ge-sagt.de","description":"Gesa denkt, sagt und tut auf diesem Blog","potentialAction":[{"@type":"SearchAction","target":{"@type":"EntryPoint","urlTemplate":"https:\/\/www.ge-sagt.de\/?s={search_term_string}"},"query-input":{"@type":"PropertyValueSpecification","valueRequired":true,"valueName":"search_term_string"}}],"inLanguage":"de"},{"@type":"Person","@id":"https:\/\/www.ge-sagt.de\/#\/schema\/person\/f6ec6da1209901fb058ae74d414f295d","name":"Gesa","image":{"@type":"ImageObject","inLanguage":"de","@id":"https:\/\/secure.gravatar.com\/avatar\/b2210b745bd73a1286fa46a53ee66332ba91d4de884ca4cdeaa854740a7b03a0?s=96&d=mm&r=g","url":"https:\/\/secure.gravatar.com\/avatar\/b2210b745bd73a1286fa46a53ee66332ba91d4de884ca4cdeaa854740a7b03a0?s=96&d=mm&r=g","contentUrl":"https:\/\/secure.gravatar.com\/avatar\/b2210b745bd73a1286fa46a53ee66332ba91d4de884ca4cdeaa854740a7b03a0?s=96&d=mm&r=g","caption":"Gesa"},"url":"https:\/\/www.ge-sagt.de\/index.php\/author\/gesa\/"}]}},"jetpack_publicize_connections":[],"jetpack_featured_media_url":"https:\/\/www.ge-sagt.de\/wp-content\/uploads\/2014\/02\/rosie2.jpg","jetpack_shortlink":"https:\/\/wp.me\/p3aAW4-mf","jetpack_sharing_enabled":true,"_links":{"self":[{"href":"https:\/\/www.ge-sagt.de\/index.php\/wp-json\/wp\/v2\/posts\/1379","targetHints":{"allow":["GET"]}}],"collection":[{"href":"https:\/\/www.ge-sagt.de\/index.php\/wp-json\/wp\/v2\/posts"}],"about":[{"href":"https:\/\/www.ge-sagt.de\/index.php\/wp-json\/wp\/v2\/types\/post"}],"author":[{"embeddable":true,"href":"https:\/\/www.ge-sagt.de\/index.php\/wp-json\/wp\/v2\/users\/2"}],"replies":[{"embeddable":true,"href":"https:\/\/www.ge-sagt.de\/index.php\/wp-json\/wp\/v2\/comments?post=1379"}],"version-history":[{"count":7,"href":"https:\/\/www.ge-sagt.de\/index.php\/wp-json\/wp\/v2\/posts\/1379\/revisions"}],"predecessor-version":[{"id":2453,"href":"https:\/\/www.ge-sagt.de\/index.php\/wp-json\/wp\/v2\/posts\/1379\/revisions\/2453"}],"wp:featuredmedia":[{"embeddable":true,"href":"https:\/\/www.ge-sagt.de\/index.php\/wp-json\/wp\/v2\/media\/1382"}],"wp:attachment":[{"href":"https:\/\/www.ge-sagt.de\/index.php\/wp-json\/wp\/v2\/media?parent=1379"}],"wp:term":[{"taxonomy":"category","embeddable":true,"href":"https:\/\/www.ge-sagt.de\/index.php\/wp-json\/wp\/v2\/categories?post=1379"},{"taxonomy":"post_tag","embeddable":true,"href":"https:\/\/www.ge-sagt.de\/index.php\/wp-json\/wp\/v2\/tags?post=1379"}],"curies":[{"name":"wp","href":"https:\/\/api.w.org\/{rel}","templated":true}]}}