{"id":1362,"date":"2014-01-28T21:07:01","date_gmt":"2014-01-28T20:07:01","guid":{"rendered":"http:\/\/www.ge-sagt.de\/?p=1362"},"modified":"2019-03-14T21:25:17","modified_gmt":"2019-03-14T20:25:17","slug":"ge-backen-zimt-hefe-zopf","status":"publish","type":"post","link":"https:\/\/www.ge-sagt.de\/index.php\/ge-backen-zimt-hefe-zopf\/","title":{"rendered":"Ge-backen: Zimt-Hefe-Zopf"},"content":{"rendered":"<p style=\"text-align: justify;\"><img decoding=\"async\" data-attachment-id=\"1366\" data-permalink=\"https:\/\/www.ge-sagt.de\/index.php\/ge-backen-zimt-hefe-zopf\/zimtzopf-3\/\" data-orig-file=\"https:\/\/www.ge-sagt.de\/wp-content\/uploads\/2014\/01\/Zimtzopf-3.jpg\" data-orig-size=\"800,533\" data-comments-opened=\"1\" data-image-meta=\"{&quot;aperture&quot;:&quot;1.8&quot;,&quot;credit&quot;:&quot;&quot;,&quot;camera&quot;:&quot;Canon EOS 1000D&quot;,&quot;caption&quot;:&quot;&quot;,&quot;created_timestamp&quot;:&quot;1390063947&quot;,&quot;copyright&quot;:&quot;&quot;,&quot;focal_length&quot;:&quot;50&quot;,&quot;iso&quot;:&quot;200&quot;,&quot;shutter_speed&quot;:&quot;0.004&quot;,&quot;title&quot;:&quot;&quot;}\" data-image-title=\"Zimtzopf 3\" data-image-description=\"\" data-image-caption=\"\" data-large-file=\"https:\/\/www.ge-sagt.de\/wp-content\/uploads\/2014\/01\/Zimtzopf-3.jpg\" class=\"aligncenter wp-image-1366 size-medium\" src=\"http:\/\/www.ge-sagt.de\/wp-content\/uploads\/2014\/01\/Zimtzopf-3-600x399.jpg\" alt=\"Zimtzopf 3\" width=\"600\" height=\"399\" srcset=\"https:\/\/www.ge-sagt.de\/wp-content\/uploads\/2014\/01\/Zimtzopf-3-450x300.jpg 450w, https:\/\/www.ge-sagt.de\/wp-content\/uploads\/2014\/01\/Zimtzopf-3-600x399.jpg 600w, https:\/\/www.ge-sagt.de\/wp-content\/uploads\/2014\/01\/Zimtzopf-3.jpg 800w\" sizes=\"(max-width: 600px) 100vw, 600px\" \/><\/p>\n<p style=\"text-align: justify;\">Uih, was war das hier kalt am Wochenende! Ich sage nur brrrrrrr&#8230;&#8230;Und wisst ihr was? Genau an dem bisher k\u00e4ltesten Wochenende Hamburgs f\u00e4llt bei uns auch die Heizung aus. Gl\u00fcck und Segen eines kfW40 Hauses mit Holzpellet-Heizung. Durch die Holzpellet Heizung und vor allem durch eine unf\u00e4hige Hausverwaltung f\u00e4llt bei uns ab und zu die Heizung aus weil irgendjemand vergessen hat rechtzeitig neue Pellets zu bestellen. Zum Gl\u00fcck ist unser Haus aber so gut isoliert, dass wir kaum Temperatur verlieren, auch wenn wir mal 3 Tage nicht heizen k\u00f6nnen. Aber einfach nicht zu ertragen ist das kalte Wasser. Da war ein echter Seelentr\u00f6ster n\u00f6tig! F\u00fcr solche F\u00e4lle empfehle ich diesen leckeren Zimt-Hefe-Zopf mit dickem Zuckergu\u00df. Noch warm aus dem Ofen sollte er sofort angeschnitten und probiert werden. Und dann muss man einen neuen backen. Was Ihr daf\u00fcr braucht seht Ihr hier:<\/p>\n<p style=\"text-align: justify;\"><img decoding=\"async\" data-attachment-id=\"1368\" data-permalink=\"https:\/\/www.ge-sagt.de\/index.php\/ge-backen-zimt-hefe-zopf\/zimtzopf-rezept\/\" data-orig-file=\"https:\/\/www.ge-sagt.de\/wp-content\/uploads\/2014\/01\/Zimtzopf-Rezept.jpg\" data-orig-size=\"622,385\" data-comments-opened=\"1\" data-image-meta=\"{&quot;aperture&quot;:&quot;0&quot;,&quot;credit&quot;:&quot;&quot;,&quot;camera&quot;:&quot;&quot;,&quot;caption&quot;:&quot;&quot;,&quot;created_timestamp&quot;:&quot;0&quot;,&quot;copyright&quot;:&quot;&quot;,&quot;focal_length&quot;:&quot;0&quot;,&quot;iso&quot;:&quot;0&quot;,&quot;shutter_speed&quot;:&quot;0&quot;,&quot;title&quot;:&quot;&quot;}\" data-image-title=\"Zimtzopf Rezept\" data-image-description=\"\" data-image-caption=\"\" data-large-file=\"https:\/\/www.ge-sagt.de\/wp-content\/uploads\/2014\/01\/Zimtzopf-Rezept.jpg\" class=\"aligncenter  wp-image-1368\" src=\"http:\/\/www.ge-sagt.de\/wp-content\/uploads\/2014\/01\/Zimtzopf-Rezept.jpg\" alt=\"Zimtzopf Rezept\" width=\"498\" height=\"308\" srcset=\"https:\/\/www.ge-sagt.de\/wp-content\/uploads\/2014\/01\/Zimtzopf-Rezept-484x300.jpg 484w, https:\/\/www.ge-sagt.de\/wp-content\/uploads\/2014\/01\/Zimtzopf-Rezept-600x371.jpg 600w, https:\/\/www.ge-sagt.de\/wp-content\/uploads\/2014\/01\/Zimtzopf-Rezept.jpg 622w\" sizes=\"(max-width: 498px) 100vw, 498px\" \/><\/p>\n<p style=\"text-align: justify;\">Die Zubereitung ist recht einfach. Zun\u00e4chst wird der Hefeteig hergestellt. Daf\u00fcr l\u00f6st man am Besten die Trockenhefe in der lauwarmen Milch auf und vermischt sie mit allen anderen oben genannten Zutaten. Danach wird der Teig abgedeckt und zum Gehen f\u00fcr etwa 1 Stunde an einen lauwarmen Ort gestellt. Wenn sich das Volumen etwa verdoppelt hat, kann es weiter gehen. Zun\u00e4chst wird die Butter f\u00fcr die Glasur geschmolzen und mit der Vanille vermischt. Danach wird der Hefeteig in 2 gleichgro\u00dfe St\u00fccke geteilt. Aus diesem Teig habe ich 2 gleichlange Str\u00e4nge geformt. Diese wurden dann reichlich mit der geschmolzenen Butter \u00fcbergo\u00dfen und anschlie\u00dfend in der Mischung aus braunem Zucker und Zimt gew\u00e4lzt. Jetzt habe ich die beiden Teigstr\u00e4nge an einem Ende verbunden und dann miteinander zu einem Zopf verschlungen. Bevor ich den Teig in die Kuchenform gebe, werden zun\u00e4chst die gefrorenen Blaubeeren auf dem Boden verteilt. Dann wird der Teigzopf in die Kuchenform von innen nach au\u00dfen aufgerollt. Schlie\u00dflich k\u00f6nnt Ihr den Zopf mit allen Resten der Butterglasur \u00fcbergie\u00dfen und bestreuen.<br \/>\n<img decoding=\"async\" data-attachment-id=\"1367\" data-permalink=\"https:\/\/www.ge-sagt.de\/index.php\/ge-backen-zimt-hefe-zopf\/zimtzopf-4\/\" data-orig-file=\"https:\/\/www.ge-sagt.de\/wp-content\/uploads\/2014\/01\/Zimtzopf-4.jpg\" data-orig-size=\"644,800\" data-comments-opened=\"1\" data-image-meta=\"{&quot;aperture&quot;:&quot;1.8&quot;,&quot;credit&quot;:&quot;&quot;,&quot;camera&quot;:&quot;Canon EOS 1000D&quot;,&quot;caption&quot;:&quot;&quot;,&quot;created_timestamp&quot;:&quot;1390063925&quot;,&quot;copyright&quot;:&quot;&quot;,&quot;focal_length&quot;:&quot;50&quot;,&quot;iso&quot;:&quot;200&quot;,&quot;shutter_speed&quot;:&quot;0.004&quot;,&quot;title&quot;:&quot;&quot;}\" data-image-title=\"Zimtzopf 4\" data-image-description=\"\" data-image-caption=\"\" data-large-file=\"https:\/\/www.ge-sagt.de\/wp-content\/uploads\/2014\/01\/Zimtzopf-4.jpg\" class=\"aligncenter wp-image-1367 size-medium\" src=\"http:\/\/www.ge-sagt.de\/wp-content\/uploads\/2014\/01\/Zimtzopf-4-600x745.jpg\" alt=\"Zimtzopf 4\" width=\"600\" height=\"745\" srcset=\"https:\/\/www.ge-sagt.de\/wp-content\/uploads\/2014\/01\/Zimtzopf-4-241x300.jpg 241w, https:\/\/www.ge-sagt.de\/wp-content\/uploads\/2014\/01\/Zimtzopf-4-600x745.jpg 600w, https:\/\/www.ge-sagt.de\/wp-content\/uploads\/2014\/01\/Zimtzopf-4.jpg 644w\" sizes=\"(max-width: 600px) 100vw, 600px\" \/><\/p>\n<p style=\"text-align: justify;\">\n<p style=\"text-align: justify;\">Nun m\u00fc\u00dft Ihr Euch nochmal gedulden, den der Teig sollte wieder etwas ruhen und dabei sein Volumen deutlich vergr\u00f6\u00dfern. Aufgrund der gefrorenen Beeren kann das allerdings etwas l\u00e4nger dauern, ich w\u00fcrde etwa 2 Stunden einplanen. Nach dieser Zeit kann der Zopf f\u00fcr 45 Minuten bei 175 Grad gebacken werden. Und f\u00fcr die super saftige Kr\u00f6nung des Kuchens solltet Ihr unbedingt noch den Puderzucker-Gu\u00df herstellen, in dem Ihr alle genannten Zutaten gut miteinander vermixt. Den Gu\u00df kann man sch\u00f6n \u00fcber den lauwarmen Kuchen geben und als Extra-So\u00dfe auch noch w\u00e4hrend des Essens parat halten. Eine Alternative die ich mir auch richtig gut vorstellen kann w\u00e4re eine normale Vanilleso\u00dfe. Aber ganz ohne So\u00dfe ist dieser Zimt-Hefe-Zopf auch total saftig und noch dazu fruchtig durch die leckeren Beeren am Boden.<\/p>\n<p style=\"text-align: justify;\">\n<img decoding=\"async\" data-attachment-id=\"1364\" data-permalink=\"https:\/\/www.ge-sagt.de\/index.php\/ge-backen-zimt-hefe-zopf\/zimtzopf-1\/\" data-orig-file=\"https:\/\/www.ge-sagt.de\/wp-content\/uploads\/2014\/01\/Zimtzopf-1.jpg\" data-orig-size=\"533,800\" data-comments-opened=\"1\" data-image-meta=\"{&quot;aperture&quot;:&quot;1.8&quot;,&quot;credit&quot;:&quot;&quot;,&quot;camera&quot;:&quot;Canon EOS 1000D&quot;,&quot;caption&quot;:&quot;&quot;,&quot;created_timestamp&quot;:&quot;1390064115&quot;,&quot;copyright&quot;:&quot;&quot;,&quot;focal_length&quot;:&quot;50&quot;,&quot;iso&quot;:&quot;200&quot;,&quot;shutter_speed&quot;:&quot;0.003125&quot;,&quot;title&quot;:&quot;&quot;}\" data-image-title=\"Zimtzopf 1\" data-image-description=\"\" data-image-caption=\"\" data-large-file=\"https:\/\/www.ge-sagt.de\/wp-content\/uploads\/2014\/01\/Zimtzopf-1.jpg\" class=\"aligncenter  wp-image-1364\" src=\"http:\/\/www.ge-sagt.de\/wp-content\/uploads\/2014\/01\/Zimtzopf-1.jpg\" alt=\"Zimtzopf 1\" width=\"426\" height=\"640\" srcset=\"https:\/\/www.ge-sagt.de\/wp-content\/uploads\/2014\/01\/Zimtzopf-1-199x300.jpg 199w, https:\/\/www.ge-sagt.de\/wp-content\/uploads\/2014\/01\/Zimtzopf-1.jpg 533w\" sizes=\"(max-width: 426px) 100vw, 426px\" \/><\/p>\n<p style=\"text-align: justify;\">Ihr kennt das Rezept ein bisschen anders? Ihr m\u00f6chtet lieber kleine Schnecken oder welche mit Apfel? Dann findet Ihr die ultimative Zimt-Schnecken-Sammlung bei Clara von tastesheriff mit Ihrer Aktion &#8222;<a title=\"aktion ich backs mir bei Tastesheriff\" href=\"http:\/\/www.tastesheriff.com\/ich-backs-mir-zimtschnecken\/#more-8240\" target=\"_blank\" rel=\"noopener noreferrer\">Ich backs mir<\/a>&#8222;. Und meine nat\u00fcrlich auch! Und damit w\u00fcnsche ich Euch ganz viel Spa\u00df beim Nachbacken.<br \/>\nLiebe Gr\u00fc\u00dfe<\/p>\n<p style=\"text-align: justify;\">Gesa<\/p>\n","protected":false},"excerpt":{"rendered":"<p>Uih, was war das hier kalt am Wochenende! Ich sage nur brrrrrrr&#8230;&#8230;Und wisst ihr was? Genau an dem bisher k\u00e4ltesten Wochenende Hamburgs f\u00e4llt bei uns auch die Heizung aus. Gl\u00fcck und Segen eines kfW40 Hauses mit Holzpellet-Heizung. Durch die Holzpellet Heizung und vor allem durch eine unf\u00e4hige Hausverwaltung f\u00e4llt bei uns ab und zu die [&hellip;]<\/p>\n","protected":false},"author":2,"featured_media":1365,"comment_status":"open","ping_status":"open","sticky":false,"template":"","format":"standard","meta":{"jetpack_post_was_ever_published":false,"_jetpack_newsletter_access":"","_jetpack_dont_email_post_to_subs":true,"_jetpack_newsletter_tier_id":0,"_jetpack_memberships_contains_paywalled_content":false,"_jetpack_memberships_contains_paid_content":false,"footnotes":"","jetpack_publicize_message":"Ge-backen: Zimt-Hefe-Zopf http:\/\/wp.me\/p3aAW4-lY","jetpack_publicize_feature_enabled":true,"jetpack_social_post_already_shared":true,"jetpack_social_options":{"image_generator_settings":{"template":"highway","default_image_id":0,"font":"","enabled":false},"version":2}},"categories":[1,17],"tags":[284,288,552,282,286,285,243,283,287],"class_list":["post-1362","post","type-post","status-publish","format-standard","has-post-thumbnail","hentry","category-allgemein","category-ge-backen","tag-blaubeeren","tag-butter","tag-feature","tag-hefe","tag-seelentroester","tag-waerme","tag-zimt","tag-zopf","tag-zuckerguss"],"yoast_head":"<!-- This site is optimized with the Yoast SEO plugin v27.5 - https:\/\/yoast.com\/product\/yoast-seo-wordpress\/ -->\n<title>Ge-backen: Zimt-Hefe-Zopf<\/title>\n<meta name=\"description\" content=\"Ge-backen: Zimt-Hefe-Zopf. In meinem Blog findet Ihr hier ein wunderbares Rezept mit fruchtiger \u00dcberraschung\" \/>\n<meta name=\"robots\" content=\"index, follow, max-snippet:-1, max-image-preview:large, max-video-preview:-1\" \/>\n<link rel=\"canonical\" href=\"https:\/\/www.ge-sagt.de\/index.php\/ge-backen-zimt-hefe-zopf\/\" \/>\n<meta property=\"og:locale\" content=\"de_DE\" \/>\n<meta property=\"og:type\" content=\"article\" \/>\n<meta property=\"og:title\" content=\"Ge-backen: Zimt-Hefe-Zopf\" \/>\n<meta property=\"og:description\" content=\"Ge-backen: Zimt-Hefe-Zopf. In meinem Blog findet Ihr hier ein wunderbares Rezept mit fruchtiger \u00dcberraschung\" \/>\n<meta property=\"og:url\" content=\"https:\/\/www.ge-sagt.de\/index.php\/ge-backen-zimt-hefe-zopf\/\" \/>\n<meta property=\"og:site_name\" content=\"ge-sagt.de\" \/>\n<meta property=\"article:published_time\" content=\"2014-01-28T20:07:01+00:00\" \/>\n<meta property=\"article:modified_time\" content=\"2019-03-14T20:25:17+00:00\" \/>\n<meta property=\"og:image\" content=\"https:\/\/www.ge-sagt.de\/wp-content\/uploads\/2014\/01\/Zimtzopf-2.jpg\" \/>\n\t<meta property=\"og:image:width\" content=\"576\" \/>\n\t<meta property=\"og:image:height\" content=\"800\" \/>\n\t<meta property=\"og:image:type\" content=\"image\/jpeg\" \/>\n<meta name=\"author\" content=\"Gesa\" \/>\n<meta name=\"twitter:label1\" content=\"Verfasst von\" \/>\n\t<meta name=\"twitter:data1\" content=\"Gesa\" \/>\n\t<meta name=\"twitter:label2\" content=\"Gesch\u00e4tzte Lesezeit\" \/>\n\t<meta name=\"twitter:data2\" content=\"3\u00a0Minuten\" \/>\n<script type=\"application\/ld+json\" class=\"yoast-schema-graph\">{\"@context\":\"https:\\\/\\\/schema.org\",\"@graph\":[{\"@type\":\"Article\",\"@id\":\"https:\\\/\\\/www.ge-sagt.de\\\/index.php\\\/ge-backen-zimt-hefe-zopf\\\/#article\",\"isPartOf\":{\"@id\":\"https:\\\/\\\/www.ge-sagt.de\\\/index.php\\\/ge-backen-zimt-hefe-zopf\\\/\"},\"author\":{\"name\":\"Gesa\",\"@id\":\"https:\\\/\\\/www.ge-sagt.de\\\/#\\\/schema\\\/person\\\/f6ec6da1209901fb058ae74d414f295d\"},\"headline\":\"Ge-backen: Zimt-Hefe-Zopf\",\"datePublished\":\"2014-01-28T20:07:01+00:00\",\"dateModified\":\"2019-03-14T20:25:17+00:00\",\"mainEntityOfPage\":{\"@id\":\"https:\\\/\\\/www.ge-sagt.de\\\/index.php\\\/ge-backen-zimt-hefe-zopf\\\/\"},\"wordCount\":529,\"commentCount\":1,\"image\":{\"@id\":\"https:\\\/\\\/www.ge-sagt.de\\\/index.php\\\/ge-backen-zimt-hefe-zopf\\\/#primaryimage\"},\"thumbnailUrl\":\"https:\\\/\\\/www.ge-sagt.de\\\/wp-content\\\/uploads\\\/2014\\\/01\\\/Zimtzopf-2.jpg\",\"keywords\":[\"Blaubeeren\",\"Butter\",\"Feature\",\"Hefe\",\"Seelentr\u00f6ster\",\"W\u00e4rme\",\"Zimt\",\"Zopf\",\"Zuckergu\u00df\"],\"articleSection\":{\"1\":\"Ge-backen\"},\"inLanguage\":\"de\",\"potentialAction\":[{\"@type\":\"CommentAction\",\"name\":\"Comment\",\"target\":[\"https:\\\/\\\/www.ge-sagt.de\\\/index.php\\\/ge-backen-zimt-hefe-zopf\\\/#respond\"]}]},{\"@type\":\"WebPage\",\"@id\":\"https:\\\/\\\/www.ge-sagt.de\\\/index.php\\\/ge-backen-zimt-hefe-zopf\\\/\",\"url\":\"https:\\\/\\\/www.ge-sagt.de\\\/index.php\\\/ge-backen-zimt-hefe-zopf\\\/\",\"name\":\"Ge-backen: Zimt-Hefe-Zopf\",\"isPartOf\":{\"@id\":\"https:\\\/\\\/www.ge-sagt.de\\\/#website\"},\"primaryImageOfPage\":{\"@id\":\"https:\\\/\\\/www.ge-sagt.de\\\/index.php\\\/ge-backen-zimt-hefe-zopf\\\/#primaryimage\"},\"image\":{\"@id\":\"https:\\\/\\\/www.ge-sagt.de\\\/index.php\\\/ge-backen-zimt-hefe-zopf\\\/#primaryimage\"},\"thumbnailUrl\":\"https:\\\/\\\/www.ge-sagt.de\\\/wp-content\\\/uploads\\\/2014\\\/01\\\/Zimtzopf-2.jpg\",\"datePublished\":\"2014-01-28T20:07:01+00:00\",\"dateModified\":\"2019-03-14T20:25:17+00:00\",\"author\":{\"@id\":\"https:\\\/\\\/www.ge-sagt.de\\\/#\\\/schema\\\/person\\\/f6ec6da1209901fb058ae74d414f295d\"},\"description\":\"Ge-backen: Zimt-Hefe-Zopf. In meinem Blog findet Ihr hier ein wunderbares Rezept mit fruchtiger \u00dcberraschung\",\"breadcrumb\":{\"@id\":\"https:\\\/\\\/www.ge-sagt.de\\\/index.php\\\/ge-backen-zimt-hefe-zopf\\\/#breadcrumb\"},\"inLanguage\":\"de\",\"potentialAction\":[{\"@type\":\"ReadAction\",\"target\":[\"https:\\\/\\\/www.ge-sagt.de\\\/index.php\\\/ge-backen-zimt-hefe-zopf\\\/\"]}]},{\"@type\":\"ImageObject\",\"inLanguage\":\"de\",\"@id\":\"https:\\\/\\\/www.ge-sagt.de\\\/index.php\\\/ge-backen-zimt-hefe-zopf\\\/#primaryimage\",\"url\":\"https:\\\/\\\/www.ge-sagt.de\\\/wp-content\\\/uploads\\\/2014\\\/01\\\/Zimtzopf-2.jpg\",\"contentUrl\":\"https:\\\/\\\/www.ge-sagt.de\\\/wp-content\\\/uploads\\\/2014\\\/01\\\/Zimtzopf-2.jpg\",\"width\":576,\"height\":800},{\"@type\":\"BreadcrumbList\",\"@id\":\"https:\\\/\\\/www.ge-sagt.de\\\/index.php\\\/ge-backen-zimt-hefe-zopf\\\/#breadcrumb\",\"itemListElement\":[{\"@type\":\"ListItem\",\"position\":1,\"name\":\"Home\",\"item\":\"https:\\\/\\\/www.ge-sagt.de\\\/\"},{\"@type\":\"ListItem\",\"position\":2,\"name\":\"Ge-backen: Zimt-Hefe-Zopf\"}]},{\"@type\":\"WebSite\",\"@id\":\"https:\\\/\\\/www.ge-sagt.de\\\/#website\",\"url\":\"https:\\\/\\\/www.ge-sagt.de\\\/\",\"name\":\"ge-sagt.de\",\"description\":\"Gesa denkt, sagt und tut auf diesem Blog\",\"potentialAction\":[{\"@type\":\"SearchAction\",\"target\":{\"@type\":\"EntryPoint\",\"urlTemplate\":\"https:\\\/\\\/www.ge-sagt.de\\\/?s={search_term_string}\"},\"query-input\":{\"@type\":\"PropertyValueSpecification\",\"valueRequired\":true,\"valueName\":\"search_term_string\"}}],\"inLanguage\":\"de\"},{\"@type\":\"Person\",\"@id\":\"https:\\\/\\\/www.ge-sagt.de\\\/#\\\/schema\\\/person\\\/f6ec6da1209901fb058ae74d414f295d\",\"name\":\"Gesa\",\"image\":{\"@type\":\"ImageObject\",\"inLanguage\":\"de\",\"@id\":\"https:\\\/\\\/secure.gravatar.com\\\/avatar\\\/b2210b745bd73a1286fa46a53ee66332ba91d4de884ca4cdeaa854740a7b03a0?s=96&d=mm&r=g\",\"url\":\"https:\\\/\\\/secure.gravatar.com\\\/avatar\\\/b2210b745bd73a1286fa46a53ee66332ba91d4de884ca4cdeaa854740a7b03a0?s=96&d=mm&r=g\",\"contentUrl\":\"https:\\\/\\\/secure.gravatar.com\\\/avatar\\\/b2210b745bd73a1286fa46a53ee66332ba91d4de884ca4cdeaa854740a7b03a0?s=96&d=mm&r=g\",\"caption\":\"Gesa\"},\"url\":\"https:\\\/\\\/www.ge-sagt.de\\\/index.php\\\/author\\\/gesa\\\/\"}]}<\/script>\n<!-- \/ Yoast SEO plugin. -->","yoast_head_json":{"title":"Ge-backen: Zimt-Hefe-Zopf","description":"Ge-backen: Zimt-Hefe-Zopf. In meinem Blog findet Ihr hier ein wunderbares Rezept mit fruchtiger \u00dcberraschung","robots":{"index":"index","follow":"follow","max-snippet":"max-snippet:-1","max-image-preview":"max-image-preview:large","max-video-preview":"max-video-preview:-1"},"canonical":"https:\/\/www.ge-sagt.de\/index.php\/ge-backen-zimt-hefe-zopf\/","og_locale":"de_DE","og_type":"article","og_title":"Ge-backen: Zimt-Hefe-Zopf","og_description":"Ge-backen: Zimt-Hefe-Zopf. In meinem Blog findet Ihr hier ein wunderbares Rezept mit fruchtiger \u00dcberraschung","og_url":"https:\/\/www.ge-sagt.de\/index.php\/ge-backen-zimt-hefe-zopf\/","og_site_name":"ge-sagt.de","article_published_time":"2014-01-28T20:07:01+00:00","article_modified_time":"2019-03-14T20:25:17+00:00","og_image":[{"width":576,"height":800,"url":"https:\/\/www.ge-sagt.de\/wp-content\/uploads\/2014\/01\/Zimtzopf-2.jpg","type":"image\/jpeg"}],"author":"Gesa","twitter_misc":{"Verfasst von":"Gesa","Gesch\u00e4tzte Lesezeit":"3\u00a0Minuten"},"schema":{"@context":"https:\/\/schema.org","@graph":[{"@type":"Article","@id":"https:\/\/www.ge-sagt.de\/index.php\/ge-backen-zimt-hefe-zopf\/#article","isPartOf":{"@id":"https:\/\/www.ge-sagt.de\/index.php\/ge-backen-zimt-hefe-zopf\/"},"author":{"name":"Gesa","@id":"https:\/\/www.ge-sagt.de\/#\/schema\/person\/f6ec6da1209901fb058ae74d414f295d"},"headline":"Ge-backen: Zimt-Hefe-Zopf","datePublished":"2014-01-28T20:07:01+00:00","dateModified":"2019-03-14T20:25:17+00:00","mainEntityOfPage":{"@id":"https:\/\/www.ge-sagt.de\/index.php\/ge-backen-zimt-hefe-zopf\/"},"wordCount":529,"commentCount":1,"image":{"@id":"https:\/\/www.ge-sagt.de\/index.php\/ge-backen-zimt-hefe-zopf\/#primaryimage"},"thumbnailUrl":"https:\/\/www.ge-sagt.de\/wp-content\/uploads\/2014\/01\/Zimtzopf-2.jpg","keywords":["Blaubeeren","Butter","Feature","Hefe","Seelentr\u00f6ster","W\u00e4rme","Zimt","Zopf","Zuckergu\u00df"],"articleSection":{"1":"Ge-backen"},"inLanguage":"de","potentialAction":[{"@type":"CommentAction","name":"Comment","target":["https:\/\/www.ge-sagt.de\/index.php\/ge-backen-zimt-hefe-zopf\/#respond"]}]},{"@type":"WebPage","@id":"https:\/\/www.ge-sagt.de\/index.php\/ge-backen-zimt-hefe-zopf\/","url":"https:\/\/www.ge-sagt.de\/index.php\/ge-backen-zimt-hefe-zopf\/","name":"Ge-backen: Zimt-Hefe-Zopf","isPartOf":{"@id":"https:\/\/www.ge-sagt.de\/#website"},"primaryImageOfPage":{"@id":"https:\/\/www.ge-sagt.de\/index.php\/ge-backen-zimt-hefe-zopf\/#primaryimage"},"image":{"@id":"https:\/\/www.ge-sagt.de\/index.php\/ge-backen-zimt-hefe-zopf\/#primaryimage"},"thumbnailUrl":"https:\/\/www.ge-sagt.de\/wp-content\/uploads\/2014\/01\/Zimtzopf-2.jpg","datePublished":"2014-01-28T20:07:01+00:00","dateModified":"2019-03-14T20:25:17+00:00","author":{"@id":"https:\/\/www.ge-sagt.de\/#\/schema\/person\/f6ec6da1209901fb058ae74d414f295d"},"description":"Ge-backen: Zimt-Hefe-Zopf. In meinem Blog findet Ihr hier ein wunderbares Rezept mit fruchtiger \u00dcberraschung","breadcrumb":{"@id":"https:\/\/www.ge-sagt.de\/index.php\/ge-backen-zimt-hefe-zopf\/#breadcrumb"},"inLanguage":"de","potentialAction":[{"@type":"ReadAction","target":["https:\/\/www.ge-sagt.de\/index.php\/ge-backen-zimt-hefe-zopf\/"]}]},{"@type":"ImageObject","inLanguage":"de","@id":"https:\/\/www.ge-sagt.de\/index.php\/ge-backen-zimt-hefe-zopf\/#primaryimage","url":"https:\/\/www.ge-sagt.de\/wp-content\/uploads\/2014\/01\/Zimtzopf-2.jpg","contentUrl":"https:\/\/www.ge-sagt.de\/wp-content\/uploads\/2014\/01\/Zimtzopf-2.jpg","width":576,"height":800},{"@type":"BreadcrumbList","@id":"https:\/\/www.ge-sagt.de\/index.php\/ge-backen-zimt-hefe-zopf\/#breadcrumb","itemListElement":[{"@type":"ListItem","position":1,"name":"Home","item":"https:\/\/www.ge-sagt.de\/"},{"@type":"ListItem","position":2,"name":"Ge-backen: Zimt-Hefe-Zopf"}]},{"@type":"WebSite","@id":"https:\/\/www.ge-sagt.de\/#website","url":"https:\/\/www.ge-sagt.de\/","name":"ge-sagt.de","description":"Gesa denkt, sagt und tut auf diesem Blog","potentialAction":[{"@type":"SearchAction","target":{"@type":"EntryPoint","urlTemplate":"https:\/\/www.ge-sagt.de\/?s={search_term_string}"},"query-input":{"@type":"PropertyValueSpecification","valueRequired":true,"valueName":"search_term_string"}}],"inLanguage":"de"},{"@type":"Person","@id":"https:\/\/www.ge-sagt.de\/#\/schema\/person\/f6ec6da1209901fb058ae74d414f295d","name":"Gesa","image":{"@type":"ImageObject","inLanguage":"de","@id":"https:\/\/secure.gravatar.com\/avatar\/b2210b745bd73a1286fa46a53ee66332ba91d4de884ca4cdeaa854740a7b03a0?s=96&d=mm&r=g","url":"https:\/\/secure.gravatar.com\/avatar\/b2210b745bd73a1286fa46a53ee66332ba91d4de884ca4cdeaa854740a7b03a0?s=96&d=mm&r=g","contentUrl":"https:\/\/secure.gravatar.com\/avatar\/b2210b745bd73a1286fa46a53ee66332ba91d4de884ca4cdeaa854740a7b03a0?s=96&d=mm&r=g","caption":"Gesa"},"url":"https:\/\/www.ge-sagt.de\/index.php\/author\/gesa\/"}]}},"jetpack_publicize_connections":[],"jetpack_featured_media_url":"https:\/\/www.ge-sagt.de\/wp-content\/uploads\/2014\/01\/Zimtzopf-2.jpg","jetpack_shortlink":"https:\/\/wp.me\/p3aAW4-lY","jetpack_sharing_enabled":true,"_links":{"self":[{"href":"https:\/\/www.ge-sagt.de\/index.php\/wp-json\/wp\/v2\/posts\/1362","targetHints":{"allow":["GET"]}}],"collection":[{"href":"https:\/\/www.ge-sagt.de\/index.php\/wp-json\/wp\/v2\/posts"}],"about":[{"href":"https:\/\/www.ge-sagt.de\/index.php\/wp-json\/wp\/v2\/types\/post"}],"author":[{"embeddable":true,"href":"https:\/\/www.ge-sagt.de\/index.php\/wp-json\/wp\/v2\/users\/2"}],"replies":[{"embeddable":true,"href":"https:\/\/www.ge-sagt.de\/index.php\/wp-json\/wp\/v2\/comments?post=1362"}],"version-history":[{"count":8,"href":"https:\/\/www.ge-sagt.de\/index.php\/wp-json\/wp\/v2\/posts\/1362\/revisions"}],"predecessor-version":[{"id":2579,"href":"https:\/\/www.ge-sagt.de\/index.php\/wp-json\/wp\/v2\/posts\/1362\/revisions\/2579"}],"wp:featuredmedia":[{"embeddable":true,"href":"https:\/\/www.ge-sagt.de\/index.php\/wp-json\/wp\/v2\/media\/1365"}],"wp:attachment":[{"href":"https:\/\/www.ge-sagt.de\/index.php\/wp-json\/wp\/v2\/media?parent=1362"}],"wp:term":[{"taxonomy":"category","embeddable":true,"href":"https:\/\/www.ge-sagt.de\/index.php\/wp-json\/wp\/v2\/categories?post=1362"},{"taxonomy":"post_tag","embeddable":true,"href":"https:\/\/www.ge-sagt.de\/index.php\/wp-json\/wp\/v2\/tags?post=1362"}],"curies":[{"name":"wp","href":"https:\/\/api.w.org\/{rel}","templated":true}]}}