{"id":1345,"date":"2014-01-22T21:06:19","date_gmt":"2014-01-22T20:06:19","guid":{"rendered":"http:\/\/www.ge-sagt.de\/?p=1345"},"modified":"2016-10-25T14:06:24","modified_gmt":"2016-10-25T12:06:24","slug":"ge-eist-birnen-vanille-sorbet","status":"publish","type":"post","link":"https:\/\/www.ge-sagt.de\/index.php\/ge-eist-birnen-vanille-sorbet\/","title":{"rendered":"Ge-eist: Birnen-Vanille-Sorbet"},"content":{"rendered":"<p style=\"text-align: justify;\"><img decoding=\"async\" data-attachment-id=\"1348\" data-permalink=\"https:\/\/www.ge-sagt.de\/index.php\/ge-eist-birnen-vanille-sorbet\/birnensorbet-2\/\" data-orig-file=\"https:\/\/www.ge-sagt.de\/wp-content\/uploads\/2014\/01\/Birnensorbet-2.jpg\" data-orig-size=\"800,546\" data-comments-opened=\"1\" data-image-meta=\"{&quot;aperture&quot;:&quot;1.8&quot;,&quot;credit&quot;:&quot;&quot;,&quot;camera&quot;:&quot;Canon EOS 1000D&quot;,&quot;caption&quot;:&quot;&quot;,&quot;created_timestamp&quot;:&quot;1390057435&quot;,&quot;copyright&quot;:&quot;&quot;,&quot;focal_length&quot;:&quot;50&quot;,&quot;iso&quot;:&quot;200&quot;,&quot;shutter_speed&quot;:&quot;0.0008&quot;,&quot;title&quot;:&quot;&quot;}\" data-image-title=\"Birnensorbet 2\" data-image-description=\"\" data-image-caption=\"\" data-large-file=\"https:\/\/www.ge-sagt.de\/wp-content\/uploads\/2014\/01\/Birnensorbet-2.jpg\" class=\"aligncenter wp-image-1348 size-medium\" src=\"http:\/\/www.ge-sagt.de\/wp-content\/uploads\/2014\/01\/Birnensorbet-2-600x409.jpg\" alt=\"Birnen-Vanille Sorbet\" width=\"600\" height=\"409\" srcset=\"https:\/\/www.ge-sagt.de\/wp-content\/uploads\/2014\/01\/Birnensorbet-2-439x300.jpg 439w, https:\/\/www.ge-sagt.de\/wp-content\/uploads\/2014\/01\/Birnensorbet-2-600x409.jpg 600w, https:\/\/www.ge-sagt.de\/wp-content\/uploads\/2014\/01\/Birnensorbet-2.jpg 800w\" sizes=\"(max-width: 600px) 100vw, 600px\" \/><\/p>\n<p style=\"text-align: justify;\">Hey, ein paar kleine Schneefl\u00f6ckchen gibt es bei uns in Hamburg! Die ersten habe ich gleich auf Instagram festgehalten! Und wenn schon die ersten Eiskristalle einschneien, dann lege ich doch gleich noch ein paar drauf mit einem wunderbaren Birnen-Vanille-Sorbet.<br \/>\nDas ist ein ganz toller Nachtisch, insbesondere wenn Ihr wie ich im Moment auf deftige Hausmannkost steht. Denn auch wenn der Hauptgang noch so schwer und s\u00e4ttigend ist, etwas S\u00fc\u00dfes hinterher muss f\u00fcr mich einfach sein. Dieses leichte Dessert passt daher besonders gut. Folgende Zutaten braucht Ihr daf\u00fcr:<br \/>\n<img decoding=\"async\" data-attachment-id=\"1350\" data-permalink=\"https:\/\/www.ge-sagt.de\/index.php\/ge-eist-birnen-vanille-sorbet\/birnensorbet-rezept\/\" data-orig-file=\"https:\/\/www.ge-sagt.de\/wp-content\/uploads\/2014\/01\/Birnensorbet-rezept.jpg\" data-orig-size=\"357,289\" data-comments-opened=\"1\" data-image-meta=\"{&quot;aperture&quot;:&quot;0&quot;,&quot;credit&quot;:&quot;&quot;,&quot;camera&quot;:&quot;&quot;,&quot;caption&quot;:&quot;&quot;,&quot;created_timestamp&quot;:&quot;0&quot;,&quot;copyright&quot;:&quot;&quot;,&quot;focal_length&quot;:&quot;0&quot;,&quot;iso&quot;:&quot;0&quot;,&quot;shutter_speed&quot;:&quot;0&quot;,&quot;title&quot;:&quot;&quot;}\" data-image-title=\"Birnensorbet rezept\" data-image-description=\"\" data-image-caption=\"\" data-large-file=\"https:\/\/www.ge-sagt.de\/wp-content\/uploads\/2014\/01\/Birnensorbet-rezept.jpg\" class=\"aligncenter wp-image-1350\" src=\"http:\/\/www.ge-sagt.de\/wp-content\/uploads\/2014\/01\/Birnensorbet-rezept.jpg\" alt=\"Birnensorbet rezept\" width=\"286\" height=\"231\" \/>Zun\u00e4chst die Birnen sch\u00e4len, entkernen und in kleine St\u00fccke schneiden. Am Besten sofort danach die Birnenst\u00fccke mit Zitronensaft betr\u00e4ufeln, zuvor solltet Ihr jedoch die Schale der Zitrone fein abreiben. Den Zitronenabrieb mit dem Wasser und dem Puderzucker aufkochen lassen. Wenn sich der Zucker komplett gel\u00f6st hat, die Birnenst\u00fccke hinzuf\u00fcgen und weiter leise k\u00f6cheln lassen. W\u00e4hrenddessen die Vanilleschote aufschneiden und das Fruchtmark heraus kratzen. Sowohl die Schote als auch das Vanillemark zu der Birne geben und weiter d\u00e4mpfen lassen. Sobald die Birnen ganz weich gekocht sind, den Topf vom Herd nehmen und ausk\u00fchlen lassen. Nun k\u00f6nnt Ihr die leere Vanilleschote wieder entfernen und anschlie\u00dfend die Mischung im Mixer oder mit dem P\u00fcrierstab sehr fein p\u00fcrieren.<\/p>\n<p style=\"text-align: justify;\"><img decoding=\"async\" data-attachment-id=\"1351\" data-permalink=\"https:\/\/www.ge-sagt.de\/index.php\/ge-eist-birnen-vanille-sorbet\/birnensorbet\/\" data-orig-file=\"https:\/\/www.ge-sagt.de\/wp-content\/uploads\/2014\/01\/Birnensorbet.jpg\" data-orig-size=\"800,533\" data-comments-opened=\"1\" data-image-meta=\"{&quot;aperture&quot;:&quot;1.8&quot;,&quot;credit&quot;:&quot;&quot;,&quot;camera&quot;:&quot;Canon EOS 1000D&quot;,&quot;caption&quot;:&quot;&quot;,&quot;created_timestamp&quot;:&quot;1390057471&quot;,&quot;copyright&quot;:&quot;&quot;,&quot;focal_length&quot;:&quot;50&quot;,&quot;iso&quot;:&quot;200&quot;,&quot;shutter_speed&quot;:&quot;0.001&quot;,&quot;title&quot;:&quot;&quot;}\" data-image-title=\"Birnensorbet\" data-image-description=\"\" data-image-caption=\"\" data-large-file=\"https:\/\/www.ge-sagt.de\/wp-content\/uploads\/2014\/01\/Birnensorbet.jpg\" class=\"aligncenter wp-image-1351 size-medium\" src=\"http:\/\/www.ge-sagt.de\/wp-content\/uploads\/2014\/01\/Birnensorbet-600x399.jpg\" alt=\"Birnensorbet\" width=\"600\" height=\"399\" srcset=\"https:\/\/www.ge-sagt.de\/wp-content\/uploads\/2014\/01\/Birnensorbet-450x300.jpg 450w, https:\/\/www.ge-sagt.de\/wp-content\/uploads\/2014\/01\/Birnensorbet-600x399.jpg 600w, https:\/\/www.ge-sagt.de\/wp-content\/uploads\/2014\/01\/Birnensorbet.jpg 800w\" sizes=\"(max-width: 600px) 100vw, 600px\" \/><\/p>\n<p style=\"text-align: justify;\">Schlie\u00dflich verfeinert man mit Prosecco oder alternativ mit Fruchtsaft (Birne, Apfel und Ananas passen sehr gut) das Sorbet. Es sollte nat\u00fcrlich nicht zu fl\u00fcssig werden, die Menge h\u00e4ngt ein bisschen von dem Reifegrad Eurer Birnen ab. Reife s\u00fc\u00dfe Birnen sind nat\u00fcrlich deutlich saftiger, hier reicht sowohl f\u00fcr einen sch\u00f6nen Geschmack als auch f\u00fcr die Konsistenz etwas weniger Fl\u00fcssigkeit. Und nun nat\u00fcrlich noch einfrieren&#8230;in vielen Rezepten f\u00fcr Sorbets lese ich immer wieder, dass man w\u00e4hrend des Frierens zu Beginn alle 30 Minuten alles mit einer Gabel durchr\u00fchren soll. Irgendwie ist das nichts f\u00fcr mich, Ihr wisst ja dass ich lieber einfache Rezepte liebe. Und was soll ich sagen, dieses Sorbet funktioniert auch wunderbar ohne dieses Procedere. Einfach ein paar Minuten vor dem Servieren aus dem Eisfach holen und dann nach und nach d\u00fcnne Schichten abkratzen. So hat das Sorbet eine tolle Konsistenz und keine fiesen Kristalle.<br \/>\nHabt Ihr schon mal Sorbet gemacht und flei\u00dfig ger\u00fchrt? Oder kennt Ihr auch ein Rezept ohne r\u00fchren?<br \/>\nLiebe Gr\u00fc\u00dfe<br \/>\nGesa<\/p>\n<p style=\"text-align: center;\"><img decoding=\"async\" data-attachment-id=\"1347\" data-permalink=\"https:\/\/www.ge-sagt.de\/index.php\/ge-eist-birnen-vanille-sorbet\/birnensorbet-1\/\" data-orig-file=\"https:\/\/www.ge-sagt.de\/wp-content\/uploads\/2014\/01\/Birnensorbet-1.jpg\" data-orig-size=\"800,535\" data-comments-opened=\"1\" data-image-meta=\"{&quot;aperture&quot;:&quot;1.8&quot;,&quot;credit&quot;:&quot;&quot;,&quot;camera&quot;:&quot;Canon EOS 1000D&quot;,&quot;caption&quot;:&quot;&quot;,&quot;created_timestamp&quot;:&quot;1390057465&quot;,&quot;copyright&quot;:&quot;&quot;,&quot;focal_length&quot;:&quot;50&quot;,&quot;iso&quot;:&quot;200&quot;,&quot;shutter_speed&quot;:&quot;0.001&quot;,&quot;title&quot;:&quot;&quot;}\" data-image-title=\"Birnensorbet 1\" data-image-description=\"\" data-image-caption=\"\" data-large-file=\"https:\/\/www.ge-sagt.de\/wp-content\/uploads\/2014\/01\/Birnensorbet-1.jpg\" class=\"aligncenter wp-image-1347 size-medium\" src=\"http:\/\/www.ge-sagt.de\/wp-content\/uploads\/2014\/01\/Birnensorbet-1-600x401.jpg\" alt=\"Birnen-Vanille Sorbet\" width=\"600\" height=\"401\" srcset=\"https:\/\/www.ge-sagt.de\/wp-content\/uploads\/2014\/01\/Birnensorbet-1-448x300.jpg 448w, https:\/\/www.ge-sagt.de\/wp-content\/uploads\/2014\/01\/Birnensorbet-1-600x401.jpg 600w, https:\/\/www.ge-sagt.de\/wp-content\/uploads\/2014\/01\/Birnensorbet-1.jpg 800w\" sizes=\"(max-width: 600px) 100vw, 600px\" \/><\/p>\n","protected":false},"excerpt":{"rendered":"<p>Hey, ein paar kleine Schneefl\u00f6ckchen gibt es bei uns in Hamburg! Die ersten habe ich gleich auf Instagram festgehalten! Und wenn schon die ersten Eiskristalle einschneien, dann lege ich doch gleich noch ein paar drauf mit einem wunderbaren Birnen-Vanille-Sorbet. Das ist ein ganz toller Nachtisch, insbesondere wenn Ihr wie ich im Moment auf deftige Hausmannkost [&hellip;]<\/p>\n","protected":false},"author":2,"featured_media":1348,"comment_status":"open","ping_status":"open","sticky":false,"template":"","format":"standard","meta":{"jetpack_post_was_ever_published":false,"_jetpack_newsletter_access":"","_jetpack_dont_email_post_to_subs":true,"_jetpack_newsletter_tier_id":0,"_jetpack_memberships_contains_paywalled_content":false,"_jetpack_memberships_contains_paid_content":false,"footnotes":"","jetpack_publicize_message":"Ge-eist: Birnen-Vanille-Sorbet http:\/\/wp.me\/p3aAW4-lH","jetpack_publicize_feature_enabled":true,"jetpack_social_post_already_shared":true,"jetpack_social_options":{"image_generator_settings":{"template":"highway","default_image_id":0,"font":"","enabled":false},"version":2}},"categories":[1,276,10,4],"tags":[279,175,277,281,278,280],"class_list":["post-1345","post","type-post","status-publish","format-standard","has-post-thumbnail","hentry","category-allgemein","category-ge-eist","category-ge-kocht","category-ge-tan","tag-birne","tag-dessert","tag-eis","tag-nachtisch","tag-sorbet","tag-vanille"],"yoast_head":"<!-- This site is optimized with the Yoast SEO plugin v27.5 - https:\/\/yoast.com\/product\/yoast-seo-wordpress\/ -->\n<title>Ge-eist: Birnen-Vanille-Sorbet<\/title>\n<meta name=\"description\" content=\"In meinem Blog findet Ihr hier in der Rubrik Ge-eist ein Rezept f\u00fcr Birnen-Vanille-Sorbet\" \/>\n<meta name=\"robots\" content=\"index, follow, max-snippet:-1, max-image-preview:large, max-video-preview:-1\" \/>\n<link rel=\"canonical\" href=\"https:\/\/www.ge-sagt.de\/index.php\/ge-eist-birnen-vanille-sorbet\/\" \/>\n<meta property=\"og:locale\" content=\"de_DE\" \/>\n<meta property=\"og:type\" content=\"article\" \/>\n<meta property=\"og:title\" content=\"Ge-eist: Birnen-Vanille-Sorbet\" \/>\n<meta property=\"og:description\" content=\"In meinem Blog findet Ihr hier in der Rubrik Ge-eist ein Rezept f\u00fcr Birnen-Vanille-Sorbet\" \/>\n<meta property=\"og:url\" content=\"https:\/\/www.ge-sagt.de\/index.php\/ge-eist-birnen-vanille-sorbet\/\" \/>\n<meta property=\"og:site_name\" content=\"ge-sagt.de\" \/>\n<meta property=\"article:published_time\" content=\"2014-01-22T20:06:19+00:00\" \/>\n<meta property=\"article:modified_time\" content=\"2016-10-25T12:06:24+00:00\" \/>\n<meta property=\"og:image\" content=\"https:\/\/www.ge-sagt.de\/wp-content\/uploads\/2014\/01\/Birnensorbet-2.jpg\" \/>\n\t<meta property=\"og:image:width\" content=\"800\" \/>\n\t<meta property=\"og:image:height\" content=\"546\" \/>\n\t<meta property=\"og:image:type\" content=\"image\/jpeg\" \/>\n<meta name=\"author\" content=\"Gesa\" \/>\n<meta name=\"twitter:label1\" content=\"Verfasst von\" \/>\n\t<meta name=\"twitter:data1\" content=\"Gesa\" \/>\n\t<meta name=\"twitter:label2\" content=\"Gesch\u00e4tzte Lesezeit\" \/>\n\t<meta name=\"twitter:data2\" content=\"2\u00a0Minuten\" \/>\n<script type=\"application\/ld+json\" class=\"yoast-schema-graph\">{\"@context\":\"https:\\\/\\\/schema.org\",\"@graph\":[{\"@type\":\"Article\",\"@id\":\"https:\\\/\\\/www.ge-sagt.de\\\/index.php\\\/ge-eist-birnen-vanille-sorbet\\\/#article\",\"isPartOf\":{\"@id\":\"https:\\\/\\\/www.ge-sagt.de\\\/index.php\\\/ge-eist-birnen-vanille-sorbet\\\/\"},\"author\":{\"name\":\"Gesa\",\"@id\":\"https:\\\/\\\/www.ge-sagt.de\\\/#\\\/schema\\\/person\\\/f6ec6da1209901fb058ae74d414f295d\"},\"headline\":\"Ge-eist: Birnen-Vanille-Sorbet\",\"datePublished\":\"2014-01-22T20:06:19+00:00\",\"dateModified\":\"2016-10-25T12:06:24+00:00\",\"mainEntityOfPage\":{\"@id\":\"https:\\\/\\\/www.ge-sagt.de\\\/index.php\\\/ge-eist-birnen-vanille-sorbet\\\/\"},\"wordCount\":409,\"commentCount\":4,\"image\":{\"@id\":\"https:\\\/\\\/www.ge-sagt.de\\\/index.php\\\/ge-eist-birnen-vanille-sorbet\\\/#primaryimage\"},\"thumbnailUrl\":\"https:\\\/\\\/www.ge-sagt.de\\\/wp-content\\\/uploads\\\/2014\\\/01\\\/Birnensorbet-2.jpg\",\"keywords\":[\"Birne\",\"Dessert\",\"Eis\",\"Nachtisch\",\"Sorbet\",\"Vanille\"],\"articleSection\":{\"1\":\"Ge-eist\",\"2\":\"Ge-kocht\",\"3\":\"Ge-tan\"},\"inLanguage\":\"de\",\"potentialAction\":[{\"@type\":\"CommentAction\",\"name\":\"Comment\",\"target\":[\"https:\\\/\\\/www.ge-sagt.de\\\/index.php\\\/ge-eist-birnen-vanille-sorbet\\\/#respond\"]}]},{\"@type\":\"WebPage\",\"@id\":\"https:\\\/\\\/www.ge-sagt.de\\\/index.php\\\/ge-eist-birnen-vanille-sorbet\\\/\",\"url\":\"https:\\\/\\\/www.ge-sagt.de\\\/index.php\\\/ge-eist-birnen-vanille-sorbet\\\/\",\"name\":\"Ge-eist: Birnen-Vanille-Sorbet\",\"isPartOf\":{\"@id\":\"https:\\\/\\\/www.ge-sagt.de\\\/#website\"},\"primaryImageOfPage\":{\"@id\":\"https:\\\/\\\/www.ge-sagt.de\\\/index.php\\\/ge-eist-birnen-vanille-sorbet\\\/#primaryimage\"},\"image\":{\"@id\":\"https:\\\/\\\/www.ge-sagt.de\\\/index.php\\\/ge-eist-birnen-vanille-sorbet\\\/#primaryimage\"},\"thumbnailUrl\":\"https:\\\/\\\/www.ge-sagt.de\\\/wp-content\\\/uploads\\\/2014\\\/01\\\/Birnensorbet-2.jpg\",\"datePublished\":\"2014-01-22T20:06:19+00:00\",\"dateModified\":\"2016-10-25T12:06:24+00:00\",\"author\":{\"@id\":\"https:\\\/\\\/www.ge-sagt.de\\\/#\\\/schema\\\/person\\\/f6ec6da1209901fb058ae74d414f295d\"},\"description\":\"In meinem Blog findet Ihr hier in der Rubrik Ge-eist ein Rezept f\u00fcr Birnen-Vanille-Sorbet\",\"breadcrumb\":{\"@id\":\"https:\\\/\\\/www.ge-sagt.de\\\/index.php\\\/ge-eist-birnen-vanille-sorbet\\\/#breadcrumb\"},\"inLanguage\":\"de\",\"potentialAction\":[{\"@type\":\"ReadAction\",\"target\":[\"https:\\\/\\\/www.ge-sagt.de\\\/index.php\\\/ge-eist-birnen-vanille-sorbet\\\/\"]}]},{\"@type\":\"ImageObject\",\"inLanguage\":\"de\",\"@id\":\"https:\\\/\\\/www.ge-sagt.de\\\/index.php\\\/ge-eist-birnen-vanille-sorbet\\\/#primaryimage\",\"url\":\"https:\\\/\\\/www.ge-sagt.de\\\/wp-content\\\/uploads\\\/2014\\\/01\\\/Birnensorbet-2.jpg\",\"contentUrl\":\"https:\\\/\\\/www.ge-sagt.de\\\/wp-content\\\/uploads\\\/2014\\\/01\\\/Birnensorbet-2.jpg\",\"width\":800,\"height\":546},{\"@type\":\"BreadcrumbList\",\"@id\":\"https:\\\/\\\/www.ge-sagt.de\\\/index.php\\\/ge-eist-birnen-vanille-sorbet\\\/#breadcrumb\",\"itemListElement\":[{\"@type\":\"ListItem\",\"position\":1,\"name\":\"Home\",\"item\":\"https:\\\/\\\/www.ge-sagt.de\\\/\"},{\"@type\":\"ListItem\",\"position\":2,\"name\":\"Ge-eist: Birnen-Vanille-Sorbet\"}]},{\"@type\":\"WebSite\",\"@id\":\"https:\\\/\\\/www.ge-sagt.de\\\/#website\",\"url\":\"https:\\\/\\\/www.ge-sagt.de\\\/\",\"name\":\"ge-sagt.de\",\"description\":\"Gesa denkt, sagt und tut auf diesem Blog\",\"potentialAction\":[{\"@type\":\"SearchAction\",\"target\":{\"@type\":\"EntryPoint\",\"urlTemplate\":\"https:\\\/\\\/www.ge-sagt.de\\\/?s={search_term_string}\"},\"query-input\":{\"@type\":\"PropertyValueSpecification\",\"valueRequired\":true,\"valueName\":\"search_term_string\"}}],\"inLanguage\":\"de\"},{\"@type\":\"Person\",\"@id\":\"https:\\\/\\\/www.ge-sagt.de\\\/#\\\/schema\\\/person\\\/f6ec6da1209901fb058ae74d414f295d\",\"name\":\"Gesa\",\"image\":{\"@type\":\"ImageObject\",\"inLanguage\":\"de\",\"@id\":\"https:\\\/\\\/secure.gravatar.com\\\/avatar\\\/b2210b745bd73a1286fa46a53ee66332ba91d4de884ca4cdeaa854740a7b03a0?s=96&d=mm&r=g\",\"url\":\"https:\\\/\\\/secure.gravatar.com\\\/avatar\\\/b2210b745bd73a1286fa46a53ee66332ba91d4de884ca4cdeaa854740a7b03a0?s=96&d=mm&r=g\",\"contentUrl\":\"https:\\\/\\\/secure.gravatar.com\\\/avatar\\\/b2210b745bd73a1286fa46a53ee66332ba91d4de884ca4cdeaa854740a7b03a0?s=96&d=mm&r=g\",\"caption\":\"Gesa\"},\"url\":\"https:\\\/\\\/www.ge-sagt.de\\\/index.php\\\/author\\\/gesa\\\/\"}]}<\/script>\n<!-- \/ Yoast SEO plugin. -->","yoast_head_json":{"title":"Ge-eist: Birnen-Vanille-Sorbet","description":"In meinem Blog findet Ihr hier in der Rubrik Ge-eist ein Rezept f\u00fcr Birnen-Vanille-Sorbet","robots":{"index":"index","follow":"follow","max-snippet":"max-snippet:-1","max-image-preview":"max-image-preview:large","max-video-preview":"max-video-preview:-1"},"canonical":"https:\/\/www.ge-sagt.de\/index.php\/ge-eist-birnen-vanille-sorbet\/","og_locale":"de_DE","og_type":"article","og_title":"Ge-eist: Birnen-Vanille-Sorbet","og_description":"In meinem Blog findet Ihr hier in der Rubrik Ge-eist ein Rezept f\u00fcr Birnen-Vanille-Sorbet","og_url":"https:\/\/www.ge-sagt.de\/index.php\/ge-eist-birnen-vanille-sorbet\/","og_site_name":"ge-sagt.de","article_published_time":"2014-01-22T20:06:19+00:00","article_modified_time":"2016-10-25T12:06:24+00:00","og_image":[{"width":800,"height":546,"url":"https:\/\/www.ge-sagt.de\/wp-content\/uploads\/2014\/01\/Birnensorbet-2.jpg","type":"image\/jpeg"}],"author":"Gesa","twitter_misc":{"Verfasst von":"Gesa","Gesch\u00e4tzte Lesezeit":"2\u00a0Minuten"},"schema":{"@context":"https:\/\/schema.org","@graph":[{"@type":"Article","@id":"https:\/\/www.ge-sagt.de\/index.php\/ge-eist-birnen-vanille-sorbet\/#article","isPartOf":{"@id":"https:\/\/www.ge-sagt.de\/index.php\/ge-eist-birnen-vanille-sorbet\/"},"author":{"name":"Gesa","@id":"https:\/\/www.ge-sagt.de\/#\/schema\/person\/f6ec6da1209901fb058ae74d414f295d"},"headline":"Ge-eist: Birnen-Vanille-Sorbet","datePublished":"2014-01-22T20:06:19+00:00","dateModified":"2016-10-25T12:06:24+00:00","mainEntityOfPage":{"@id":"https:\/\/www.ge-sagt.de\/index.php\/ge-eist-birnen-vanille-sorbet\/"},"wordCount":409,"commentCount":4,"image":{"@id":"https:\/\/www.ge-sagt.de\/index.php\/ge-eist-birnen-vanille-sorbet\/#primaryimage"},"thumbnailUrl":"https:\/\/www.ge-sagt.de\/wp-content\/uploads\/2014\/01\/Birnensorbet-2.jpg","keywords":["Birne","Dessert","Eis","Nachtisch","Sorbet","Vanille"],"articleSection":{"1":"Ge-eist","2":"Ge-kocht","3":"Ge-tan"},"inLanguage":"de","potentialAction":[{"@type":"CommentAction","name":"Comment","target":["https:\/\/www.ge-sagt.de\/index.php\/ge-eist-birnen-vanille-sorbet\/#respond"]}]},{"@type":"WebPage","@id":"https:\/\/www.ge-sagt.de\/index.php\/ge-eist-birnen-vanille-sorbet\/","url":"https:\/\/www.ge-sagt.de\/index.php\/ge-eist-birnen-vanille-sorbet\/","name":"Ge-eist: Birnen-Vanille-Sorbet","isPartOf":{"@id":"https:\/\/www.ge-sagt.de\/#website"},"primaryImageOfPage":{"@id":"https:\/\/www.ge-sagt.de\/index.php\/ge-eist-birnen-vanille-sorbet\/#primaryimage"},"image":{"@id":"https:\/\/www.ge-sagt.de\/index.php\/ge-eist-birnen-vanille-sorbet\/#primaryimage"},"thumbnailUrl":"https:\/\/www.ge-sagt.de\/wp-content\/uploads\/2014\/01\/Birnensorbet-2.jpg","datePublished":"2014-01-22T20:06:19+00:00","dateModified":"2016-10-25T12:06:24+00:00","author":{"@id":"https:\/\/www.ge-sagt.de\/#\/schema\/person\/f6ec6da1209901fb058ae74d414f295d"},"description":"In meinem Blog findet Ihr hier in der Rubrik Ge-eist ein Rezept f\u00fcr Birnen-Vanille-Sorbet","breadcrumb":{"@id":"https:\/\/www.ge-sagt.de\/index.php\/ge-eist-birnen-vanille-sorbet\/#breadcrumb"},"inLanguage":"de","potentialAction":[{"@type":"ReadAction","target":["https:\/\/www.ge-sagt.de\/index.php\/ge-eist-birnen-vanille-sorbet\/"]}]},{"@type":"ImageObject","inLanguage":"de","@id":"https:\/\/www.ge-sagt.de\/index.php\/ge-eist-birnen-vanille-sorbet\/#primaryimage","url":"https:\/\/www.ge-sagt.de\/wp-content\/uploads\/2014\/01\/Birnensorbet-2.jpg","contentUrl":"https:\/\/www.ge-sagt.de\/wp-content\/uploads\/2014\/01\/Birnensorbet-2.jpg","width":800,"height":546},{"@type":"BreadcrumbList","@id":"https:\/\/www.ge-sagt.de\/index.php\/ge-eist-birnen-vanille-sorbet\/#breadcrumb","itemListElement":[{"@type":"ListItem","position":1,"name":"Home","item":"https:\/\/www.ge-sagt.de\/"},{"@type":"ListItem","position":2,"name":"Ge-eist: Birnen-Vanille-Sorbet"}]},{"@type":"WebSite","@id":"https:\/\/www.ge-sagt.de\/#website","url":"https:\/\/www.ge-sagt.de\/","name":"ge-sagt.de","description":"Gesa denkt, sagt und tut auf diesem Blog","potentialAction":[{"@type":"SearchAction","target":{"@type":"EntryPoint","urlTemplate":"https:\/\/www.ge-sagt.de\/?s={search_term_string}"},"query-input":{"@type":"PropertyValueSpecification","valueRequired":true,"valueName":"search_term_string"}}],"inLanguage":"de"},{"@type":"Person","@id":"https:\/\/www.ge-sagt.de\/#\/schema\/person\/f6ec6da1209901fb058ae74d414f295d","name":"Gesa","image":{"@type":"ImageObject","inLanguage":"de","@id":"https:\/\/secure.gravatar.com\/avatar\/b2210b745bd73a1286fa46a53ee66332ba91d4de884ca4cdeaa854740a7b03a0?s=96&d=mm&r=g","url":"https:\/\/secure.gravatar.com\/avatar\/b2210b745bd73a1286fa46a53ee66332ba91d4de884ca4cdeaa854740a7b03a0?s=96&d=mm&r=g","contentUrl":"https:\/\/secure.gravatar.com\/avatar\/b2210b745bd73a1286fa46a53ee66332ba91d4de884ca4cdeaa854740a7b03a0?s=96&d=mm&r=g","caption":"Gesa"},"url":"https:\/\/www.ge-sagt.de\/index.php\/author\/gesa\/"}]}},"jetpack_publicize_connections":[],"jetpack_featured_media_url":"https:\/\/www.ge-sagt.de\/wp-content\/uploads\/2014\/01\/Birnensorbet-2.jpg","jetpack_shortlink":"https:\/\/wp.me\/p3aAW4-lH","jetpack_sharing_enabled":true,"_links":{"self":[{"href":"https:\/\/www.ge-sagt.de\/index.php\/wp-json\/wp\/v2\/posts\/1345","targetHints":{"allow":["GET"]}}],"collection":[{"href":"https:\/\/www.ge-sagt.de\/index.php\/wp-json\/wp\/v2\/posts"}],"about":[{"href":"https:\/\/www.ge-sagt.de\/index.php\/wp-json\/wp\/v2\/types\/post"}],"author":[{"embeddable":true,"href":"https:\/\/www.ge-sagt.de\/index.php\/wp-json\/wp\/v2\/users\/2"}],"replies":[{"embeddable":true,"href":"https:\/\/www.ge-sagt.de\/index.php\/wp-json\/wp\/v2\/comments?post=1345"}],"version-history":[{"count":10,"href":"https:\/\/www.ge-sagt.de\/index.php\/wp-json\/wp\/v2\/posts\/1345\/revisions"}],"predecessor-version":[{"id":2355,"href":"https:\/\/www.ge-sagt.de\/index.php\/wp-json\/wp\/v2\/posts\/1345\/revisions\/2355"}],"wp:featuredmedia":[{"embeddable":true,"href":"https:\/\/www.ge-sagt.de\/index.php\/wp-json\/wp\/v2\/media\/1348"}],"wp:attachment":[{"href":"https:\/\/www.ge-sagt.de\/index.php\/wp-json\/wp\/v2\/media?parent=1345"}],"wp:term":[{"taxonomy":"category","embeddable":true,"href":"https:\/\/www.ge-sagt.de\/index.php\/wp-json\/wp\/v2\/categories?post=1345"},{"taxonomy":"post_tag","embeddable":true,"href":"https:\/\/www.ge-sagt.de\/index.php\/wp-json\/wp\/v2\/tags?post=1345"}],"curies":[{"name":"wp","href":"https:\/\/api.w.org\/{rel}","templated":true}]}}