{"id":1283,"date":"2013-12-29T21:28:55","date_gmt":"2013-12-29T20:28:55","guid":{"rendered":"http:\/\/www.ge-sagt.de\/?p=1283"},"modified":"2018-07-29T21:51:41","modified_gmt":"2018-07-29T19:51:41","slug":"ge-sellig-raclette-essen","status":"publish","type":"post","link":"https:\/\/www.ge-sagt.de\/index.php\/ge-sellig-raclette-essen\/","title":{"rendered":"Ge-sellig: Raclette-Essen"},"content":{"rendered":"<p style=\"text-align: justify;\"><img decoding=\"async\" data-attachment-id=\"1293\" data-permalink=\"https:\/\/www.ge-sagt.de\/index.php\/ge-sellig-raclette-essen\/winter\/\" data-orig-file=\"https:\/\/www.ge-sagt.de\/wp-content\/uploads\/2013\/12\/winter.jpg\" data-orig-size=\"800,531\" data-comments-opened=\"1\" data-image-meta=\"{&quot;aperture&quot;:&quot;9&quot;,&quot;credit&quot;:&quot;Stefan Ihrke&quot;,&quot;camera&quot;:&quot;Canon EOS 300D DIGITAL&quot;,&quot;caption&quot;:&quot;&quot;,&quot;created_timestamp&quot;:&quot;1198586021&quot;,&quot;copyright&quot;:&quot;&quot;,&quot;focal_length&quot;:&quot;18&quot;,&quot;iso&quot;:&quot;100&quot;,&quot;shutter_speed&quot;:&quot;0.005&quot;,&quot;title&quot;:&quot;&quot;}\" data-image-title=\"winter\" data-image-description=\"\" data-image-caption=\"\" data-large-file=\"https:\/\/www.ge-sagt.de\/wp-content\/uploads\/2013\/12\/winter.jpg\" class=\"aligncenter wp-image-1293 size-medium\" src=\"http:\/\/www.ge-sagt.de\/wp-content\/uploads\/2013\/12\/winter-600x398.jpg\" alt=\"winter\" width=\"600\" height=\"398\" srcset=\"https:\/\/www.ge-sagt.de\/wp-content\/uploads\/2013\/12\/winter-451x300.jpg 451w, https:\/\/www.ge-sagt.de\/wp-content\/uploads\/2013\/12\/winter-600x398.jpg 600w, https:\/\/www.ge-sagt.de\/wp-content\/uploads\/2013\/12\/winter.jpg 800w\" sizes=\"(max-width: 600px) 100vw, 600px\" \/><\/p>\n<p><em>Werbung &#8211; oder Tipp &#8211; ganz wie man es sehen m\u00f6chte. Allerdings unbezahlt &#8211; ich habe aber einen Raclette Grill bekommen.<br \/>\n<\/em><\/p>\n<p style=\"text-align: justify;\">Ach, ich w\u00fcnschte es w\u00e4re noch etwas winterlicher hier in Hamburg! Das Bild oben ist leider vom letzten Jahr, momentan ist es hier nur grau in grau. Habt Ihr Eure Weihnachtsfeiertage genossen? Wir hatten sehr sch\u00f6ne Weihnachten! Nachdem der Stress vorher endlich \u00fcberstanden war, haben wir es uns Weihnachten ganz gem\u00fctlich gemacht. Den heiligen Abend haben wir in kleinem Familienkreis gefeiert, zu Dritt in Hamburg. Am ersten Weihnachtsfeiertag ging es dann zur gro\u00dfen Familienweihnachtsfeier nach Ostfriesland.Wir haben nat\u00fcrlich ordentlich geschlemmt und die freie Zeit genossen. Und auch jetzt nutzen wir die freien Tage noch f\u00fcr gem\u00fctliche Stunden. Diese Zeit ist f\u00fcr mich immer besonders sch\u00f6n, wenn man gesellig zusammen ist und einfach mal Mu\u00dfe hat sich gepflegt zu langweilen, zu lesen, sich treiben zu lassen und dann gem\u00fctlich zusammen zu essen. Daher liebe ich es im Moment besonders Fondue oder Raclette zuzubereiten. Wenn es drau\u00dfen auch noch richtig kalt und winterlich w\u00e4re, w\u00fcrde ein Raclette Essen noch besser passen, aber auch im regnerischen Hamburg ist es einfach sch\u00f6n in der Weihnachtszeit oder zu einer Silvester-Feier. Wir haben gerade einen wunderbaren Raclette-Abend erlebt, wollt Ihr mal unseren Tisch sehen?<\/p>\n<p style=\"text-align: center;\"><img decoding=\"async\" data-attachment-id=\"1286\" data-permalink=\"https:\/\/www.ge-sagt.de\/index.php\/ge-sellig-raclette-essen\/raclette-1\/\" data-orig-file=\"https:\/\/www.ge-sagt.de\/wp-content\/uploads\/2013\/12\/Raclette-1.jpg\" data-orig-size=\"524,800\" data-comments-opened=\"1\" data-image-meta=\"{&quot;aperture&quot;:&quot;6.3&quot;,&quot;credit&quot;:&quot;&quot;,&quot;camera&quot;:&quot;Canon EOS 1000D&quot;,&quot;caption&quot;:&quot;&quot;,&quot;created_timestamp&quot;:&quot;1388179172&quot;,&quot;copyright&quot;:&quot;&quot;,&quot;focal_length&quot;:&quot;50&quot;,&quot;iso&quot;:&quot;800&quot;,&quot;shutter_speed&quot;:&quot;0.025&quot;,&quot;title&quot;:&quot;&quot;}\" data-image-title=\"Raclette 1\" data-image-description=\"\" data-image-caption=\"&lt;p&gt;Raclette-Essen  Grill Zutaten&lt;\/p&gt;\n\" data-large-file=\"https:\/\/www.ge-sagt.de\/wp-content\/uploads\/2013\/12\/Raclette-1.jpg\" class=\" wp-image-1286 aligncenter\" title=\"Raclette-Essen Grill Zutaten\" src=\"http:\/\/www.ge-sagt.de\/wp-content\/uploads\/2013\/12\/Raclette-1.jpg\" alt=\"Raclette-Essen Grill Zutaten\" width=\"419\" height=\"640\" srcset=\"https:\/\/www.ge-sagt.de\/wp-content\/uploads\/2013\/12\/Raclette-1-196x300.jpg 196w, https:\/\/www.ge-sagt.de\/wp-content\/uploads\/2013\/12\/Raclette-1.jpg 524w\" sizes=\"(max-width: 419px) 100vw, 419px\" \/><\/p>\n<p style=\"text-align: justify;\">Gut, das ist nur ein Teilst\u00fcck des Tisches, aber ich habe mal versucht alle Zutaten die f\u00fcr mich zu einem Raclette-Essen dazu geh\u00f6ren zusammen zu fassen. Grunds\u00e4tzlich gilt dass bei dem modernen Raclette Essen der Vielfalt und Individualit\u00e4t keine Grenzen gesetzt sind. Man kann fast alles irgendwie in ein leckeres Pf\u00e4nnchen verwandeln. Besonders wichtig ist nat\u00fcrlich der K\u00e4se. Wie Ihr seht haben wir verschiedene K\u00e4sesorten verwendet und uns nicht nur auf den Raclette K\u00e4se beschr\u00e4nkt. Ich w\u00fcrde \u00fcbrigens empfehlen den K\u00e4se bei einem richtigen K\u00e4se-H\u00e4ndler zu kaufen. Die Qualit\u00e4t und damit der Geschmack ist wirklich deutlich besser und auch die Beratung bez\u00fcglich der K\u00e4seauswahl ist einfach ideal. Zus\u00e4tzlich zum Raclette K\u00e4se haben wir uns f\u00fcr einen reiferen Camembert und Ziegenfrischk\u00e4se (mit und ohne Speckmantel) entschieden. Eine sch\u00f6ne Zusammenstellung welche K\u00e4sesorten geeignet sind findet Ihr auf der Web-Seite von <a title=\"K\u00e4se-Empfehlungen von Raclette-Grill.net\" href=\"http:\/\/www.raclette-grill.net\/raclette-tipps\/kaesesorten-zum-raclette\/\" target=\"_blank\" rel=\"noopener\">Raclette-Grill,<\/a> dort gibt es auch noch weitere sch\u00f6ne Rezepte und Empfehlungen f\u00fcr Raclette-Grills, falls Ihr eine Neuanschaffung plant. Das lohnt sich \u00fcbrigens, wir haben vorher immer mit einem uralten Raclette gegrillt, die Hitze war nicht zu regulieren und die Grillplatte verbog sich nach 3 Minuten Hitzeeinwirkung. Bei den modernen Ger\u00e4ten ist das nat\u00fcrlich nicht mehr der Fall.<br \/>\nUnd was kann man noch in die Pf\u00e4nnchen werfen? Bei uns kommen fast immer Kartoffeln mit dazu, vorgekocht und in Scheiben geschnitten. Nat\u00fcrlich kann man wunderbar eine Scheibe Brot mit K\u00e4se \u00fcberbacken oder wie wir auch d\u00fcnne Scheiben von Serviettenkn\u00f6deln verwenden. Und dann k\u00f6nnt Ihr alles m\u00f6gliche an Gem\u00fcse benutzen. Frisches Gem\u00fcse wie Tomaten, Zucchini, Zwiebeln, Paprika etc. k\u00f6nnen in die Pf\u00e4nnchen oder auf die Grillplatte wandern, eingelegtes Gem\u00fcse wie Silberzwiebeln, Oliven, Gurken und \u00e4hnliches sind eher f\u00fcr die Pf\u00e4nnchen gedacht. Und f\u00fcr die Fleischliebhaber gibt es ebenfalls zwei M\u00f6glichkeiten: Bacon, Schinken oder \u00e4hnliches k\u00f6nnen in der Pfanne mit K\u00e4se \u00fcberbacken werden, Rinderflet, Lammlende oder H\u00fchnchen k\u00f6nnen aber auch auf der Grillplatte kurz und scharf angebraten werden. Dann bietet es sich an, das Fleisch vorher zu marinieren und in handliche kleine St\u00fccke zu schneiden. Und weil man bei so vielen M\u00f6glichkeiten ja kaum eine Entscheidung treffen kann findet Ihr hier unsere 3 Lieblingsvarianten an Pf\u00e4nnchen:<\/p>\n<p style=\"text-align: justify;\"><img decoding=\"async\" data-attachment-id=\"1300\" data-permalink=\"https:\/\/www.ge-sagt.de\/index.php\/ge-sellig-raclette-essen\/raclette-5\/\" data-orig-file=\"https:\/\/www.ge-sagt.de\/wp-content\/uploads\/2013\/12\/raclette-5.jpg\" data-orig-size=\"1700,400\" data-comments-opened=\"1\" data-image-meta=\"{&quot;aperture&quot;:&quot;0&quot;,&quot;credit&quot;:&quot;&quot;,&quot;camera&quot;:&quot;&quot;,&quot;caption&quot;:&quot;&quot;,&quot;created_timestamp&quot;:&quot;0&quot;,&quot;copyright&quot;:&quot;&quot;,&quot;focal_length&quot;:&quot;0&quot;,&quot;iso&quot;:&quot;0&quot;,&quot;shutter_speed&quot;:&quot;0&quot;,&quot;title&quot;:&quot;&quot;}\" data-image-title=\"raclette 5\" data-image-description=\"\" data-image-caption=\"\" data-large-file=\"https:\/\/www.ge-sagt.de\/wp-content\/uploads\/2013\/12\/raclette-5-1024x240.jpg\" class=\"aligncenter wp-image-1300 size-medium\" src=\"http:\/\/www.ge-sagt.de\/wp-content\/uploads\/2013\/12\/raclette-5-600x141.jpg\" alt=\"raclette 5\" width=\"600\" height=\"141\" srcset=\"https:\/\/www.ge-sagt.de\/wp-content\/uploads\/2013\/12\/raclette-5-500x117.jpg 500w, https:\/\/www.ge-sagt.de\/wp-content\/uploads\/2013\/12\/raclette-5-600x141.jpg 600w, https:\/\/www.ge-sagt.de\/wp-content\/uploads\/2013\/12\/raclette-5-1024x240.jpg 1024w, https:\/\/www.ge-sagt.de\/wp-content\/uploads\/2013\/12\/raclette-5.jpg 1700w\" sizes=\"(max-width: 600px) 100vw, 600px\" \/><\/p>\n<p style=\"text-align: justify;\">Pf\u00e4nnchen 1 besteht aus Kartoffelscheiben, Camembert und Oliven, Pf\u00e4nnchen 2 setzt sich aus einer d\u00fcnnen Scheibe Serviettenkn\u00f6del, einer marinierte Zucchinicheibe und darauf in Bacon gewickelter Ziegenfrischk\u00f6se zusammen. In Pf\u00e4nnchen 3 findet Ihr Kartoffeln, Weintrauben, ein Hauch Tr\u00fcffelbutter und Raclette-K\u00e4se. Richtig lecker ist es \u00fcbrigens auch wenn man noch verquirlte Eier benutzt und daraus in den Pf\u00e4nnchen eine Art Tortilla (also Omelette) herstellt. Also frische Beilage zum Raclette oder auch als Vorspeise habe ich einen knackigen leichten Salat gew\u00e4hlt.<\/p>\n<p style=\"text-align: justify;\"><img decoding=\"async\" data-attachment-id=\"1287\" data-permalink=\"https:\/\/www.ge-sagt.de\/index.php\/ge-sellig-raclette-essen\/raclette-2\/\" data-orig-file=\"https:\/\/www.ge-sagt.de\/wp-content\/uploads\/2013\/12\/Raclette-2.jpg\" data-orig-size=\"618,800\" data-comments-opened=\"1\" data-image-meta=\"{&quot;aperture&quot;:&quot;6.3&quot;,&quot;credit&quot;:&quot;&quot;,&quot;camera&quot;:&quot;Canon EOS 1000D&quot;,&quot;caption&quot;:&quot;&quot;,&quot;created_timestamp&quot;:&quot;1388179858&quot;,&quot;copyright&quot;:&quot;&quot;,&quot;focal_length&quot;:&quot;50&quot;,&quot;iso&quot;:&quot;800&quot;,&quot;shutter_speed&quot;:&quot;0.025&quot;,&quot;title&quot;:&quot;&quot;}\" data-image-title=\"Raclette 2\" data-image-description=\"\" data-image-caption=\"\" data-large-file=\"https:\/\/www.ge-sagt.de\/wp-content\/uploads\/2013\/12\/Raclette-2.jpg\" class=\"aligncenter wp-image-1287 size-medium\" title=\"Fenchel-Salat mit Waln\u00fcssen und Weintrauben\" src=\"http:\/\/www.ge-sagt.de\/wp-content\/uploads\/2013\/12\/Raclette-2-600x776.jpg\" alt=\"Raclette 2\" width=\"600\" height=\"776\" srcset=\"https:\/\/www.ge-sagt.de\/wp-content\/uploads\/2013\/12\/Raclette-2-231x300.jpg 231w, https:\/\/www.ge-sagt.de\/wp-content\/uploads\/2013\/12\/Raclette-2-600x776.jpg 600w, https:\/\/www.ge-sagt.de\/wp-content\/uploads\/2013\/12\/Raclette-2.jpg 618w\" sizes=\"(max-width: 600px) 100vw, 600px\" \/><\/p>\n<p style=\"text-align: justify;\">Dazu habe ich Fenchelknollen in hauchd\u00fcnne Scheiben geschnitten und zun\u00e4chst mit den H\u00e4nden ordentlich durchgeknetet (das macht den Fenchel etwas weicher). Dazu habe ich kleine kernlose Weintrauben und Waln\u00fcsse gegeben und eine einfache Marinade aus Oliven\u00f6l, Zitrone, Salz und Pfeffer gemacht. Damit ist dieser Salat sch\u00f6n frisch, schnell vorbereitet und eine tolle Erg\u00e4nzung zu einem etwas schweren Essen mit viel K\u00e4se.<\/p>\n<p style=\"text-align: justify;\"><img decoding=\"async\" data-attachment-id=\"1289\" data-permalink=\"https:\/\/www.ge-sagt.de\/index.php\/ge-sellig-raclette-essen\/raclette-4\/\" data-orig-file=\"https:\/\/www.ge-sagt.de\/wp-content\/uploads\/2013\/12\/Raclette-4.jpg\" data-orig-size=\"533,800\" data-comments-opened=\"1\" data-image-meta=\"{&quot;aperture&quot;:&quot;1.8&quot;,&quot;credit&quot;:&quot;&quot;,&quot;camera&quot;:&quot;Canon EOS 1000D&quot;,&quot;caption&quot;:&quot;&quot;,&quot;created_timestamp&quot;:&quot;1388181601&quot;,&quot;copyright&quot;:&quot;&quot;,&quot;focal_length&quot;:&quot;50&quot;,&quot;iso&quot;:&quot;400&quot;,&quot;shutter_speed&quot;:&quot;0.02&quot;,&quot;title&quot;:&quot;&quot;}\" data-image-title=\"Raclette 4\" data-image-description=\"\" data-image-caption=\"\" data-large-file=\"https:\/\/www.ge-sagt.de\/wp-content\/uploads\/2013\/12\/Raclette-4.jpg\" class=\"aligncenter wp-image-1289\" src=\"http:\/\/www.ge-sagt.de\/wp-content\/uploads\/2013\/12\/Raclette-4.jpg\" alt=\"Raclette 4\" width=\"426\" height=\"640\" srcset=\"https:\/\/www.ge-sagt.de\/wp-content\/uploads\/2013\/12\/Raclette-4-199x300.jpg 199w, https:\/\/www.ge-sagt.de\/wp-content\/uploads\/2013\/12\/Raclette-4.jpg 533w\" sizes=\"(max-width: 426px) 100vw, 426px\" \/><\/p>\n<p style=\"text-align: justify;\">Und dann kann man ja sogar noch den Nachtisch in den Raclette Pf\u00e4nnchen machen! Ihr k\u00f6nnt zum Beispiel den Clafouti-Teig von <a title=\"Ge-backen: Super Dessert Clafoutis\" href=\"http:\/\/www.ge-sagt.de\/index.php\/ge-backen-super-dessert-clafoutis\/\">Hier<\/a> in den Pf\u00e4nnchen backen. Oder man br\u00e4t ein bi\u00dfchen Obst mit N\u00fcssen und Ahornsirup in den Pf\u00e4nnchen und serviert das Ganze mit Eis. F\u00fcr eine Schokoladensauce kr\u00fcmelt man einfach ein paar Weihnachtsmann-Reste hinzu. Oder, wenn man wie wir eine Grillplatte hat die man wenden kann und damit auf der einen Seite auch eine glatte Fl\u00e4che zur Verf\u00fcgung steht, man backt oben ein paar Pfannkuchen. Und man kann <a title=\"Bratapfel Rezept f\u00fcr Raclette auf Raclette-Grill.net\" href=\"http:\/\/www.raclette-grill.net\/raclette-rezepte\/weihnachtszeit-bratapfel-zeit\/\" target=\"_blank\" rel=\"noopener\">Brat\u00e4pfel<\/a> im Raclette Grill zubereiten. Ach, ich k\u00f6nnte die ganze Zeit neue Sachen auf dem Raclette ausprobieren, aber leider ist man ja irgendwann satt. Was sind denn Eure liebsten Raclette-Rezepte?<\/p>\n<p style=\"text-align: justify;\">Viele weitere gute Tipps zum Thema Raclette Essen findet Ihr beim Informationsportal von <a title=\"Informationsportal Raclette-Grill\" href=\"http:\/\/www.raclette-grill.net\/\" target=\"_blank\" rel=\"noopener\">Raclette-Grill<\/a> oder auf dieser Seite von <a title=\"Raclette Rezepte auf livingathome\" href=\"http:\/\/www.livingathome.de\/kueche\/raclette-85361.html\" target=\"_blank\" rel=\"noopener\">living at home<\/a>.<\/p>\n<p style=\"text-align: justify;\">Liebe Gr\u00fc\u00dfe<br \/>\nGesa<\/p>\n<p style=\"text-align: justify;\">P.S. Dieser Beitrag ist gesponsert von Raclette-Grill.net die mir freundlicherweise den Raclette-Grill\u00a0 RG 2685 von Severin zur Verf\u00fcgung gestellt haben. Meine Meinung zum Raclette Essen und den genannten Rezeptempfehlungen ist davon nat\u00fcrlich unabh\u00e4ngig.<\/p>\n<p>&nbsp;<\/p>\n<p>&nbsp;<\/p>\n<p>&nbsp;<\/p>\n","protected":false},"excerpt":{"rendered":"<p>Werbung &#8211; oder Tipp &#8211; ganz wie man es sehen m\u00f6chte. Allerdings unbezahlt &#8211; ich habe aber einen Raclette Grill bekommen. Ach, ich w\u00fcnschte es w\u00e4re noch etwas winterlicher hier in Hamburg! Das Bild oben ist leider vom letzten Jahr, momentan ist es hier nur grau in grau. Habt Ihr Eure Weihnachtsfeiertage genossen? Wir hatten [&hellip;]<\/p>\n","protected":false},"author":2,"featured_media":1286,"comment_status":"open","ping_status":"open","sticky":false,"template":"","format":"standard","meta":{"jetpack_post_was_ever_published":false,"_jetpack_newsletter_access":"","_jetpack_dont_email_post_to_subs":true,"_jetpack_newsletter_tier_id":0,"_jetpack_memberships_contains_paywalled_content":false,"_jetpack_memberships_contains_paid_content":false,"footnotes":"","jetpack_publicize_message":"","jetpack_publicize_feature_enabled":true,"jetpack_social_post_already_shared":true,"jetpack_social_options":{"image_generator_settings":{"template":"highway","default_image_id":0,"font":"","enabled":false},"version":2}},"categories":[1,17,10],"tags":[101,249,248,247],"class_list":["post-1283","post","type-post","status-publish","format-standard","has-post-thumbnail","hentry","category-allgemein","category-ge-backen","category-ge-kocht","tag-freunde","tag-grillen","tag-kaese","tag-raclette"],"yoast_head":"<!-- This site is optimized with the Yoast SEO plugin v27.4 - https:\/\/yoast.com\/product\/yoast-seo-wordpress\/ -->\n<title>Ge-sellig: Raclette-Essen<\/title>\n<meta name=\"description\" content=\"Ge-sellig: Raclette-Essen - leckere Rezepte und Tipps rund um den Raclette Grill und das Raclette Essen\" \/>\n<meta name=\"robots\" content=\"index, follow, max-snippet:-1, max-image-preview:large, max-video-preview:-1\" \/>\n<link rel=\"canonical\" href=\"https:\/\/www.ge-sagt.de\/index.php\/ge-sellig-raclette-essen\/\" \/>\n<meta property=\"og:locale\" content=\"de_DE\" \/>\n<meta property=\"og:type\" content=\"article\" \/>\n<meta property=\"og:title\" content=\"Ge-sellig: Raclette-Essen\" \/>\n<meta property=\"og:description\" content=\"Ge-sellig: Raclette-Essen - leckere Rezepte und Tipps rund um den Raclette Grill und das Raclette Essen\" \/>\n<meta property=\"og:url\" content=\"https:\/\/www.ge-sagt.de\/index.php\/ge-sellig-raclette-essen\/\" \/>\n<meta property=\"og:site_name\" content=\"ge-sagt.de\" \/>\n<meta property=\"article:published_time\" content=\"2013-12-29T20:28:55+00:00\" \/>\n<meta property=\"article:modified_time\" content=\"2018-07-29T19:51:41+00:00\" \/>\n<meta property=\"og:image\" content=\"https:\/\/www.ge-sagt.de\/wp-content\/uploads\/2013\/12\/Raclette-1.jpg\" \/>\n\t<meta property=\"og:image:width\" content=\"524\" \/>\n\t<meta property=\"og:image:height\" content=\"800\" \/>\n\t<meta property=\"og:image:type\" content=\"image\/jpeg\" \/>\n<meta name=\"author\" content=\"Gesa\" \/>\n<meta name=\"twitter:label1\" content=\"Verfasst von\" \/>\n\t<meta name=\"twitter:data1\" content=\"Gesa\" \/>\n\t<meta name=\"twitter:label2\" content=\"Gesch\u00e4tzte Lesezeit\" \/>\n\t<meta name=\"twitter:data2\" content=\"5\u00a0Minuten\" \/>\n<script type=\"application\/ld+json\" class=\"yoast-schema-graph\">{\"@context\":\"https:\\\/\\\/schema.org\",\"@graph\":[{\"@type\":\"Article\",\"@id\":\"https:\\\/\\\/www.ge-sagt.de\\\/index.php\\\/ge-sellig-raclette-essen\\\/#article\",\"isPartOf\":{\"@id\":\"https:\\\/\\\/www.ge-sagt.de\\\/index.php\\\/ge-sellig-raclette-essen\\\/\"},\"author\":{\"name\":\"Gesa\",\"@id\":\"https:\\\/\\\/www.ge-sagt.de\\\/#\\\/schema\\\/person\\\/f6ec6da1209901fb058ae74d414f295d\"},\"headline\":\"Ge-sellig: Raclette-Essen\",\"datePublished\":\"2013-12-29T20:28:55+00:00\",\"dateModified\":\"2018-07-29T19:51:41+00:00\",\"mainEntityOfPage\":{\"@id\":\"https:\\\/\\\/www.ge-sagt.de\\\/index.php\\\/ge-sellig-raclette-essen\\\/\"},\"wordCount\":980,\"commentCount\":0,\"image\":{\"@id\":\"https:\\\/\\\/www.ge-sagt.de\\\/index.php\\\/ge-sellig-raclette-essen\\\/#primaryimage\"},\"thumbnailUrl\":\"https:\\\/\\\/www.ge-sagt.de\\\/wp-content\\\/uploads\\\/2013\\\/12\\\/Raclette-1.jpg\",\"keywords\":[\"Freunde\",\"Grillen\",\"K\u00e4se\",\"Raclette\"],\"articleSection\":{\"1\":\"Ge-backen\",\"2\":\"Ge-kocht\"},\"inLanguage\":\"de\",\"potentialAction\":[{\"@type\":\"CommentAction\",\"name\":\"Comment\",\"target\":[\"https:\\\/\\\/www.ge-sagt.de\\\/index.php\\\/ge-sellig-raclette-essen\\\/#respond\"]}]},{\"@type\":\"WebPage\",\"@id\":\"https:\\\/\\\/www.ge-sagt.de\\\/index.php\\\/ge-sellig-raclette-essen\\\/\",\"url\":\"https:\\\/\\\/www.ge-sagt.de\\\/index.php\\\/ge-sellig-raclette-essen\\\/\",\"name\":\"Ge-sellig: Raclette-Essen\",\"isPartOf\":{\"@id\":\"https:\\\/\\\/www.ge-sagt.de\\\/#website\"},\"primaryImageOfPage\":{\"@id\":\"https:\\\/\\\/www.ge-sagt.de\\\/index.php\\\/ge-sellig-raclette-essen\\\/#primaryimage\"},\"image\":{\"@id\":\"https:\\\/\\\/www.ge-sagt.de\\\/index.php\\\/ge-sellig-raclette-essen\\\/#primaryimage\"},\"thumbnailUrl\":\"https:\\\/\\\/www.ge-sagt.de\\\/wp-content\\\/uploads\\\/2013\\\/12\\\/Raclette-1.jpg\",\"datePublished\":\"2013-12-29T20:28:55+00:00\",\"dateModified\":\"2018-07-29T19:51:41+00:00\",\"author\":{\"@id\":\"https:\\\/\\\/www.ge-sagt.de\\\/#\\\/schema\\\/person\\\/f6ec6da1209901fb058ae74d414f295d\"},\"description\":\"Ge-sellig: Raclette-Essen - leckere Rezepte und Tipps rund um den Raclette Grill und das Raclette Essen\",\"breadcrumb\":{\"@id\":\"https:\\\/\\\/www.ge-sagt.de\\\/index.php\\\/ge-sellig-raclette-essen\\\/#breadcrumb\"},\"inLanguage\":\"de\",\"potentialAction\":[{\"@type\":\"ReadAction\",\"target\":[\"https:\\\/\\\/www.ge-sagt.de\\\/index.php\\\/ge-sellig-raclette-essen\\\/\"]}]},{\"@type\":\"ImageObject\",\"inLanguage\":\"de\",\"@id\":\"https:\\\/\\\/www.ge-sagt.de\\\/index.php\\\/ge-sellig-raclette-essen\\\/#primaryimage\",\"url\":\"https:\\\/\\\/www.ge-sagt.de\\\/wp-content\\\/uploads\\\/2013\\\/12\\\/Raclette-1.jpg\",\"contentUrl\":\"https:\\\/\\\/www.ge-sagt.de\\\/wp-content\\\/uploads\\\/2013\\\/12\\\/Raclette-1.jpg\",\"width\":524,\"height\":800,\"caption\":\"Raclette-Essen Grill Zutaten\"},{\"@type\":\"BreadcrumbList\",\"@id\":\"https:\\\/\\\/www.ge-sagt.de\\\/index.php\\\/ge-sellig-raclette-essen\\\/#breadcrumb\",\"itemListElement\":[{\"@type\":\"ListItem\",\"position\":1,\"name\":\"Home\",\"item\":\"https:\\\/\\\/www.ge-sagt.de\\\/\"},{\"@type\":\"ListItem\",\"position\":2,\"name\":\"Ge-sellig: Raclette-Essen\"}]},{\"@type\":\"WebSite\",\"@id\":\"https:\\\/\\\/www.ge-sagt.de\\\/#website\",\"url\":\"https:\\\/\\\/www.ge-sagt.de\\\/\",\"name\":\"ge-sagt.de\",\"description\":\"Gesa denkt, sagt und tut auf diesem Blog\",\"potentialAction\":[{\"@type\":\"SearchAction\",\"target\":{\"@type\":\"EntryPoint\",\"urlTemplate\":\"https:\\\/\\\/www.ge-sagt.de\\\/?s={search_term_string}\"},\"query-input\":{\"@type\":\"PropertyValueSpecification\",\"valueRequired\":true,\"valueName\":\"search_term_string\"}}],\"inLanguage\":\"de\"},{\"@type\":\"Person\",\"@id\":\"https:\\\/\\\/www.ge-sagt.de\\\/#\\\/schema\\\/person\\\/f6ec6da1209901fb058ae74d414f295d\",\"name\":\"Gesa\",\"image\":{\"@type\":\"ImageObject\",\"inLanguage\":\"de\",\"@id\":\"https:\\\/\\\/secure.gravatar.com\\\/avatar\\\/b2210b745bd73a1286fa46a53ee66332ba91d4de884ca4cdeaa854740a7b03a0?s=96&d=mm&r=g\",\"url\":\"https:\\\/\\\/secure.gravatar.com\\\/avatar\\\/b2210b745bd73a1286fa46a53ee66332ba91d4de884ca4cdeaa854740a7b03a0?s=96&d=mm&r=g\",\"contentUrl\":\"https:\\\/\\\/secure.gravatar.com\\\/avatar\\\/b2210b745bd73a1286fa46a53ee66332ba91d4de884ca4cdeaa854740a7b03a0?s=96&d=mm&r=g\",\"caption\":\"Gesa\"},\"url\":\"https:\\\/\\\/www.ge-sagt.de\\\/index.php\\\/author\\\/gesa\\\/\"}]}<\/script>\n<!-- \/ Yoast SEO plugin. -->","yoast_head_json":{"title":"Ge-sellig: Raclette-Essen","description":"Ge-sellig: Raclette-Essen - leckere Rezepte und Tipps rund um den Raclette Grill und das Raclette Essen","robots":{"index":"index","follow":"follow","max-snippet":"max-snippet:-1","max-image-preview":"max-image-preview:large","max-video-preview":"max-video-preview:-1"},"canonical":"https:\/\/www.ge-sagt.de\/index.php\/ge-sellig-raclette-essen\/","og_locale":"de_DE","og_type":"article","og_title":"Ge-sellig: Raclette-Essen","og_description":"Ge-sellig: Raclette-Essen - leckere Rezepte und Tipps rund um den Raclette Grill und das Raclette Essen","og_url":"https:\/\/www.ge-sagt.de\/index.php\/ge-sellig-raclette-essen\/","og_site_name":"ge-sagt.de","article_published_time":"2013-12-29T20:28:55+00:00","article_modified_time":"2018-07-29T19:51:41+00:00","og_image":[{"width":524,"height":800,"url":"https:\/\/www.ge-sagt.de\/wp-content\/uploads\/2013\/12\/Raclette-1.jpg","type":"image\/jpeg"}],"author":"Gesa","twitter_misc":{"Verfasst von":"Gesa","Gesch\u00e4tzte Lesezeit":"5\u00a0Minuten"},"schema":{"@context":"https:\/\/schema.org","@graph":[{"@type":"Article","@id":"https:\/\/www.ge-sagt.de\/index.php\/ge-sellig-raclette-essen\/#article","isPartOf":{"@id":"https:\/\/www.ge-sagt.de\/index.php\/ge-sellig-raclette-essen\/"},"author":{"name":"Gesa","@id":"https:\/\/www.ge-sagt.de\/#\/schema\/person\/f6ec6da1209901fb058ae74d414f295d"},"headline":"Ge-sellig: Raclette-Essen","datePublished":"2013-12-29T20:28:55+00:00","dateModified":"2018-07-29T19:51:41+00:00","mainEntityOfPage":{"@id":"https:\/\/www.ge-sagt.de\/index.php\/ge-sellig-raclette-essen\/"},"wordCount":980,"commentCount":0,"image":{"@id":"https:\/\/www.ge-sagt.de\/index.php\/ge-sellig-raclette-essen\/#primaryimage"},"thumbnailUrl":"https:\/\/www.ge-sagt.de\/wp-content\/uploads\/2013\/12\/Raclette-1.jpg","keywords":["Freunde","Grillen","K\u00e4se","Raclette"],"articleSection":{"1":"Ge-backen","2":"Ge-kocht"},"inLanguage":"de","potentialAction":[{"@type":"CommentAction","name":"Comment","target":["https:\/\/www.ge-sagt.de\/index.php\/ge-sellig-raclette-essen\/#respond"]}]},{"@type":"WebPage","@id":"https:\/\/www.ge-sagt.de\/index.php\/ge-sellig-raclette-essen\/","url":"https:\/\/www.ge-sagt.de\/index.php\/ge-sellig-raclette-essen\/","name":"Ge-sellig: Raclette-Essen","isPartOf":{"@id":"https:\/\/www.ge-sagt.de\/#website"},"primaryImageOfPage":{"@id":"https:\/\/www.ge-sagt.de\/index.php\/ge-sellig-raclette-essen\/#primaryimage"},"image":{"@id":"https:\/\/www.ge-sagt.de\/index.php\/ge-sellig-raclette-essen\/#primaryimage"},"thumbnailUrl":"https:\/\/www.ge-sagt.de\/wp-content\/uploads\/2013\/12\/Raclette-1.jpg","datePublished":"2013-12-29T20:28:55+00:00","dateModified":"2018-07-29T19:51:41+00:00","author":{"@id":"https:\/\/www.ge-sagt.de\/#\/schema\/person\/f6ec6da1209901fb058ae74d414f295d"},"description":"Ge-sellig: Raclette-Essen - leckere Rezepte und Tipps rund um den Raclette Grill und das Raclette Essen","breadcrumb":{"@id":"https:\/\/www.ge-sagt.de\/index.php\/ge-sellig-raclette-essen\/#breadcrumb"},"inLanguage":"de","potentialAction":[{"@type":"ReadAction","target":["https:\/\/www.ge-sagt.de\/index.php\/ge-sellig-raclette-essen\/"]}]},{"@type":"ImageObject","inLanguage":"de","@id":"https:\/\/www.ge-sagt.de\/index.php\/ge-sellig-raclette-essen\/#primaryimage","url":"https:\/\/www.ge-sagt.de\/wp-content\/uploads\/2013\/12\/Raclette-1.jpg","contentUrl":"https:\/\/www.ge-sagt.de\/wp-content\/uploads\/2013\/12\/Raclette-1.jpg","width":524,"height":800,"caption":"Raclette-Essen Grill Zutaten"},{"@type":"BreadcrumbList","@id":"https:\/\/www.ge-sagt.de\/index.php\/ge-sellig-raclette-essen\/#breadcrumb","itemListElement":[{"@type":"ListItem","position":1,"name":"Home","item":"https:\/\/www.ge-sagt.de\/"},{"@type":"ListItem","position":2,"name":"Ge-sellig: Raclette-Essen"}]},{"@type":"WebSite","@id":"https:\/\/www.ge-sagt.de\/#website","url":"https:\/\/www.ge-sagt.de\/","name":"ge-sagt.de","description":"Gesa denkt, sagt und tut auf diesem Blog","potentialAction":[{"@type":"SearchAction","target":{"@type":"EntryPoint","urlTemplate":"https:\/\/www.ge-sagt.de\/?s={search_term_string}"},"query-input":{"@type":"PropertyValueSpecification","valueRequired":true,"valueName":"search_term_string"}}],"inLanguage":"de"},{"@type":"Person","@id":"https:\/\/www.ge-sagt.de\/#\/schema\/person\/f6ec6da1209901fb058ae74d414f295d","name":"Gesa","image":{"@type":"ImageObject","inLanguage":"de","@id":"https:\/\/secure.gravatar.com\/avatar\/b2210b745bd73a1286fa46a53ee66332ba91d4de884ca4cdeaa854740a7b03a0?s=96&d=mm&r=g","url":"https:\/\/secure.gravatar.com\/avatar\/b2210b745bd73a1286fa46a53ee66332ba91d4de884ca4cdeaa854740a7b03a0?s=96&d=mm&r=g","contentUrl":"https:\/\/secure.gravatar.com\/avatar\/b2210b745bd73a1286fa46a53ee66332ba91d4de884ca4cdeaa854740a7b03a0?s=96&d=mm&r=g","caption":"Gesa"},"url":"https:\/\/www.ge-sagt.de\/index.php\/author\/gesa\/"}]}},"jetpack_publicize_connections":[],"jetpack_featured_media_url":"https:\/\/www.ge-sagt.de\/wp-content\/uploads\/2013\/12\/Raclette-1.jpg","jetpack_shortlink":"https:\/\/wp.me\/p3aAW4-kH","jetpack_sharing_enabled":true,"_links":{"self":[{"href":"https:\/\/www.ge-sagt.de\/index.php\/wp-json\/wp\/v2\/posts\/1283","targetHints":{"allow":["GET"]}}],"collection":[{"href":"https:\/\/www.ge-sagt.de\/index.php\/wp-json\/wp\/v2\/posts"}],"about":[{"href":"https:\/\/www.ge-sagt.de\/index.php\/wp-json\/wp\/v2\/types\/post"}],"author":[{"embeddable":true,"href":"https:\/\/www.ge-sagt.de\/index.php\/wp-json\/wp\/v2\/users\/2"}],"replies":[{"embeddable":true,"href":"https:\/\/www.ge-sagt.de\/index.php\/wp-json\/wp\/v2\/comments?post=1283"}],"version-history":[{"count":17,"href":"https:\/\/www.ge-sagt.de\/index.php\/wp-json\/wp\/v2\/posts\/1283\/revisions"}],"predecessor-version":[{"id":2456,"href":"https:\/\/www.ge-sagt.de\/index.php\/wp-json\/wp\/v2\/posts\/1283\/revisions\/2456"}],"wp:featuredmedia":[{"embeddable":true,"href":"https:\/\/www.ge-sagt.de\/index.php\/wp-json\/wp\/v2\/media\/1286"}],"wp:attachment":[{"href":"https:\/\/www.ge-sagt.de\/index.php\/wp-json\/wp\/v2\/media?parent=1283"}],"wp:term":[{"taxonomy":"category","embeddable":true,"href":"https:\/\/www.ge-sagt.de\/index.php\/wp-json\/wp\/v2\/categories?post=1283"},{"taxonomy":"post_tag","embeddable":true,"href":"https:\/\/www.ge-sagt.de\/index.php\/wp-json\/wp\/v2\/tags?post=1283"}],"curies":[{"name":"wp","href":"https:\/\/api.w.org\/{rel}","templated":true}]}}