{"id":1075,"date":"2013-11-11T08:00:27","date_gmt":"2013-11-11T07:00:27","guid":{"rendered":"http:\/\/www.ge-sagt.de\/?p=1075"},"modified":"2016-10-25T14:06:26","modified_gmt":"2016-10-25T12:06:26","slug":"ge-schluerft-virtual-coffee","status":"publish","type":"post","link":"https:\/\/www.ge-sagt.de\/index.php\/ge-schluerft-virtual-coffee\/","title":{"rendered":"Ge-schl\u00fcrft: Virtual Coffee am Montag Morgen IV"},"content":{"rendered":"<p><img decoding=\"async\" data-attachment-id=\"1078\" data-permalink=\"https:\/\/www.ge-sagt.de\/index.php\/ge-schluerft-virtual-coffee\/vcm-3\/\" data-orig-file=\"https:\/\/www.ge-sagt.de\/wp-content\/uploads\/2013\/11\/VCM-3.jpg\" data-orig-size=\"600,800\" data-comments-opened=\"1\" data-image-meta=\"{&quot;aperture&quot;:&quot;2.4&quot;,&quot;credit&quot;:&quot;&quot;,&quot;camera&quot;:&quot;iPhone 4S&quot;,&quot;caption&quot;:&quot;&quot;,&quot;created_timestamp&quot;:&quot;1384101773&quot;,&quot;copyright&quot;:&quot;&quot;,&quot;focal_length&quot;:&quot;4.28&quot;,&quot;iso&quot;:&quot;64&quot;,&quot;shutter_speed&quot;:&quot;0.033333333333333&quot;,&quot;title&quot;:&quot;&quot;}\" data-image-title=\"VCM 3\" data-image-description=\"\" data-image-caption=\"\" data-large-file=\"https:\/\/www.ge-sagt.de\/wp-content\/uploads\/2013\/11\/VCM-3.jpg\" class=\"aligncenter size-full wp-image-1078\" src=\"http:\/\/www.ge-sagt.de\/wp-content\/uploads\/2013\/11\/VCM-3.jpg\" alt=\"VCM 3\" width=\"600\" height=\"800\" srcset=\"https:\/\/www.ge-sagt.de\/wp-content\/uploads\/2013\/11\/VCM-3-225x300.jpg 225w, https:\/\/www.ge-sagt.de\/wp-content\/uploads\/2013\/11\/VCM-3.jpg 600w\" sizes=\"(max-width: 600px) 100vw, 600px\" \/><\/p>\n<p style=\"text-align: justify;\">Am Sonntag gab es diesen perfekten Moment! Seht Ihr diesen Sonnenuntergang?\u00a0 Ich konnte nur noch atemlos auf die Elbe blicken und genie\u00dfen. In solchen Momenten kann ich noch immer nicht glauben, dass ich Landei in dieser wunderbaren gro\u00dfen Stadt lebe, und das nun schon seit 11 Jahren. Damit lade ich Euch zu einem virtuellen Kaffee ein um kurz \u00fcber unser Wochenende zu berichten. Ich folge damit der Initiative von Bine mit ihrem Blog &#8222;<a title=\"Bines Blog\" href=\"http:\/\/www.waseigenes.com\/category\/virtual-coffee\/\" target=\"_blank\">was eigenes<\/a>&#8222;. Bine hat die regelm\u00e4\u00dfige Kolumne leider aufgegeben, ich finde den Aufruf aber so sch\u00f6n, dass ich ab und an die Rubrik wieder aufnehmen werde.<br \/>\nWir waren das letzte Wochenende unterwegs in Ostfriesland, so dass wir dieses Wochenende in bisschen Erholung n\u00f6tig hatten. Daher haben wir den Samstag ganz gem\u00fctlich angehen lassen und erst mal nichts unternommen. Ich habe gekocht und einen Kuchen gebacken &#8211; ein Test der es bald in den Blog schaffe wird.<\/p>\n<p style=\"text-align: justify;\">\n<img decoding=\"async\" data-attachment-id=\"1080\" data-permalink=\"https:\/\/www.ge-sagt.de\/index.php\/ge-schluerft-virtual-coffee\/vcm-5\/\" data-orig-file=\"https:\/\/www.ge-sagt.de\/wp-content\/uploads\/2013\/11\/VCM-5.jpg\" data-orig-size=\"600,800\" data-comments-opened=\"1\" data-image-meta=\"{&quot;aperture&quot;:&quot;2.4&quot;,&quot;credit&quot;:&quot;&quot;,&quot;camera&quot;:&quot;iPhone 4S&quot;,&quot;caption&quot;:&quot;&quot;,&quot;created_timestamp&quot;:&quot;1383998370&quot;,&quot;copyright&quot;:&quot;&quot;,&quot;focal_length&quot;:&quot;4.28&quot;,&quot;iso&quot;:&quot;64&quot;,&quot;shutter_speed&quot;:&quot;0.05&quot;,&quot;title&quot;:&quot;&quot;}\" data-image-title=\"VCM 5\" data-image-description=\"\" data-image-caption=\"\" data-large-file=\"https:\/\/www.ge-sagt.de\/wp-content\/uploads\/2013\/11\/VCM-5.jpg\" class=\"aligncenter  wp-image-1080\" src=\"http:\/\/www.ge-sagt.de\/wp-content\/uploads\/2013\/11\/VCM-5.jpg\" alt=\"VCM 5\" width=\"360\" height=\"480\" srcset=\"https:\/\/www.ge-sagt.de\/wp-content\/uploads\/2013\/11\/VCM-5-225x300.jpg 225w, https:\/\/www.ge-sagt.de\/wp-content\/uploads\/2013\/11\/VCM-5.jpg 600w\" sizes=\"(max-width: 360px) 100vw, 360px\" \/><\/p>\n<p style=\"text-align: justify;\">\n<p style=\"text-align: justify;\">Dann allerdings in sch\u00f6n fotografiert. Gekr\u00f6nt wurde unser Samstag mit einem Ausflug zu IKEA inklusive Abendessen (K\u00f6ttb\u00f6ller, was sonst ;-)). Wir haben eigentlich nicht viel gekauft, daf\u00fcr aber lange Zeit in der Kinderabteilung verbracht. Den Abend habe ich dann mit Planungen f\u00fcr den Adventskalender f\u00fcr unser Tochter verbracht. Auch davon werde ich bald mehr berichten, wenn er ganz fertig ist.<\/p>\n<p style=\"text-align: justify;\">\n<p style=\"text-align: justify;\"><img decoding=\"async\" data-attachment-id=\"1079\" data-permalink=\"https:\/\/www.ge-sagt.de\/index.php\/ge-schluerft-virtual-coffee\/vcm-4\/\" data-orig-file=\"https:\/\/www.ge-sagt.de\/wp-content\/uploads\/2013\/11\/VCM-4.jpg\" data-orig-size=\"600,800\" data-comments-opened=\"1\" data-image-meta=\"{&quot;aperture&quot;:&quot;2.4&quot;,&quot;credit&quot;:&quot;&quot;,&quot;camera&quot;:&quot;iPhone 4S&quot;,&quot;caption&quot;:&quot;&quot;,&quot;created_timestamp&quot;:&quot;1384030590&quot;,&quot;copyright&quot;:&quot;&quot;,&quot;focal_length&quot;:&quot;4.28&quot;,&quot;iso&quot;:&quot;640&quot;,&quot;shutter_speed&quot;:&quot;0.058823529411765&quot;,&quot;title&quot;:&quot;&quot;}\" data-image-title=\"VCM 4\" data-image-description=\"\" data-image-caption=\"\" data-large-file=\"https:\/\/www.ge-sagt.de\/wp-content\/uploads\/2013\/11\/VCM-4.jpg\" class=\"aligncenter  wp-image-1079\" src=\"http:\/\/www.ge-sagt.de\/wp-content\/uploads\/2013\/11\/VCM-4.jpg\" alt=\"VCM 4\" width=\"360\" height=\"480\" srcset=\"https:\/\/www.ge-sagt.de\/wp-content\/uploads\/2013\/11\/VCM-4-225x300.jpg 225w, https:\/\/www.ge-sagt.de\/wp-content\/uploads\/2013\/11\/VCM-4.jpg 600w\" sizes=\"(max-width: 360px) 100vw, 360px\" \/><\/p>\n<p style=\"text-align: justify;\">\n<p style=\"text-align: justify;\">Den Sonntag vormittag haben wir sehr emsig gestaltet, es wurde <em>ge<\/em>n\u00e4ht, <em>ge<\/em>spielt, <em>ge<\/em>s\u00e4gt, <em>ge<\/em>waschen, <em>ge<\/em>spr\u00fcht, <em>ge<\/em>b\u00fcgelt, <em>ge<\/em>puzzelt und <em>ge<\/em>kocht. Und nachmittags haben wir uns dann Richtung Hafen begeben, waren dort spazieren und haben die Altonale Designgift Messe besucht. Kaum waren wir zu hause habe ich erfahren, dass meine e-mail bei Clara, Rike und Jeanny von <a title=\"PAMK\" href=\"http:\/\/www.postausmeinerkueche.de\/\" target=\"_blank\">Post aus meiner K\u00fcche<\/a> f\u00fcr einigen Trouble gesorgt hat. Sorry nochmal daf\u00fcr. Aber die Drei haben alle Kan\u00e4le in Bewegung gesetzt um mir meine Tauschpartnerin zu nennen. Ich freue mich so! Dazu gibt es nat\u00fcrlich im November dann noch ganz viele Infos!<img decoding=\"async\" data-attachment-id=\"1076\" data-permalink=\"https:\/\/www.ge-sagt.de\/index.php\/ge-schluerft-virtual-coffee\/vcm-1\/\" data-orig-file=\"https:\/\/www.ge-sagt.de\/wp-content\/uploads\/2013\/11\/VCM-1.jpg\" data-orig-size=\"544,770\" data-comments-opened=\"1\" data-image-meta=\"{&quot;aperture&quot;:&quot;2.4&quot;,&quot;credit&quot;:&quot;&quot;,&quot;camera&quot;:&quot;iPhone 4S&quot;,&quot;caption&quot;:&quot;&quot;,&quot;created_timestamp&quot;:&quot;1384119617&quot;,&quot;copyright&quot;:&quot;&quot;,&quot;focal_length&quot;:&quot;4.28&quot;,&quot;iso&quot;:&quot;50&quot;,&quot;shutter_speed&quot;:&quot;0.03030303030303&quot;,&quot;title&quot;:&quot;&quot;}\" data-image-title=\"VCM 1\" data-image-description=\"\" data-image-caption=\"\" data-large-file=\"https:\/\/www.ge-sagt.de\/wp-content\/uploads\/2013\/11\/VCM-1.jpg\" class=\"aligncenter  wp-image-1076\" src=\"http:\/\/www.ge-sagt.de\/wp-content\/uploads\/2013\/11\/VCM-1.jpg\" alt=\"VCM 1\" width=\"326\" height=\"462\" srcset=\"https:\/\/www.ge-sagt.de\/wp-content\/uploads\/2013\/11\/VCM-1-211x300.jpg 211w, https:\/\/www.ge-sagt.de\/wp-content\/uploads\/2013\/11\/VCM-1.jpg 544w\" sizes=\"(max-width: 326px) 100vw, 326px\" \/><\/p>\n<p>Und dann wurde der Abend noch flei\u00dfig und entspannt beendet mit einem Glas Wein und der H\u00e4kelnadel in der Hand. Wie war denn Euer Wochenende so?<img decoding=\"async\" data-attachment-id=\"1077\" data-permalink=\"https:\/\/www.ge-sagt.de\/index.php\/ge-schluerft-virtual-coffee\/vcm-2\/\" data-orig-file=\"https:\/\/www.ge-sagt.de\/wp-content\/uploads\/2013\/11\/VCM-2.jpg\" data-orig-size=\"600,800\" data-comments-opened=\"1\" data-image-meta=\"{&quot;aperture&quot;:&quot;2.4&quot;,&quot;credit&quot;:&quot;&quot;,&quot;camera&quot;:&quot;iPhone 4S&quot;,&quot;caption&quot;:&quot;&quot;,&quot;created_timestamp&quot;:&quot;1384119579&quot;,&quot;copyright&quot;:&quot;&quot;,&quot;focal_length&quot;:&quot;4.28&quot;,&quot;iso&quot;:&quot;800&quot;,&quot;shutter_speed&quot;:&quot;0.066666666666667&quot;,&quot;title&quot;:&quot;&quot;}\" data-image-title=\"VCM 2\" data-image-description=\"\" data-image-caption=\"\" data-large-file=\"https:\/\/www.ge-sagt.de\/wp-content\/uploads\/2013\/11\/VCM-2.jpg\" class=\"aligncenter  wp-image-1077\" src=\"http:\/\/www.ge-sagt.de\/wp-content\/uploads\/2013\/11\/VCM-2.jpg\" alt=\"VCM 2\" width=\"360\" height=\"480\" srcset=\"https:\/\/www.ge-sagt.de\/wp-content\/uploads\/2013\/11\/VCM-2-225x300.jpg 225w, https:\/\/www.ge-sagt.de\/wp-content\/uploads\/2013\/11\/VCM-2.jpg 600w\" sizes=\"(max-width: 360px) 100vw, 360px\" \/><\/p>\n<p>Liebe Gr\u00fc\u00dfe<br \/>\nGesa<\/p>\n","protected":false},"excerpt":{"rendered":"<p>Am Sonntag gab es diesen perfekten Moment! Seht Ihr diesen Sonnenuntergang?\u00a0 Ich konnte nur noch atemlos auf die Elbe blicken und genie\u00dfen. In solchen Momenten kann ich noch immer nicht glauben, dass ich Landei in dieser wunderbaren gro\u00dfen Stadt lebe, und das nun schon seit 11 Jahren. Damit lade ich Euch zu einem virtuellen Kaffee [&hellip;]<\/p>\n","protected":false},"author":2,"featured_media":0,"comment_status":"open","ping_status":"open","sticky":false,"template":"","format":"standard","meta":{"jetpack_post_was_ever_published":false,"_jetpack_newsletter_access":"","_jetpack_dont_email_post_to_subs":true,"_jetpack_newsletter_tier_id":0,"_jetpack_memberships_contains_paywalled_content":false,"_jetpack_memberships_contains_paid_content":false,"footnotes":"","jetpack_publicize_message":"","jetpack_publicize_feature_enabled":true,"jetpack_social_post_already_shared":true,"jetpack_social_options":{"image_generator_settings":{"template":"highway","default_image_id":0,"font":"","enabled":false},"version":2}},"categories":[1],"tags":[],"class_list":["post-1075","post","type-post","status-publish","format-standard","hentry","category-allgemein"],"yoast_head":"<!-- This site is optimized with the Yoast SEO plugin v27.5 - https:\/\/yoast.com\/product\/yoast-seo-wordpress\/ -->\n<title>Ge-schl\u00fcrft: Virtual Coffee am Montag Morgen IV<\/title>\n<meta name=\"description\" content=\"Ge-schl\u00fcrft: Virtual Coffee am Montag Morgen IV\" \/>\n<meta name=\"robots\" content=\"index, follow, max-snippet:-1, max-image-preview:large, max-video-preview:-1\" \/>\n<link rel=\"canonical\" href=\"https:\/\/www.ge-sagt.de\/index.php\/ge-schluerft-virtual-coffee\/\" \/>\n<meta property=\"og:locale\" content=\"de_DE\" \/>\n<meta property=\"og:type\" content=\"article\" \/>\n<meta property=\"og:title\" content=\"Ge-schl\u00fcrft: Virtual Coffee am Montag Morgen IV\" \/>\n<meta property=\"og:description\" content=\"Ge-schl\u00fcrft: Virtual Coffee am Montag Morgen IV\" \/>\n<meta property=\"og:url\" content=\"https:\/\/www.ge-sagt.de\/index.php\/ge-schluerft-virtual-coffee\/\" \/>\n<meta property=\"og:site_name\" content=\"ge-sagt.de\" \/>\n<meta property=\"article:published_time\" content=\"2013-11-11T07:00:27+00:00\" \/>\n<meta property=\"article:modified_time\" content=\"2016-10-25T12:06:26+00:00\" \/>\n<meta property=\"og:image\" content=\"http:\/\/www.ge-sagt.de\/wp-content\/uploads\/2013\/11\/VCM-3.jpg\" \/>\n<meta name=\"author\" content=\"Gesa\" \/>\n<meta name=\"twitter:label1\" content=\"Verfasst von\" \/>\n\t<meta name=\"twitter:data1\" content=\"Gesa\" \/>\n\t<meta name=\"twitter:label2\" content=\"Gesch\u00e4tzte Lesezeit\" \/>\n\t<meta name=\"twitter:data2\" content=\"2\u00a0Minuten\" \/>\n<script type=\"application\/ld+json\" class=\"yoast-schema-graph\">{\"@context\":\"https:\\\/\\\/schema.org\",\"@graph\":[{\"@type\":\"Article\",\"@id\":\"https:\\\/\\\/www.ge-sagt.de\\\/index.php\\\/ge-schluerft-virtual-coffee\\\/#article\",\"isPartOf\":{\"@id\":\"https:\\\/\\\/www.ge-sagt.de\\\/index.php\\\/ge-schluerft-virtual-coffee\\\/\"},\"author\":{\"name\":\"Gesa\",\"@id\":\"https:\\\/\\\/www.ge-sagt.de\\\/#\\\/schema\\\/person\\\/f6ec6da1209901fb058ae74d414f295d\"},\"headline\":\"Ge-schl\u00fcrft: Virtual Coffee am Montag Morgen IV\",\"datePublished\":\"2013-11-11T07:00:27+00:00\",\"dateModified\":\"2016-10-25T12:06:26+00:00\",\"mainEntityOfPage\":{\"@id\":\"https:\\\/\\\/www.ge-sagt.de\\\/index.php\\\/ge-schluerft-virtual-coffee\\\/\"},\"wordCount\":367,\"commentCount\":1,\"image\":{\"@id\":\"https:\\\/\\\/www.ge-sagt.de\\\/index.php\\\/ge-schluerft-virtual-coffee\\\/#primaryimage\"},\"thumbnailUrl\":\"http:\\\/\\\/www.ge-sagt.de\\\/wp-content\\\/uploads\\\/2013\\\/11\\\/VCM-3.jpg\",\"inLanguage\":\"de\",\"potentialAction\":[{\"@type\":\"CommentAction\",\"name\":\"Comment\",\"target\":[\"https:\\\/\\\/www.ge-sagt.de\\\/index.php\\\/ge-schluerft-virtual-coffee\\\/#respond\"]}]},{\"@type\":\"WebPage\",\"@id\":\"https:\\\/\\\/www.ge-sagt.de\\\/index.php\\\/ge-schluerft-virtual-coffee\\\/\",\"url\":\"https:\\\/\\\/www.ge-sagt.de\\\/index.php\\\/ge-schluerft-virtual-coffee\\\/\",\"name\":\"Ge-schl\u00fcrft: Virtual Coffee am Montag Morgen IV\",\"isPartOf\":{\"@id\":\"https:\\\/\\\/www.ge-sagt.de\\\/#website\"},\"primaryImageOfPage\":{\"@id\":\"https:\\\/\\\/www.ge-sagt.de\\\/index.php\\\/ge-schluerft-virtual-coffee\\\/#primaryimage\"},\"image\":{\"@id\":\"https:\\\/\\\/www.ge-sagt.de\\\/index.php\\\/ge-schluerft-virtual-coffee\\\/#primaryimage\"},\"thumbnailUrl\":\"http:\\\/\\\/www.ge-sagt.de\\\/wp-content\\\/uploads\\\/2013\\\/11\\\/VCM-3.jpg\",\"datePublished\":\"2013-11-11T07:00:27+00:00\",\"dateModified\":\"2016-10-25T12:06:26+00:00\",\"author\":{\"@id\":\"https:\\\/\\\/www.ge-sagt.de\\\/#\\\/schema\\\/person\\\/f6ec6da1209901fb058ae74d414f295d\"},\"description\":\"Ge-schl\u00fcrft: Virtual Coffee am Montag Morgen IV\",\"breadcrumb\":{\"@id\":\"https:\\\/\\\/www.ge-sagt.de\\\/index.php\\\/ge-schluerft-virtual-coffee\\\/#breadcrumb\"},\"inLanguage\":\"de\",\"potentialAction\":[{\"@type\":\"ReadAction\",\"target\":[\"https:\\\/\\\/www.ge-sagt.de\\\/index.php\\\/ge-schluerft-virtual-coffee\\\/\"]}]},{\"@type\":\"ImageObject\",\"inLanguage\":\"de\",\"@id\":\"https:\\\/\\\/www.ge-sagt.de\\\/index.php\\\/ge-schluerft-virtual-coffee\\\/#primaryimage\",\"url\":\"https:\\\/\\\/www.ge-sagt.de\\\/wp-content\\\/uploads\\\/2013\\\/11\\\/VCM-3.jpg\",\"contentUrl\":\"https:\\\/\\\/www.ge-sagt.de\\\/wp-content\\\/uploads\\\/2013\\\/11\\\/VCM-3.jpg\",\"width\":600,\"height\":800},{\"@type\":\"BreadcrumbList\",\"@id\":\"https:\\\/\\\/www.ge-sagt.de\\\/index.php\\\/ge-schluerft-virtual-coffee\\\/#breadcrumb\",\"itemListElement\":[{\"@type\":\"ListItem\",\"position\":1,\"name\":\"Home\",\"item\":\"https:\\\/\\\/www.ge-sagt.de\\\/\"},{\"@type\":\"ListItem\",\"position\":2,\"name\":\"Ge-schl\u00fcrft: Virtual Coffee am Montag Morgen IV\"}]},{\"@type\":\"WebSite\",\"@id\":\"https:\\\/\\\/www.ge-sagt.de\\\/#website\",\"url\":\"https:\\\/\\\/www.ge-sagt.de\\\/\",\"name\":\"ge-sagt.de\",\"description\":\"Gesa denkt, sagt und tut auf diesem Blog\",\"potentialAction\":[{\"@type\":\"SearchAction\",\"target\":{\"@type\":\"EntryPoint\",\"urlTemplate\":\"https:\\\/\\\/www.ge-sagt.de\\\/?s={search_term_string}\"},\"query-input\":{\"@type\":\"PropertyValueSpecification\",\"valueRequired\":true,\"valueName\":\"search_term_string\"}}],\"inLanguage\":\"de\"},{\"@type\":\"Person\",\"@id\":\"https:\\\/\\\/www.ge-sagt.de\\\/#\\\/schema\\\/person\\\/f6ec6da1209901fb058ae74d414f295d\",\"name\":\"Gesa\",\"image\":{\"@type\":\"ImageObject\",\"inLanguage\":\"de\",\"@id\":\"https:\\\/\\\/secure.gravatar.com\\\/avatar\\\/b2210b745bd73a1286fa46a53ee66332ba91d4de884ca4cdeaa854740a7b03a0?s=96&d=mm&r=g\",\"url\":\"https:\\\/\\\/secure.gravatar.com\\\/avatar\\\/b2210b745bd73a1286fa46a53ee66332ba91d4de884ca4cdeaa854740a7b03a0?s=96&d=mm&r=g\",\"contentUrl\":\"https:\\\/\\\/secure.gravatar.com\\\/avatar\\\/b2210b745bd73a1286fa46a53ee66332ba91d4de884ca4cdeaa854740a7b03a0?s=96&d=mm&r=g\",\"caption\":\"Gesa\"},\"url\":\"https:\\\/\\\/www.ge-sagt.de\\\/index.php\\\/author\\\/gesa\\\/\"}]}<\/script>\n<!-- \/ Yoast SEO plugin. -->","yoast_head_json":{"title":"Ge-schl\u00fcrft: Virtual Coffee am Montag Morgen IV","description":"Ge-schl\u00fcrft: Virtual Coffee am Montag Morgen IV","robots":{"index":"index","follow":"follow","max-snippet":"max-snippet:-1","max-image-preview":"max-image-preview:large","max-video-preview":"max-video-preview:-1"},"canonical":"https:\/\/www.ge-sagt.de\/index.php\/ge-schluerft-virtual-coffee\/","og_locale":"de_DE","og_type":"article","og_title":"Ge-schl\u00fcrft: Virtual Coffee am Montag Morgen IV","og_description":"Ge-schl\u00fcrft: Virtual Coffee am Montag Morgen IV","og_url":"https:\/\/www.ge-sagt.de\/index.php\/ge-schluerft-virtual-coffee\/","og_site_name":"ge-sagt.de","article_published_time":"2013-11-11T07:00:27+00:00","article_modified_time":"2016-10-25T12:06:26+00:00","og_image":[{"url":"http:\/\/www.ge-sagt.de\/wp-content\/uploads\/2013\/11\/VCM-3.jpg","type":"","width":"","height":""}],"author":"Gesa","twitter_misc":{"Verfasst von":"Gesa","Gesch\u00e4tzte Lesezeit":"2\u00a0Minuten"},"schema":{"@context":"https:\/\/schema.org","@graph":[{"@type":"Article","@id":"https:\/\/www.ge-sagt.de\/index.php\/ge-schluerft-virtual-coffee\/#article","isPartOf":{"@id":"https:\/\/www.ge-sagt.de\/index.php\/ge-schluerft-virtual-coffee\/"},"author":{"name":"Gesa","@id":"https:\/\/www.ge-sagt.de\/#\/schema\/person\/f6ec6da1209901fb058ae74d414f295d"},"headline":"Ge-schl\u00fcrft: Virtual Coffee am Montag Morgen IV","datePublished":"2013-11-11T07:00:27+00:00","dateModified":"2016-10-25T12:06:26+00:00","mainEntityOfPage":{"@id":"https:\/\/www.ge-sagt.de\/index.php\/ge-schluerft-virtual-coffee\/"},"wordCount":367,"commentCount":1,"image":{"@id":"https:\/\/www.ge-sagt.de\/index.php\/ge-schluerft-virtual-coffee\/#primaryimage"},"thumbnailUrl":"http:\/\/www.ge-sagt.de\/wp-content\/uploads\/2013\/11\/VCM-3.jpg","inLanguage":"de","potentialAction":[{"@type":"CommentAction","name":"Comment","target":["https:\/\/www.ge-sagt.de\/index.php\/ge-schluerft-virtual-coffee\/#respond"]}]},{"@type":"WebPage","@id":"https:\/\/www.ge-sagt.de\/index.php\/ge-schluerft-virtual-coffee\/","url":"https:\/\/www.ge-sagt.de\/index.php\/ge-schluerft-virtual-coffee\/","name":"Ge-schl\u00fcrft: Virtual Coffee am Montag Morgen IV","isPartOf":{"@id":"https:\/\/www.ge-sagt.de\/#website"},"primaryImageOfPage":{"@id":"https:\/\/www.ge-sagt.de\/index.php\/ge-schluerft-virtual-coffee\/#primaryimage"},"image":{"@id":"https:\/\/www.ge-sagt.de\/index.php\/ge-schluerft-virtual-coffee\/#primaryimage"},"thumbnailUrl":"http:\/\/www.ge-sagt.de\/wp-content\/uploads\/2013\/11\/VCM-3.jpg","datePublished":"2013-11-11T07:00:27+00:00","dateModified":"2016-10-25T12:06:26+00:00","author":{"@id":"https:\/\/www.ge-sagt.de\/#\/schema\/person\/f6ec6da1209901fb058ae74d414f295d"},"description":"Ge-schl\u00fcrft: Virtual Coffee am Montag Morgen IV","breadcrumb":{"@id":"https:\/\/www.ge-sagt.de\/index.php\/ge-schluerft-virtual-coffee\/#breadcrumb"},"inLanguage":"de","potentialAction":[{"@type":"ReadAction","target":["https:\/\/www.ge-sagt.de\/index.php\/ge-schluerft-virtual-coffee\/"]}]},{"@type":"ImageObject","inLanguage":"de","@id":"https:\/\/www.ge-sagt.de\/index.php\/ge-schluerft-virtual-coffee\/#primaryimage","url":"https:\/\/www.ge-sagt.de\/wp-content\/uploads\/2013\/11\/VCM-3.jpg","contentUrl":"https:\/\/www.ge-sagt.de\/wp-content\/uploads\/2013\/11\/VCM-3.jpg","width":600,"height":800},{"@type":"BreadcrumbList","@id":"https:\/\/www.ge-sagt.de\/index.php\/ge-schluerft-virtual-coffee\/#breadcrumb","itemListElement":[{"@type":"ListItem","position":1,"name":"Home","item":"https:\/\/www.ge-sagt.de\/"},{"@type":"ListItem","position":2,"name":"Ge-schl\u00fcrft: Virtual Coffee am Montag Morgen IV"}]},{"@type":"WebSite","@id":"https:\/\/www.ge-sagt.de\/#website","url":"https:\/\/www.ge-sagt.de\/","name":"ge-sagt.de","description":"Gesa denkt, sagt und tut auf diesem Blog","potentialAction":[{"@type":"SearchAction","target":{"@type":"EntryPoint","urlTemplate":"https:\/\/www.ge-sagt.de\/?s={search_term_string}"},"query-input":{"@type":"PropertyValueSpecification","valueRequired":true,"valueName":"search_term_string"}}],"inLanguage":"de"},{"@type":"Person","@id":"https:\/\/www.ge-sagt.de\/#\/schema\/person\/f6ec6da1209901fb058ae74d414f295d","name":"Gesa","image":{"@type":"ImageObject","inLanguage":"de","@id":"https:\/\/secure.gravatar.com\/avatar\/b2210b745bd73a1286fa46a53ee66332ba91d4de884ca4cdeaa854740a7b03a0?s=96&d=mm&r=g","url":"https:\/\/secure.gravatar.com\/avatar\/b2210b745bd73a1286fa46a53ee66332ba91d4de884ca4cdeaa854740a7b03a0?s=96&d=mm&r=g","contentUrl":"https:\/\/secure.gravatar.com\/avatar\/b2210b745bd73a1286fa46a53ee66332ba91d4de884ca4cdeaa854740a7b03a0?s=96&d=mm&r=g","caption":"Gesa"},"url":"https:\/\/www.ge-sagt.de\/index.php\/author\/gesa\/"}]}},"jetpack_publicize_connections":[],"jetpack_featured_media_url":"","jetpack_shortlink":"https:\/\/wp.me\/p3aAW4-hl","jetpack_sharing_enabled":true,"_links":{"self":[{"href":"https:\/\/www.ge-sagt.de\/index.php\/wp-json\/wp\/v2\/posts\/1075","targetHints":{"allow":["GET"]}}],"collection":[{"href":"https:\/\/www.ge-sagt.de\/index.php\/wp-json\/wp\/v2\/posts"}],"about":[{"href":"https:\/\/www.ge-sagt.de\/index.php\/wp-json\/wp\/v2\/types\/post"}],"author":[{"embeddable":true,"href":"https:\/\/www.ge-sagt.de\/index.php\/wp-json\/wp\/v2\/users\/2"}],"replies":[{"embeddable":true,"href":"https:\/\/www.ge-sagt.de\/index.php\/wp-json\/wp\/v2\/comments?post=1075"}],"version-history":[{"count":9,"href":"https:\/\/www.ge-sagt.de\/index.php\/wp-json\/wp\/v2\/posts\/1075\/revisions"}],"predecessor-version":[{"id":1895,"href":"https:\/\/www.ge-sagt.de\/index.php\/wp-json\/wp\/v2\/posts\/1075\/revisions\/1895"}],"wp:attachment":[{"href":"https:\/\/www.ge-sagt.de\/index.php\/wp-json\/wp\/v2\/media?parent=1075"}],"wp:term":[{"taxonomy":"category","embeddable":true,"href":"https:\/\/www.ge-sagt.de\/index.php\/wp-json\/wp\/v2\/categories?post=1075"},{"taxonomy":"post_tag","embeddable":true,"href":"https:\/\/www.ge-sagt.de\/index.php\/wp-json\/wp\/v2\/tags?post=1075"}],"curies":[{"name":"wp","href":"https:\/\/api.w.org\/{rel}","templated":true}]}}