{"id":107,"date":"2013-04-15T20:17:05","date_gmt":"2013-04-15T18:17:05","guid":{"rendered":"http:\/\/www.ge-sagt.de\/?p=107"},"modified":"2016-10-25T14:06:28","modified_gmt":"2016-10-25T12:06:28","slug":"ge-dacht-meine-philosophie-der-socken-part-ii","status":"publish","type":"post","link":"https:\/\/www.ge-sagt.de\/index.php\/ge-dacht-meine-philosophie-der-socken-part-ii\/","title":{"rendered":"Ge-dacht: meine Philosophie der Socken Part II"},"content":{"rendered":"<p style=\"text-align: justify;\"><img decoding=\"async\" data-attachment-id=\"165\" data-permalink=\"https:\/\/www.ge-sagt.de\/index.php\/ge-dacht-meine-philosophie-der-socken\/philosophie-der-socken\/\" data-orig-file=\"https:\/\/www.ge-sagt.de\/wp-content\/uploads\/2013\/03\/philosophie-der-Socken-e1409137988313.jpg\" data-orig-size=\"250,389\" data-comments-opened=\"1\" data-image-meta=\"{&quot;aperture&quot;:&quot;5&quot;,&quot;credit&quot;:&quot;&quot;,&quot;camera&quot;:&quot;Canon EOS 1000D&quot;,&quot;caption&quot;:&quot;&quot;,&quot;created_timestamp&quot;:&quot;1364676914&quot;,&quot;copyright&quot;:&quot;&quot;,&quot;focal_length&quot;:&quot;40&quot;,&quot;iso&quot;:&quot;400&quot;,&quot;shutter_speed&quot;:&quot;0.016666666666667&quot;,&quot;title&quot;:&quot;&quot;}\" data-image-title=\"philosophie der Socken\" data-image-description=\"\" data-image-caption=\"\" data-large-file=\"https:\/\/www.ge-sagt.de\/wp-content\/uploads\/2013\/03\/philosophie-der-Socken-e1409137988313.jpg\" class=\" wp-image-165 alignleft\" alt=\"philosophie der Socken\" src=\"http:\/\/www.ge-sagt.de\/wp-content\/uploads\/2013\/03\/philosophie-der-Socken.jpg\" width=\"239\" height=\"373\" \/>Ich habe im ersten Teil zu meiner Philosophie der Socken bereits \u00fcber meinen kleinen Tick berichtet. Heute trage ich schwarze Socken und hoch geschlossene Schuhe.<\/p>\n<p style=\"text-align: justify;\">Schwarz gilt allgemein als Farbe der Trauer, steht aber auch f\u00fcr Eleganz und W\u00fcrde oder sogar Einsamkeit und Leere. Ich pers\u00f6nlich verbinde mit Schwarz auch Kraft und Autorit\u00e4t: Betrachtet man ein Bild mit vielen bunten Farben so stechen selbst kleine Akzente in einem echtem Schwarz deutlich hervor.<\/p>\n<p style=\"text-align: justify;\">Und heute brauche ich Kraft. Die letzten Tage war ich etwas antriebslos und deprimiert. Und das mag ich gar nicht an mir. Es soll heute also unbedingt ein Ende haben und ich w\u00fcnschte mir heute morgen einen kr\u00e4ftigen und forschen Schritt um mit neu gewonnener Energie in den Tag zu starten. Ich habe heute viel vor und m\u00f6chte daf\u00fcr geerdet sein.<\/p>\n<p>Mal sehen wie sich der Tag so gestaltet und ob meine Socken heute ihren Dienst erf\u00fcllen.<\/p>\n<p>Was verbindet Ihr mit der Farbe schwarz?<\/p>\n<p>Liebe Gr\u00fc\u00dfe<\/p>\n<p>Ge-sa<\/p>\n","protected":false},"excerpt":{"rendered":"<p>Ich habe im ersten Teil zu meiner Philosophie der Socken bereits \u00fcber meinen kleinen Tick berichtet. Heute trage ich schwarze Socken und hoch geschlossene Schuhe. Schwarz gilt allgemein als Farbe der Trauer, steht aber auch f\u00fcr Eleganz und W\u00fcrde oder sogar Einsamkeit und Leere. Ich pers\u00f6nlich verbinde mit Schwarz auch Kraft und Autorit\u00e4t: Betrachtet man [&hellip;]<\/p>\n","protected":false},"author":1,"featured_media":0,"comment_status":"open","ping_status":"open","sticky":false,"template":"","format":"standard","meta":{"jetpack_post_was_ever_published":false,"_jetpack_newsletter_access":"","_jetpack_dont_email_post_to_subs":true,"_jetpack_newsletter_tier_id":0,"_jetpack_memberships_contains_paywalled_content":false,"_jetpack_memberships_contains_paid_content":false,"footnotes":"","jetpack_publicize_message":"","jetpack_publicize_feature_enabled":true,"jetpack_social_post_already_shared":true,"jetpack_social_options":{"image_generator_settings":{"template":"highway","default_image_id":0,"font":"","enabled":false},"version":2}},"categories":[1],"tags":[],"class_list":["post-107","post","type-post","status-publish","format-standard","hentry","category-allgemein"],"yoast_head":"<!-- This site is optimized with the Yoast SEO plugin v27.5 - https:\/\/yoast.com\/product\/yoast-seo-wordpress\/ -->\n<title>Ge-dacht: meine Philosophie der Socken Part II - ge-sagt.de<\/title>\n<meta name=\"robots\" content=\"index, follow, max-snippet:-1, max-image-preview:large, max-video-preview:-1\" \/>\n<link rel=\"canonical\" href=\"https:\/\/www.ge-sagt.de\/index.php\/ge-dacht-meine-philosophie-der-socken-part-ii\/\" \/>\n<meta property=\"og:locale\" content=\"de_DE\" \/>\n<meta property=\"og:type\" content=\"article\" \/>\n<meta property=\"og:title\" content=\"Ge-dacht: meine Philosophie der Socken Part II - ge-sagt.de\" \/>\n<meta property=\"og:description\" content=\"Ich habe im ersten Teil zu meiner Philosophie der Socken bereits \u00fcber meinen kleinen Tick berichtet. Heute trage ich schwarze Socken und hoch geschlossene Schuhe. Schwarz gilt allgemein als Farbe der Trauer, steht aber auch f\u00fcr Eleganz und W\u00fcrde oder sogar Einsamkeit und Leere. Ich pers\u00f6nlich verbinde mit Schwarz auch Kraft und Autorit\u00e4t: Betrachtet man [&hellip;]\" \/>\n<meta property=\"og:url\" content=\"https:\/\/www.ge-sagt.de\/index.php\/ge-dacht-meine-philosophie-der-socken-part-ii\/\" \/>\n<meta property=\"og:site_name\" content=\"ge-sagt.de\" \/>\n<meta property=\"article:published_time\" content=\"2013-04-15T18:17:05+00:00\" \/>\n<meta property=\"article:modified_time\" content=\"2016-10-25T12:06:28+00:00\" \/>\n<meta property=\"og:image\" content=\"http:\/\/www.ge-sagt.de\/wp-content\/uploads\/2013\/03\/philosophie-der-Socken.jpg\" \/>\n<meta name=\"author\" content=\"admin\" \/>\n<meta name=\"twitter:label1\" content=\"Verfasst von\" \/>\n\t<meta name=\"twitter:data1\" content=\"admin\" \/>\n\t<meta name=\"twitter:label2\" content=\"Gesch\u00e4tzte Lesezeit\" \/>\n\t<meta name=\"twitter:data2\" content=\"1\u00a0Minute\" \/>\n<script type=\"application\/ld+json\" class=\"yoast-schema-graph\">{\"@context\":\"https:\\\/\\\/schema.org\",\"@graph\":[{\"@type\":\"Article\",\"@id\":\"https:\\\/\\\/www.ge-sagt.de\\\/index.php\\\/ge-dacht-meine-philosophie-der-socken-part-ii\\\/#article\",\"isPartOf\":{\"@id\":\"https:\\\/\\\/www.ge-sagt.de\\\/index.php\\\/ge-dacht-meine-philosophie-der-socken-part-ii\\\/\"},\"author\":{\"name\":\"admin\",\"@id\":\"https:\\\/\\\/www.ge-sagt.de\\\/#\\\/schema\\\/person\\\/fd61913b46000e0757925ab261bed244\"},\"headline\":\"Ge-dacht: meine Philosophie der Socken Part II\",\"datePublished\":\"2013-04-15T18:17:05+00:00\",\"dateModified\":\"2016-10-25T12:06:28+00:00\",\"mainEntityOfPage\":{\"@id\":\"https:\\\/\\\/www.ge-sagt.de\\\/index.php\\\/ge-dacht-meine-philosophie-der-socken-part-ii\\\/\"},\"wordCount\":176,\"commentCount\":1,\"image\":{\"@id\":\"https:\\\/\\\/www.ge-sagt.de\\\/index.php\\\/ge-dacht-meine-philosophie-der-socken-part-ii\\\/#primaryimage\"},\"thumbnailUrl\":\"http:\\\/\\\/www.ge-sagt.de\\\/wp-content\\\/uploads\\\/2013\\\/03\\\/philosophie-der-Socken.jpg\",\"inLanguage\":\"de\",\"potentialAction\":[{\"@type\":\"CommentAction\",\"name\":\"Comment\",\"target\":[\"https:\\\/\\\/www.ge-sagt.de\\\/index.php\\\/ge-dacht-meine-philosophie-der-socken-part-ii\\\/#respond\"]}]},{\"@type\":\"WebPage\",\"@id\":\"https:\\\/\\\/www.ge-sagt.de\\\/index.php\\\/ge-dacht-meine-philosophie-der-socken-part-ii\\\/\",\"url\":\"https:\\\/\\\/www.ge-sagt.de\\\/index.php\\\/ge-dacht-meine-philosophie-der-socken-part-ii\\\/\",\"name\":\"Ge-dacht: meine Philosophie der Socken Part II - ge-sagt.de\",\"isPartOf\":{\"@id\":\"https:\\\/\\\/www.ge-sagt.de\\\/#website\"},\"primaryImageOfPage\":{\"@id\":\"https:\\\/\\\/www.ge-sagt.de\\\/index.php\\\/ge-dacht-meine-philosophie-der-socken-part-ii\\\/#primaryimage\"},\"image\":{\"@id\":\"https:\\\/\\\/www.ge-sagt.de\\\/index.php\\\/ge-dacht-meine-philosophie-der-socken-part-ii\\\/#primaryimage\"},\"thumbnailUrl\":\"http:\\\/\\\/www.ge-sagt.de\\\/wp-content\\\/uploads\\\/2013\\\/03\\\/philosophie-der-Socken.jpg\",\"datePublished\":\"2013-04-15T18:17:05+00:00\",\"dateModified\":\"2016-10-25T12:06:28+00:00\",\"author\":{\"@id\":\"https:\\\/\\\/www.ge-sagt.de\\\/#\\\/schema\\\/person\\\/fd61913b46000e0757925ab261bed244\"},\"breadcrumb\":{\"@id\":\"https:\\\/\\\/www.ge-sagt.de\\\/index.php\\\/ge-dacht-meine-philosophie-der-socken-part-ii\\\/#breadcrumb\"},\"inLanguage\":\"de\",\"potentialAction\":[{\"@type\":\"ReadAction\",\"target\":[\"https:\\\/\\\/www.ge-sagt.de\\\/index.php\\\/ge-dacht-meine-philosophie-der-socken-part-ii\\\/\"]}]},{\"@type\":\"ImageObject\",\"inLanguage\":\"de\",\"@id\":\"https:\\\/\\\/www.ge-sagt.de\\\/index.php\\\/ge-dacht-meine-philosophie-der-socken-part-ii\\\/#primaryimage\",\"url\":\"http:\\\/\\\/www.ge-sagt.de\\\/wp-content\\\/uploads\\\/2013\\\/03\\\/philosophie-der-Socken.jpg\",\"contentUrl\":\"http:\\\/\\\/www.ge-sagt.de\\\/wp-content\\\/uploads\\\/2013\\\/03\\\/philosophie-der-Socken.jpg\"},{\"@type\":\"BreadcrumbList\",\"@id\":\"https:\\\/\\\/www.ge-sagt.de\\\/index.php\\\/ge-dacht-meine-philosophie-der-socken-part-ii\\\/#breadcrumb\",\"itemListElement\":[{\"@type\":\"ListItem\",\"position\":1,\"name\":\"Home\",\"item\":\"https:\\\/\\\/www.ge-sagt.de\\\/\"},{\"@type\":\"ListItem\",\"position\":2,\"name\":\"Ge-dacht: meine Philosophie der Socken Part II\"}]},{\"@type\":\"WebSite\",\"@id\":\"https:\\\/\\\/www.ge-sagt.de\\\/#website\",\"url\":\"https:\\\/\\\/www.ge-sagt.de\\\/\",\"name\":\"ge-sagt.de\",\"description\":\"Gesa denkt, sagt und tut auf diesem Blog\",\"potentialAction\":[{\"@type\":\"SearchAction\",\"target\":{\"@type\":\"EntryPoint\",\"urlTemplate\":\"https:\\\/\\\/www.ge-sagt.de\\\/?s={search_term_string}\"},\"query-input\":{\"@type\":\"PropertyValueSpecification\",\"valueRequired\":true,\"valueName\":\"search_term_string\"}}],\"inLanguage\":\"de\"},{\"@type\":\"Person\",\"@id\":\"https:\\\/\\\/www.ge-sagt.de\\\/#\\\/schema\\\/person\\\/fd61913b46000e0757925ab261bed244\",\"name\":\"admin\",\"image\":{\"@type\":\"ImageObject\",\"inLanguage\":\"de\",\"@id\":\"https:\\\/\\\/secure.gravatar.com\\\/avatar\\\/ec67efe022d534656397a5f6dafc9fa173390409b68c0ca87c9f41deea320766?s=96&d=mm&r=g\",\"url\":\"https:\\\/\\\/secure.gravatar.com\\\/avatar\\\/ec67efe022d534656397a5f6dafc9fa173390409b68c0ca87c9f41deea320766?s=96&d=mm&r=g\",\"contentUrl\":\"https:\\\/\\\/secure.gravatar.com\\\/avatar\\\/ec67efe022d534656397a5f6dafc9fa173390409b68c0ca87c9f41deea320766?s=96&d=mm&r=g\",\"caption\":\"admin\"},\"url\":\"https:\\\/\\\/www.ge-sagt.de\\\/index.php\\\/author\\\/admin\\\/\"}]}<\/script>\n<!-- \/ Yoast SEO plugin. -->","yoast_head_json":{"title":"Ge-dacht: meine Philosophie der Socken Part II - ge-sagt.de","robots":{"index":"index","follow":"follow","max-snippet":"max-snippet:-1","max-image-preview":"max-image-preview:large","max-video-preview":"max-video-preview:-1"},"canonical":"https:\/\/www.ge-sagt.de\/index.php\/ge-dacht-meine-philosophie-der-socken-part-ii\/","og_locale":"de_DE","og_type":"article","og_title":"Ge-dacht: meine Philosophie der Socken Part II - ge-sagt.de","og_description":"Ich habe im ersten Teil zu meiner Philosophie der Socken bereits \u00fcber meinen kleinen Tick berichtet. Heute trage ich schwarze Socken und hoch geschlossene Schuhe. Schwarz gilt allgemein als Farbe der Trauer, steht aber auch f\u00fcr Eleganz und W\u00fcrde oder sogar Einsamkeit und Leere. Ich pers\u00f6nlich verbinde mit Schwarz auch Kraft und Autorit\u00e4t: Betrachtet man [&hellip;]","og_url":"https:\/\/www.ge-sagt.de\/index.php\/ge-dacht-meine-philosophie-der-socken-part-ii\/","og_site_name":"ge-sagt.de","article_published_time":"2013-04-15T18:17:05+00:00","article_modified_time":"2016-10-25T12:06:28+00:00","og_image":[{"url":"http:\/\/www.ge-sagt.de\/wp-content\/uploads\/2013\/03\/philosophie-der-Socken.jpg","type":"","width":"","height":""}],"author":"admin","twitter_misc":{"Verfasst von":"admin","Gesch\u00e4tzte Lesezeit":"1\u00a0Minute"},"schema":{"@context":"https:\/\/schema.org","@graph":[{"@type":"Article","@id":"https:\/\/www.ge-sagt.de\/index.php\/ge-dacht-meine-philosophie-der-socken-part-ii\/#article","isPartOf":{"@id":"https:\/\/www.ge-sagt.de\/index.php\/ge-dacht-meine-philosophie-der-socken-part-ii\/"},"author":{"name":"admin","@id":"https:\/\/www.ge-sagt.de\/#\/schema\/person\/fd61913b46000e0757925ab261bed244"},"headline":"Ge-dacht: meine Philosophie der Socken Part II","datePublished":"2013-04-15T18:17:05+00:00","dateModified":"2016-10-25T12:06:28+00:00","mainEntityOfPage":{"@id":"https:\/\/www.ge-sagt.de\/index.php\/ge-dacht-meine-philosophie-der-socken-part-ii\/"},"wordCount":176,"commentCount":1,"image":{"@id":"https:\/\/www.ge-sagt.de\/index.php\/ge-dacht-meine-philosophie-der-socken-part-ii\/#primaryimage"},"thumbnailUrl":"http:\/\/www.ge-sagt.de\/wp-content\/uploads\/2013\/03\/philosophie-der-Socken.jpg","inLanguage":"de","potentialAction":[{"@type":"CommentAction","name":"Comment","target":["https:\/\/www.ge-sagt.de\/index.php\/ge-dacht-meine-philosophie-der-socken-part-ii\/#respond"]}]},{"@type":"WebPage","@id":"https:\/\/www.ge-sagt.de\/index.php\/ge-dacht-meine-philosophie-der-socken-part-ii\/","url":"https:\/\/www.ge-sagt.de\/index.php\/ge-dacht-meine-philosophie-der-socken-part-ii\/","name":"Ge-dacht: meine Philosophie der Socken Part II - ge-sagt.de","isPartOf":{"@id":"https:\/\/www.ge-sagt.de\/#website"},"primaryImageOfPage":{"@id":"https:\/\/www.ge-sagt.de\/index.php\/ge-dacht-meine-philosophie-der-socken-part-ii\/#primaryimage"},"image":{"@id":"https:\/\/www.ge-sagt.de\/index.php\/ge-dacht-meine-philosophie-der-socken-part-ii\/#primaryimage"},"thumbnailUrl":"http:\/\/www.ge-sagt.de\/wp-content\/uploads\/2013\/03\/philosophie-der-Socken.jpg","datePublished":"2013-04-15T18:17:05+00:00","dateModified":"2016-10-25T12:06:28+00:00","author":{"@id":"https:\/\/www.ge-sagt.de\/#\/schema\/person\/fd61913b46000e0757925ab261bed244"},"breadcrumb":{"@id":"https:\/\/www.ge-sagt.de\/index.php\/ge-dacht-meine-philosophie-der-socken-part-ii\/#breadcrumb"},"inLanguage":"de","potentialAction":[{"@type":"ReadAction","target":["https:\/\/www.ge-sagt.de\/index.php\/ge-dacht-meine-philosophie-der-socken-part-ii\/"]}]},{"@type":"ImageObject","inLanguage":"de","@id":"https:\/\/www.ge-sagt.de\/index.php\/ge-dacht-meine-philosophie-der-socken-part-ii\/#primaryimage","url":"http:\/\/www.ge-sagt.de\/wp-content\/uploads\/2013\/03\/philosophie-der-Socken.jpg","contentUrl":"http:\/\/www.ge-sagt.de\/wp-content\/uploads\/2013\/03\/philosophie-der-Socken.jpg"},{"@type":"BreadcrumbList","@id":"https:\/\/www.ge-sagt.de\/index.php\/ge-dacht-meine-philosophie-der-socken-part-ii\/#breadcrumb","itemListElement":[{"@type":"ListItem","position":1,"name":"Home","item":"https:\/\/www.ge-sagt.de\/"},{"@type":"ListItem","position":2,"name":"Ge-dacht: meine Philosophie der Socken Part II"}]},{"@type":"WebSite","@id":"https:\/\/www.ge-sagt.de\/#website","url":"https:\/\/www.ge-sagt.de\/","name":"ge-sagt.de","description":"Gesa denkt, sagt und tut auf diesem Blog","potentialAction":[{"@type":"SearchAction","target":{"@type":"EntryPoint","urlTemplate":"https:\/\/www.ge-sagt.de\/?s={search_term_string}"},"query-input":{"@type":"PropertyValueSpecification","valueRequired":true,"valueName":"search_term_string"}}],"inLanguage":"de"},{"@type":"Person","@id":"https:\/\/www.ge-sagt.de\/#\/schema\/person\/fd61913b46000e0757925ab261bed244","name":"admin","image":{"@type":"ImageObject","inLanguage":"de","@id":"https:\/\/secure.gravatar.com\/avatar\/ec67efe022d534656397a5f6dafc9fa173390409b68c0ca87c9f41deea320766?s=96&d=mm&r=g","url":"https:\/\/secure.gravatar.com\/avatar\/ec67efe022d534656397a5f6dafc9fa173390409b68c0ca87c9f41deea320766?s=96&d=mm&r=g","contentUrl":"https:\/\/secure.gravatar.com\/avatar\/ec67efe022d534656397a5f6dafc9fa173390409b68c0ca87c9f41deea320766?s=96&d=mm&r=g","caption":"admin"},"url":"https:\/\/www.ge-sagt.de\/index.php\/author\/admin\/"}]}},"jetpack_publicize_connections":[],"jetpack_featured_media_url":"","jetpack_shortlink":"https:\/\/wp.me\/p3aAW4-1J","jetpack_sharing_enabled":true,"_links":{"self":[{"href":"https:\/\/www.ge-sagt.de\/index.php\/wp-json\/wp\/v2\/posts\/107","targetHints":{"allow":["GET"]}}],"collection":[{"href":"https:\/\/www.ge-sagt.de\/index.php\/wp-json\/wp\/v2\/posts"}],"about":[{"href":"https:\/\/www.ge-sagt.de\/index.php\/wp-json\/wp\/v2\/types\/post"}],"author":[{"embeddable":true,"href":"https:\/\/www.ge-sagt.de\/index.php\/wp-json\/wp\/v2\/users\/1"}],"replies":[{"embeddable":true,"href":"https:\/\/www.ge-sagt.de\/index.php\/wp-json\/wp\/v2\/comments?post=107"}],"version-history":[{"count":10,"href":"https:\/\/www.ge-sagt.de\/index.php\/wp-json\/wp\/v2\/posts\/107\/revisions"}],"predecessor-version":[{"id":253,"href":"https:\/\/www.ge-sagt.de\/index.php\/wp-json\/wp\/v2\/posts\/107\/revisions\/253"}],"wp:attachment":[{"href":"https:\/\/www.ge-sagt.de\/index.php\/wp-json\/wp\/v2\/media?parent=107"}],"wp:term":[{"taxonomy":"category","embeddable":true,"href":"https:\/\/www.ge-sagt.de\/index.php\/wp-json\/wp\/v2\/categories?post=107"},{"taxonomy":"post_tag","embeddable":true,"href":"https:\/\/www.ge-sagt.de\/index.php\/wp-json\/wp\/v2\/tags?post=107"}],"curies":[{"name":"wp","href":"https:\/\/api.w.org\/{rel}","templated":true}]}}