{"id":1033,"date":"2013-11-04T21:06:56","date_gmt":"2013-11-04T20:06:56","guid":{"rendered":"http:\/\/www.ge-sagt.de\/?p=1033"},"modified":"2016-10-25T14:06:26","modified_gmt":"2016-10-25T12:06:26","slug":"ge-backen-super-dessert-clafoutis","status":"publish","type":"post","link":"https:\/\/www.ge-sagt.de\/index.php\/ge-backen-super-dessert-clafoutis\/","title":{"rendered":"Ge-backen: Super Dessert Clafoutis"},"content":{"rendered":"<p style=\"text-align: justify;\"><img decoding=\"async\" data-attachment-id=\"1039\" data-permalink=\"https:\/\/www.ge-sagt.de\/index.php\/ge-backen-super-dessert-clafoutis\/clafouti3\/\" data-orig-file=\"https:\/\/www.ge-sagt.de\/wp-content\/uploads\/2013\/11\/Clafouti3.jpg\" data-orig-size=\"800,533\" data-comments-opened=\"1\" data-image-meta=\"{&quot;aperture&quot;:&quot;2.5&quot;,&quot;credit&quot;:&quot;&quot;,&quot;camera&quot;:&quot;Canon EOS 1000D&quot;,&quot;caption&quot;:&quot;&quot;,&quot;created_timestamp&quot;:&quot;1382220305&quot;,&quot;copyright&quot;:&quot;&quot;,&quot;focal_length&quot;:&quot;50&quot;,&quot;iso&quot;:&quot;200&quot;,&quot;shutter_speed&quot;:&quot;0.016666666666667&quot;,&quot;title&quot;:&quot;&quot;}\" data-image-title=\"Clafouti3\" data-image-description=\"\" data-image-caption=\"\" data-large-file=\"https:\/\/www.ge-sagt.de\/wp-content\/uploads\/2013\/11\/Clafouti3.jpg\" class=\"aligncenter wp-image-1039 size-medium\" src=\"http:\/\/www.ge-sagt.de\/wp-content\/uploads\/2013\/11\/Clafouti3-600x399.jpg\" alt=\"Clafouti3\" width=\"600\" height=\"399\" srcset=\"https:\/\/www.ge-sagt.de\/wp-content\/uploads\/2013\/11\/Clafouti3-450x300.jpg 450w, https:\/\/www.ge-sagt.de\/wp-content\/uploads\/2013\/11\/Clafouti3-600x399.jpg 600w, https:\/\/www.ge-sagt.de\/wp-content\/uploads\/2013\/11\/Clafouti3.jpg 800w\" sizes=\"(max-width: 600px) 100vw, 600px\" \/><\/p>\n<p style=\"text-align: justify;\">Ist das nicht schon ein wunderbares Wort?\u00a0 Clafoutis <div class=\"fusion-fullwidth fullwidth-box fusion-builder-row-1 hundred-percent-fullwidth non-hundred-percent-height-scrolling\" style=\"--awb-border-radius-top-left:0px;--awb-border-radius-top-right:0px;--awb-border-radius-bottom-right:0px;--awb-border-radius-bottom-left:0px;--awb-overflow:visible;--awb-flex-wrap:wrap;\" ><div class=\"fusion-builder-row fusion-row\"><div class=\"fusion-layout-column fusion_builder_column fusion-builder-column-0 fusion_builder_column_1_1 1_1 fusion-one-full fusion-column-first fusion-column-last fusion-column-no-min-height\" style=\"--awb-bg-size:cover;--awb-margin-bottom:0px;\"><div class=\"fusion-column-wrapper fusion-flex-column-wrapper-legacy\">[klafuti] ist ein franz\u00f6sisches Dessert und klingt nicht nur unheimlich lecker sondern schmeckt auch echt gut. Es ist eine Mischung aus Eierkuchen und Auflauf und wird tradionell mit Kirschen gebacken. Das ist auch meine absolute Lieblingsvariante. Das k\u00f6nnte allerdings auch damit zu tun haben, dass Kirschen meine absoluten Lieblingsfr\u00fcchte sind. Jeder Kuchen ist gut, wenn er mit Kirschen ist, jeder Nachtisch und jedes Eis ist phantastisch, wenn darin, darum oder daran Kirschen vorkommen.<br \/>\nMan kann diesen Dessert aber auch mit anderen Fr\u00fcchten machen, Johannisbeeren und Blaubeeren habe ich schon getestet. Aber wie gesagt, mit Kirschen ist es sensationell und ich habe in dieser Variante TK-Kirschen benutzt. Ich habe ja ein faible f\u00fcr einfache Rezepte und Ihr seht es ja an dem Rezept unten: es ist sehr kurz- und damit auch sehr einfach. <img decoding=\"async\" data-attachment-id=\"1041\" data-permalink=\"https:\/\/www.ge-sagt.de\/index.php\/ge-backen-super-dessert-clafoutis\/clafoutis-rezept\/\" data-orig-file=\"https:\/\/www.ge-sagt.de\/wp-content\/uploads\/2013\/11\/clafoutis-rezept.jpg\" data-orig-size=\"319,256\" data-comments-opened=\"1\" data-image-meta=\"{&quot;aperture&quot;:&quot;0&quot;,&quot;credit&quot;:&quot;&quot;,&quot;camera&quot;:&quot;&quot;,&quot;caption&quot;:&quot;&quot;,&quot;created_timestamp&quot;:&quot;0&quot;,&quot;copyright&quot;:&quot;&quot;,&quot;focal_length&quot;:&quot;0&quot;,&quot;iso&quot;:&quot;0&quot;,&quot;shutter_speed&quot;:&quot;0&quot;,&quot;title&quot;:&quot;&quot;}\" data-image-title=\"clafoutis rezept\" data-image-description=\"\" data-image-caption=\"\" data-large-file=\"https:\/\/www.ge-sagt.de\/wp-content\/uploads\/2013\/11\/clafoutis-rezept.jpg\" class=\"aligncenter size-full wp-image-1041\" src=\"http:\/\/www.ge-sagt.de\/wp-content\/uploads\/2013\/11\/clafoutis-rezept.jpg\" alt=\"clafoutis rezept\" width=\"319\" height=\"256\" \/><\/p>\n<p style=\"text-align: justify;\">Daher war es f\u00fcr unser letztes gro\u00dfes Essen ideal, denn man kann dieses Dessert sehr gut vorbereiten und mu\u00df ihn dann nur rechtzeitig in den Ofen schieben. Zun\u00e4chst verr\u00fchrt man die drei Eier mit dem Zucker etwa 2-3 Minuten lang mit dem Mixer und gibt dann nach und nach die anderen Zutaten hinzu. Zum Backen f\u00fcllt man die Masse in die entsprechenden Backformen und verteilt die TK-Kirschen in der Masse. Nun nur noch 25-35 Minuten bei 180 Grad backen.\u00a0 Unser letztes gro\u00dfes Essen&#8230;.klingt vielleicht etwas \u00fcbertrieben. Also wenn ich ehrlich bin haben wir es endlich mal wieder geschafft gute alte Freunde zum Essen einzuladen und dabei tats\u00e4chlich 3 G\u00e4nge anzubieten. Wir hatten uns ewig nicht gesehen, weil uns irgendwie ein Kind dazwischen gekommen ist. Ich h\u00e4tte es fr\u00fcher auch nie geglaubt, aber das Soziallleben gind bei uns mit dem Kind schon irgendwie den Bach runter. Jetzt ist unser s\u00fc\u00dfes kleines Gl\u00fcck 2 Jahre und wir kommen wieder zur\u00fcck. Juhuu! Ich hoffe sehr, dass wir es jetzt wieder \u00f6fter schaffen lange gesellige Abende mit Freunden zu verbringen und dabei zu schlemmen und zu genie\u00dfen. Die anderen beiden G\u00e4nge werde ich Euch bei Gelegenheit dann auch noch mal vorstellen. Aber das Dessert ist schon mal sehr gut angekommen. Was findet Ihr eigentlich sch\u00f6ner, das oder der Dessert? Ich schwanke noch. Auf jeden Fall ist ein Super Dessert Clafoutis!<\/p>\n<p style=\"text-align: justify;\"><img decoding=\"async\" data-attachment-id=\"1038\" data-permalink=\"https:\/\/www.ge-sagt.de\/index.php\/ge-backen-super-dessert-clafoutis\/clafouti2\/\" data-orig-file=\"https:\/\/www.ge-sagt.de\/wp-content\/uploads\/2013\/11\/Clafouti2.jpg\" data-orig-size=\"800,533\" data-comments-opened=\"1\" data-image-meta=\"{&quot;aperture&quot;:&quot;2.5&quot;,&quot;credit&quot;:&quot;&quot;,&quot;camera&quot;:&quot;Canon EOS 1000D&quot;,&quot;caption&quot;:&quot;&quot;,&quot;created_timestamp&quot;:&quot;1382220286&quot;,&quot;copyright&quot;:&quot;&quot;,&quot;focal_length&quot;:&quot;50&quot;,&quot;iso&quot;:&quot;200&quot;,&quot;shutter_speed&quot;:&quot;0.0125&quot;,&quot;title&quot;:&quot;&quot;}\" data-image-title=\"Clafouti2\" data-image-description=\"\" data-image-caption=\"\" data-large-file=\"https:\/\/www.ge-sagt.de\/wp-content\/uploads\/2013\/11\/Clafouti2.jpg\" class=\"aligncenter wp-image-1038 size-medium\" src=\"http:\/\/www.ge-sagt.de\/wp-content\/uploads\/2013\/11\/Clafouti2-600x399.jpg\" alt=\"Clafouti2\" width=\"600\" height=\"399\" srcset=\"https:\/\/www.ge-sagt.de\/wp-content\/uploads\/2013\/11\/Clafouti2-450x300.jpg 450w, https:\/\/www.ge-sagt.de\/wp-content\/uploads\/2013\/11\/Clafouti2-600x399.jpg 600w, https:\/\/www.ge-sagt.de\/wp-content\/uploads\/2013\/11\/Clafouti2.jpg 800w\" sizes=\"(max-width: 600px) 100vw, 600px\" \/><\/p>\n<p>&nbsp;<\/p>\n<p>Liebt Ihr es auch, f\u00fcr Freunde zu kochen und dann gemeinsam zu genie\u00dfen?<br \/>\nUnd, wann habt Ihr es das letzte Mal geschafft?<br \/>\nLiebe Gr\u00fc\u00dfe,<\/p>\n<p>Gesa<div class=\"fusion-clearfix\"><\/div><\/div><\/div><\/div><\/div><\/p>\n","protected":false},"excerpt":{"rendered":"<p>Ist das nicht schon ein wunderbares Wort?\u00a0 Clafoutis<\/p>\n","protected":false},"author":2,"featured_media":1040,"comment_status":"open","ping_status":"open","sticky":false,"template":"","format":"standard","meta":{"jetpack_post_was_ever_published":false,"_jetpack_newsletter_access":"","_jetpack_dont_email_post_to_subs":true,"_jetpack_newsletter_tier_id":0,"_jetpack_memberships_contains_paywalled_content":false,"_jetpack_memberships_contains_paid_content":false,"footnotes":"","jetpack_publicize_message":"","jetpack_publicize_feature_enabled":true,"jetpack_social_post_already_shared":true,"jetpack_social_options":{"image_generator_settings":{"template":"highway","default_image_id":0,"font":"","enabled":false},"version":2}},"categories":[1,17],"tags":[175,193,101,48],"class_list":["post-1033","post","type-post","status-publish","format-standard","has-post-thumbnail","hentry","category-allgemein","category-ge-backen","tag-dessert","tag-eier","tag-freunde","tag-kirschen"],"yoast_head":"<!-- This site is optimized with the Yoast SEO plugin v27.5 - https:\/\/yoast.com\/product\/yoast-seo-wordpress\/ -->\n<title>Super Dessert Clafoutis<\/title>\n<meta name=\"description\" content=\"In meiner Rubrik Ge-backen findet ihr ein Rezept f\u00fcr das Super Dessert Clafoutis mit Kirschen\" \/>\n<meta name=\"robots\" content=\"index, follow, max-snippet:-1, max-image-preview:large, max-video-preview:-1\" \/>\n<link rel=\"canonical\" href=\"https:\/\/www.ge-sagt.de\/index.php\/ge-backen-super-dessert-clafoutis\/\" \/>\n<meta property=\"og:locale\" content=\"de_DE\" \/>\n<meta property=\"og:type\" content=\"article\" \/>\n<meta property=\"og:title\" content=\"Super Dessert Clafoutis\" \/>\n<meta property=\"og:description\" content=\"In meiner Rubrik Ge-backen findet ihr ein Rezept f\u00fcr das Super Dessert Clafoutis mit Kirschen\" \/>\n<meta property=\"og:url\" content=\"https:\/\/www.ge-sagt.de\/index.php\/ge-backen-super-dessert-clafoutis\/\" \/>\n<meta property=\"og:site_name\" content=\"ge-sagt.de\" \/>\n<meta property=\"article:published_time\" content=\"2013-11-04T20:06:56+00:00\" \/>\n<meta property=\"article:modified_time\" content=\"2016-10-25T12:06:26+00:00\" \/>\n<meta property=\"og:image\" content=\"https:\/\/www.ge-sagt.de\/wp-content\/uploads\/2013\/11\/Clafouti4.jpg\" \/>\n\t<meta property=\"og:image:width\" content=\"800\" \/>\n\t<meta property=\"og:image:height\" content=\"752\" \/>\n\t<meta property=\"og:image:type\" content=\"image\/jpeg\" \/>\n<meta name=\"author\" content=\"Gesa\" \/>\n<meta name=\"twitter:label1\" content=\"Verfasst von\" \/>\n\t<meta name=\"twitter:data1\" content=\"Gesa\" \/>\n\t<meta name=\"twitter:label2\" content=\"Gesch\u00e4tzte Lesezeit\" \/>\n\t<meta name=\"twitter:data2\" content=\"2\u00a0Minuten\" \/>\n<script type=\"application\/ld+json\" class=\"yoast-schema-graph\">{\"@context\":\"https:\\\/\\\/schema.org\",\"@graph\":[{\"@type\":\"Article\",\"@id\":\"https:\\\/\\\/www.ge-sagt.de\\\/index.php\\\/ge-backen-super-dessert-clafoutis\\\/#article\",\"isPartOf\":{\"@id\":\"https:\\\/\\\/www.ge-sagt.de\\\/index.php\\\/ge-backen-super-dessert-clafoutis\\\/\"},\"author\":{\"name\":\"Gesa\",\"@id\":\"https:\\\/\\\/www.ge-sagt.de\\\/#\\\/schema\\\/person\\\/f6ec6da1209901fb058ae74d414f295d\"},\"headline\":\"Ge-backen: Super Dessert Clafoutis\",\"datePublished\":\"2013-11-04T20:06:56+00:00\",\"dateModified\":\"2016-10-25T12:06:26+00:00\",\"mainEntityOfPage\":{\"@id\":\"https:\\\/\\\/www.ge-sagt.de\\\/index.php\\\/ge-backen-super-dessert-clafoutis\\\/\"},\"wordCount\":488,\"commentCount\":6,\"image\":{\"@id\":\"https:\\\/\\\/www.ge-sagt.de\\\/index.php\\\/ge-backen-super-dessert-clafoutis\\\/#primaryimage\"},\"thumbnailUrl\":\"https:\\\/\\\/www.ge-sagt.de\\\/wp-content\\\/uploads\\\/2013\\\/11\\\/Clafouti4.jpg\",\"keywords\":[\"Dessert\",\"Eier\",\"Freunde\",\"Kirschen\"],\"articleSection\":{\"1\":\"Ge-backen\"},\"inLanguage\":\"de\",\"potentialAction\":[{\"@type\":\"CommentAction\",\"name\":\"Comment\",\"target\":[\"https:\\\/\\\/www.ge-sagt.de\\\/index.php\\\/ge-backen-super-dessert-clafoutis\\\/#respond\"]}]},{\"@type\":\"WebPage\",\"@id\":\"https:\\\/\\\/www.ge-sagt.de\\\/index.php\\\/ge-backen-super-dessert-clafoutis\\\/\",\"url\":\"https:\\\/\\\/www.ge-sagt.de\\\/index.php\\\/ge-backen-super-dessert-clafoutis\\\/\",\"name\":\"Super Dessert Clafoutis\",\"isPartOf\":{\"@id\":\"https:\\\/\\\/www.ge-sagt.de\\\/#website\"},\"primaryImageOfPage\":{\"@id\":\"https:\\\/\\\/www.ge-sagt.de\\\/index.php\\\/ge-backen-super-dessert-clafoutis\\\/#primaryimage\"},\"image\":{\"@id\":\"https:\\\/\\\/www.ge-sagt.de\\\/index.php\\\/ge-backen-super-dessert-clafoutis\\\/#primaryimage\"},\"thumbnailUrl\":\"https:\\\/\\\/www.ge-sagt.de\\\/wp-content\\\/uploads\\\/2013\\\/11\\\/Clafouti4.jpg\",\"datePublished\":\"2013-11-04T20:06:56+00:00\",\"dateModified\":\"2016-10-25T12:06:26+00:00\",\"author\":{\"@id\":\"https:\\\/\\\/www.ge-sagt.de\\\/#\\\/schema\\\/person\\\/f6ec6da1209901fb058ae74d414f295d\"},\"description\":\"In meiner Rubrik Ge-backen findet ihr ein Rezept f\u00fcr das Super Dessert Clafoutis mit Kirschen\",\"breadcrumb\":{\"@id\":\"https:\\\/\\\/www.ge-sagt.de\\\/index.php\\\/ge-backen-super-dessert-clafoutis\\\/#breadcrumb\"},\"inLanguage\":\"de\",\"potentialAction\":[{\"@type\":\"ReadAction\",\"target\":[\"https:\\\/\\\/www.ge-sagt.de\\\/index.php\\\/ge-backen-super-dessert-clafoutis\\\/\"]}]},{\"@type\":\"ImageObject\",\"inLanguage\":\"de\",\"@id\":\"https:\\\/\\\/www.ge-sagt.de\\\/index.php\\\/ge-backen-super-dessert-clafoutis\\\/#primaryimage\",\"url\":\"https:\\\/\\\/www.ge-sagt.de\\\/wp-content\\\/uploads\\\/2013\\\/11\\\/Clafouti4.jpg\",\"contentUrl\":\"https:\\\/\\\/www.ge-sagt.de\\\/wp-content\\\/uploads\\\/2013\\\/11\\\/Clafouti4.jpg\",\"width\":800,\"height\":752},{\"@type\":\"BreadcrumbList\",\"@id\":\"https:\\\/\\\/www.ge-sagt.de\\\/index.php\\\/ge-backen-super-dessert-clafoutis\\\/#breadcrumb\",\"itemListElement\":[{\"@type\":\"ListItem\",\"position\":1,\"name\":\"Home\",\"item\":\"https:\\\/\\\/www.ge-sagt.de\\\/\"},{\"@type\":\"ListItem\",\"position\":2,\"name\":\"Ge-backen: Super Dessert Clafoutis\"}]},{\"@type\":\"WebSite\",\"@id\":\"https:\\\/\\\/www.ge-sagt.de\\\/#website\",\"url\":\"https:\\\/\\\/www.ge-sagt.de\\\/\",\"name\":\"ge-sagt.de\",\"description\":\"Gesa denkt, sagt und tut auf diesem Blog\",\"potentialAction\":[{\"@type\":\"SearchAction\",\"target\":{\"@type\":\"EntryPoint\",\"urlTemplate\":\"https:\\\/\\\/www.ge-sagt.de\\\/?s={search_term_string}\"},\"query-input\":{\"@type\":\"PropertyValueSpecification\",\"valueRequired\":true,\"valueName\":\"search_term_string\"}}],\"inLanguage\":\"de\"},{\"@type\":\"Person\",\"@id\":\"https:\\\/\\\/www.ge-sagt.de\\\/#\\\/schema\\\/person\\\/f6ec6da1209901fb058ae74d414f295d\",\"name\":\"Gesa\",\"image\":{\"@type\":\"ImageObject\",\"inLanguage\":\"de\",\"@id\":\"https:\\\/\\\/secure.gravatar.com\\\/avatar\\\/b2210b745bd73a1286fa46a53ee66332ba91d4de884ca4cdeaa854740a7b03a0?s=96&d=mm&r=g\",\"url\":\"https:\\\/\\\/secure.gravatar.com\\\/avatar\\\/b2210b745bd73a1286fa46a53ee66332ba91d4de884ca4cdeaa854740a7b03a0?s=96&d=mm&r=g\",\"contentUrl\":\"https:\\\/\\\/secure.gravatar.com\\\/avatar\\\/b2210b745bd73a1286fa46a53ee66332ba91d4de884ca4cdeaa854740a7b03a0?s=96&d=mm&r=g\",\"caption\":\"Gesa\"},\"url\":\"https:\\\/\\\/www.ge-sagt.de\\\/index.php\\\/author\\\/gesa\\\/\"}]}<\/script>\n<!-- \/ Yoast SEO plugin. -->","yoast_head_json":{"title":"Super Dessert Clafoutis","description":"In meiner Rubrik Ge-backen findet ihr ein Rezept f\u00fcr das Super Dessert Clafoutis mit Kirschen","robots":{"index":"index","follow":"follow","max-snippet":"max-snippet:-1","max-image-preview":"max-image-preview:large","max-video-preview":"max-video-preview:-1"},"canonical":"https:\/\/www.ge-sagt.de\/index.php\/ge-backen-super-dessert-clafoutis\/","og_locale":"de_DE","og_type":"article","og_title":"Super Dessert Clafoutis","og_description":"In meiner Rubrik Ge-backen findet ihr ein Rezept f\u00fcr das Super Dessert Clafoutis mit Kirschen","og_url":"https:\/\/www.ge-sagt.de\/index.php\/ge-backen-super-dessert-clafoutis\/","og_site_name":"ge-sagt.de","article_published_time":"2013-11-04T20:06:56+00:00","article_modified_time":"2016-10-25T12:06:26+00:00","og_image":[{"width":800,"height":752,"url":"https:\/\/www.ge-sagt.de\/wp-content\/uploads\/2013\/11\/Clafouti4.jpg","type":"image\/jpeg"}],"author":"Gesa","twitter_misc":{"Verfasst von":"Gesa","Gesch\u00e4tzte Lesezeit":"2\u00a0Minuten"},"schema":{"@context":"https:\/\/schema.org","@graph":[{"@type":"Article","@id":"https:\/\/www.ge-sagt.de\/index.php\/ge-backen-super-dessert-clafoutis\/#article","isPartOf":{"@id":"https:\/\/www.ge-sagt.de\/index.php\/ge-backen-super-dessert-clafoutis\/"},"author":{"name":"Gesa","@id":"https:\/\/www.ge-sagt.de\/#\/schema\/person\/f6ec6da1209901fb058ae74d414f295d"},"headline":"Ge-backen: Super Dessert Clafoutis","datePublished":"2013-11-04T20:06:56+00:00","dateModified":"2016-10-25T12:06:26+00:00","mainEntityOfPage":{"@id":"https:\/\/www.ge-sagt.de\/index.php\/ge-backen-super-dessert-clafoutis\/"},"wordCount":488,"commentCount":6,"image":{"@id":"https:\/\/www.ge-sagt.de\/index.php\/ge-backen-super-dessert-clafoutis\/#primaryimage"},"thumbnailUrl":"https:\/\/www.ge-sagt.de\/wp-content\/uploads\/2013\/11\/Clafouti4.jpg","keywords":["Dessert","Eier","Freunde","Kirschen"],"articleSection":{"1":"Ge-backen"},"inLanguage":"de","potentialAction":[{"@type":"CommentAction","name":"Comment","target":["https:\/\/www.ge-sagt.de\/index.php\/ge-backen-super-dessert-clafoutis\/#respond"]}]},{"@type":"WebPage","@id":"https:\/\/www.ge-sagt.de\/index.php\/ge-backen-super-dessert-clafoutis\/","url":"https:\/\/www.ge-sagt.de\/index.php\/ge-backen-super-dessert-clafoutis\/","name":"Super Dessert Clafoutis","isPartOf":{"@id":"https:\/\/www.ge-sagt.de\/#website"},"primaryImageOfPage":{"@id":"https:\/\/www.ge-sagt.de\/index.php\/ge-backen-super-dessert-clafoutis\/#primaryimage"},"image":{"@id":"https:\/\/www.ge-sagt.de\/index.php\/ge-backen-super-dessert-clafoutis\/#primaryimage"},"thumbnailUrl":"https:\/\/www.ge-sagt.de\/wp-content\/uploads\/2013\/11\/Clafouti4.jpg","datePublished":"2013-11-04T20:06:56+00:00","dateModified":"2016-10-25T12:06:26+00:00","author":{"@id":"https:\/\/www.ge-sagt.de\/#\/schema\/person\/f6ec6da1209901fb058ae74d414f295d"},"description":"In meiner Rubrik Ge-backen findet ihr ein Rezept f\u00fcr das Super Dessert Clafoutis mit Kirschen","breadcrumb":{"@id":"https:\/\/www.ge-sagt.de\/index.php\/ge-backen-super-dessert-clafoutis\/#breadcrumb"},"inLanguage":"de","potentialAction":[{"@type":"ReadAction","target":["https:\/\/www.ge-sagt.de\/index.php\/ge-backen-super-dessert-clafoutis\/"]}]},{"@type":"ImageObject","inLanguage":"de","@id":"https:\/\/www.ge-sagt.de\/index.php\/ge-backen-super-dessert-clafoutis\/#primaryimage","url":"https:\/\/www.ge-sagt.de\/wp-content\/uploads\/2013\/11\/Clafouti4.jpg","contentUrl":"https:\/\/www.ge-sagt.de\/wp-content\/uploads\/2013\/11\/Clafouti4.jpg","width":800,"height":752},{"@type":"BreadcrumbList","@id":"https:\/\/www.ge-sagt.de\/index.php\/ge-backen-super-dessert-clafoutis\/#breadcrumb","itemListElement":[{"@type":"ListItem","position":1,"name":"Home","item":"https:\/\/www.ge-sagt.de\/"},{"@type":"ListItem","position":2,"name":"Ge-backen: Super Dessert Clafoutis"}]},{"@type":"WebSite","@id":"https:\/\/www.ge-sagt.de\/#website","url":"https:\/\/www.ge-sagt.de\/","name":"ge-sagt.de","description":"Gesa denkt, sagt und tut auf diesem Blog","potentialAction":[{"@type":"SearchAction","target":{"@type":"EntryPoint","urlTemplate":"https:\/\/www.ge-sagt.de\/?s={search_term_string}"},"query-input":{"@type":"PropertyValueSpecification","valueRequired":true,"valueName":"search_term_string"}}],"inLanguage":"de"},{"@type":"Person","@id":"https:\/\/www.ge-sagt.de\/#\/schema\/person\/f6ec6da1209901fb058ae74d414f295d","name":"Gesa","image":{"@type":"ImageObject","inLanguage":"de","@id":"https:\/\/secure.gravatar.com\/avatar\/b2210b745bd73a1286fa46a53ee66332ba91d4de884ca4cdeaa854740a7b03a0?s=96&d=mm&r=g","url":"https:\/\/secure.gravatar.com\/avatar\/b2210b745bd73a1286fa46a53ee66332ba91d4de884ca4cdeaa854740a7b03a0?s=96&d=mm&r=g","contentUrl":"https:\/\/secure.gravatar.com\/avatar\/b2210b745bd73a1286fa46a53ee66332ba91d4de884ca4cdeaa854740a7b03a0?s=96&d=mm&r=g","caption":"Gesa"},"url":"https:\/\/www.ge-sagt.de\/index.php\/author\/gesa\/"}]}},"jetpack_publicize_connections":[],"jetpack_featured_media_url":"https:\/\/www.ge-sagt.de\/wp-content\/uploads\/2013\/11\/Clafouti4.jpg","jetpack_shortlink":"https:\/\/wp.me\/p3aAW4-gF","jetpack_sharing_enabled":true,"_links":{"self":[{"href":"https:\/\/www.ge-sagt.de\/index.php\/wp-json\/wp\/v2\/posts\/1033","targetHints":{"allow":["GET"]}}],"collection":[{"href":"https:\/\/www.ge-sagt.de\/index.php\/wp-json\/wp\/v2\/posts"}],"about":[{"href":"https:\/\/www.ge-sagt.de\/index.php\/wp-json\/wp\/v2\/types\/post"}],"author":[{"embeddable":true,"href":"https:\/\/www.ge-sagt.de\/index.php\/wp-json\/wp\/v2\/users\/2"}],"replies":[{"embeddable":true,"href":"https:\/\/www.ge-sagt.de\/index.php\/wp-json\/wp\/v2\/comments?post=1033"}],"version-history":[{"count":11,"href":"https:\/\/www.ge-sagt.de\/index.php\/wp-json\/wp\/v2\/posts\/1033\/revisions"}],"predecessor-version":[{"id":2404,"href":"https:\/\/www.ge-sagt.de\/index.php\/wp-json\/wp\/v2\/posts\/1033\/revisions\/2404"}],"wp:featuredmedia":[{"embeddable":true,"href":"https:\/\/www.ge-sagt.de\/index.php\/wp-json\/wp\/v2\/media\/1040"}],"wp:attachment":[{"href":"https:\/\/www.ge-sagt.de\/index.php\/wp-json\/wp\/v2\/media?parent=1033"}],"wp:term":[{"taxonomy":"category","embeddable":true,"href":"https:\/\/www.ge-sagt.de\/index.php\/wp-json\/wp\/v2\/categories?post=1033"},{"taxonomy":"post_tag","embeddable":true,"href":"https:\/\/www.ge-sagt.de\/index.php\/wp-json\/wp\/v2\/tags?post=1033"}],"curies":[{"name":"wp","href":"https:\/\/api.w.org\/{rel}","templated":true}]}}